{"id":8992,"date":"2025-04-28T10:15:57","date_gmt":"2025-04-28T09:15:57","guid":{"rendered":"https:\/\/www.bunkrpraslavice.cz\/?p=8992"},"modified":"2025-04-28T10:17:01","modified_gmt":"2025-04-28T09:17:01","slug":"z-bileho-kamene-rovnou-do-bunkru","status":"publish","type":"post","link":"https:\/\/www.bunkrpraslavice.cz\/en\/z-bileho-kamene-rovnou-do-bunkru\/","title":{"rendered":"Z B\u00edl\u00e9ho kamene rovnou do bunkru"},"content":{"rendered":"<p>[et_pb_section fb_built=&#8221;1&#8243; _builder_version=&#8221;4.22.2&#8243; _module_preset=&#8221;default&#8221; global_colors_info=&#8221;{}&#8221; theme_builder_area=&#8221;et_body_layout&#8221;][et_pb_row column_structure=&#8221;1_2,1_2&#8243; _builder_version=&#8221;4.23.1&#8243; _module_preset=&#8221;default&#8221; global_colors_info=&#8221;{}&#8221; theme_builder_area=&#8221;et_body_layout&#8221;][et_pb_column type=&#8221;1_2&#8243; _builder_version=&#8221;4.22.2&#8243; _module_preset=&#8221;default&#8221; global_colors_info=&#8221;{}&#8221; theme_builder_area=&#8221;et_body_layout&#8221;][et_pb_image src=&#8221;https:\/\/www.bunkrpraslavice.cz\/wp-content\/uploads\/2025\/04\/DSCF1207_n_1-scaled-1.jpg&#8221; alt=&#8221;Dny evropsk\u00e9ho d\u011bdictv\u00ed&#8221; title_text=&#8221;DSCF1207_n_1-scaled&#8221; _builder_version=&#8221;4.27.4&#8243; _module_preset=&#8221;default&#8221; hover_enabled=&#8221;0&#8243; global_colors_info=&#8221;{}&#8221; theme_builder_area=&#8221;et_body_layout&#8221; sticky_enabled=&#8221;0&#8243;][\/et_pb_image][et_pb_image src=&#8221;https:\/\/www.bunkrpraslavice.cz\/wp-content\/uploads\/2025\/04\/DSCF1141_n.jpg&#8221; alt=&#8221;Noc v\u011bdc\u016f v bunkru P\u0159\u00e1slavice&#8221; title_text=&#8221;DSCF1141_n&#8221; _builder_version=&#8221;4.27.4&#8243; _module_preset=&#8221;default&#8221; hover_enabled=&#8221;0&#8243; global_colors_info=&#8221;{}&#8221; theme_builder_area=&#8221;et_body_layout&#8221; sticky_enabled=&#8221;0&#8243;][\/et_pb_image][et_pb_image src=&#8221;https:\/\/www.bunkrpraslavice.cz\/wp-content\/uploads\/2025\/04\/DSCF1101_n-scaled-1.jpg&#8221; alt=&#8221;Noc v\u011bdc\u016f v bunkru P\u0159\u00e1slavice&#8221; title_text=&#8221;DSCF1101_n-scaled&#8221; _builder_version=&#8221;4.27.4&#8243; _module_preset=&#8221;default&#8221; hover_enabled=&#8221;0&#8243; global_colors_info=&#8221;{}&#8221; theme_builder_area=&#8221;et_body_layout&#8221; sticky_enabled=&#8221;0&#8243;][\/et_pb_image][\/et_pb_column][et_pb_column type=&#8221;1_2&#8243; _builder_version=&#8221;4.22.2&#8243; _module_preset=&#8221;default&#8221; global_colors_info=&#8221;{}&#8221; theme_builder_area=&#8221;et_body_layout&#8221;][et_pb_text _builder_version=&#8221;4.27.0&#8243; _module_preset=&#8221;default&#8221; custom_padding=&#8221;26px||9px|||&#8221; global_colors_info=&#8221;{}&#8221; theme_builder_area=&#8221;et_body_layout&#8221;]<\/p>\n<div class=\"x11i5rnm xat24cr x1mh8g0r x1vvkbs xtlvy1s\"><\/div>\n<div class=\"x11i5rnm xat24cr x1mh8g0r x1vvkbs xtlvy1s\">\n<div class=\"xdj266r x11i5rnm xat24cr x1mh8g0r x1vvkbs\">\n<div class=\"xdj266r x11i5rnm xat24cr x1mh8g0r x1vvkbs\"><span data-offset-key=\"pb96-0-0\" style=\"font-size: 14px;\"><\/span><\/div>\n<div class=\"xdj266r x11i5rnm xat24cr x1mh8g0r x1vvkbs\">\n<div class=\"\" data-block=\"true\" data-editor=\"7o1r2\" data-offset-key=\"306of-0-0\">\n<div data-offset-key=\"306of-0-0\" class=\"_1mf _1mj\"><span style=\"font-size: 14px;\"><\/span><\/div>\n<div data-offset-key=\"306of-0-0\" class=\"_1mf _1mj\"><em><strong><span style=\"font-size: 14px;\"><\/span><\/strong><\/em><\/div>\n<div data-offset-key=\"306of-0-0\" class=\"_1mf _1mj\"><em><strong><span style=\"font-size: 14px;\"><\/span><\/strong><\/em><\/div>\n<div data-offset-key=\"306of-0-0\" class=\"_1mf _1mj\"><em><strong><span style=\"font-size: 14px;\"><\/span><\/strong><\/em><\/div>\n<div data-offset-key=\"306of-0-0\" class=\"_1mf _1mj\">\n<p>Zveme V\u00e1s na prohl\u00eddku bunkru P\u0159\u00e1slavice b\u011bhem <strong>st\u00e1tn\u00edho sv\u00e1tku 1.kv\u011btna<\/strong>.<\/p>\n<p>Odsko\u010dte si na prohl\u00eddku bunkru v r\u00e1mci akce <a href=\"https:\/\/bilykamen-libava.cz\/\" target=\"_blank\" rel=\"noopener\"><strong>B\u00edl\u00fd k\u00e1men<\/strong><\/a>, kter\u00e1 se tradi\u010dn\u011b a ka\u017edoro\u010dn\u011b kon\u00e1 ve vojensk\u00e9m prostoru Libav\u00e1 pr\u00e1v\u011b v prvn\u00ed m\u00e1jov\u00fd den. V nab\u00eddce m\u00e1me <strong>odpoledn\u00ed komentovanou VIP roz\u0161\u00ed\u0159enou prohl\u00eddku pro fajn\u0161mekry.<\/strong> Potrv\u00e1 120 minut a za\u010d\u00edn\u00e1me v 15:00.<\/p>\n<p>Kola, p\u0159\u00edpadn\u011b\u00a0 voz\u00edtka pro d\u011bti \u010di \u010dty\u0159noh\u00e9 mazl\u00edky si u n\u00e1s b\u011bhem prohl\u00eddky m\u016f\u017eete <strong>bezpe\u010dn\u011b uschovat<\/strong>.<\/p>\n<p>Na fotografi\u00edch jsou z\u00e1b\u011bry z lo\u0148sk\u00e9ho ro\u010dn\u00edku. Po\u010das\u00ed snad bude p\u0159\u00e1t stejn\u011b jako p\u0159ed rokem a u\u017eijete(me) si v\u0161ichni par\u00e1dn\u00ed den pln\u00fd historick\u00fdch objekt\u016f, pam\u00e1tek, p\u0159\u00edrody i najet\u00fdch \u010di od\u0161lapan\u00fdch kilometr\u016f.<\/p>\n<p><span style=\"font-size: 14px;\">T\u011b\u0161\u00edme se na Va\u0161i hojnou \u00fa\u010dast. My z bunkru \u2764\ufe0f<\/span><\/p>\n<p>Vstupenky si, pros\u00edm, zakupte p\u0159edem<a href=\"https:\/\/rezervace.bunkrpraslavice.cz\/\"><strong> ZDE<\/strong><\/a>.<\/p>\n<p>&nbsp;<\/p>\n<\/div>\n<\/div>\n<\/div>\n<div class=\"x11i5rnm xat24cr x1mh8g0r x1vvkbs xtlvy1s\"><\/div>\n<div class=\"x11i5rnm xat24cr x1mh8g0r x1vvkbs xtlvy1s\"><\/div>\n<\/div>\n<\/div>\n<div class=\"x11i5rnm xat24cr x1mh8g0r x1vvkbs xtlvy1s\"><b><\/b><\/div>\n<div class=\"x11i5rnm xat24cr x1mh8g0r x1vvkbs xtlvy1s\"><b><\/b><\/div>\n<blockquote><\/blockquote>\n<div class=\"x11i5rnm xat24cr x1mh8g0r x1vvkbs xtlvy1s\"><span style=\"font-size: 14px;\"><\/span><\/div>\n<div class=\"x11i5rnm xat24cr x1mh8g0r x1vvkbs xtlvy1s\"><span style=\"font-size: 14px;\"><\/span><\/div>\n<div class=\"x11i5rnm xat24cr x1mh8g0r x1vvkbs xtlvy1s\"><span style=\"font-size: 14px;\"><\/span><\/div>\n<div class=\"x11i5rnm xat24cr x1mh8g0r x1vvkbs xtlvy1s\"><span style=\"font-size: 14px;\"><\/span><\/div>\n<p>[\/et_pb_text][\/et_pb_column][\/et_pb_row][\/et_pb_section]<\/p>\n","protected":false},"excerpt":{"rendered":"<p>Zveme V\u00e1s na prohl\u00eddku bunkru P\u0159\u00e1slavice b\u011bhem st\u00e1tn\u00edho sv\u00e1tku 1.kv\u011btna. Odsko\u010dte si na prohl\u00eddku bunkru v r\u00e1mci akce B\u00edl\u00fd k\u00e1men, kter\u00e1 se tradi\u010dn\u011b a ka\u017edoro\u010dn\u011b kon\u00e1 ve vojensk\u00e9m prostoru Libav\u00e1 pr\u00e1v\u011b v prvn\u00ed m\u00e1jov\u00fd den. V nab\u00eddce m\u00e1me odpoledn\u00ed komentovanou VIP roz\u0161\u00ed\u0159enou prohl\u00eddku pro fajn\u0161mekry. Potrv\u00e1 120 minut a za\u010d\u00edn\u00e1me v 15:00. Kola, p\u0159\u00edpadn\u011b\u00a0 voz\u00edtka [&hellip;]<\/p>\n","protected":false},"author":3,"featured_media":9001,"comment_status":"closed","ping_status":"closed","sticky":false,"template":"","format":"standard","meta":{"_et_pb_use_builder":"on","_et_pb_old_content":"","_et_gb_content_width":"","footnotes":""},"categories":[1],"tags":[],"class_list":["post-8992","post","type-post","status-publish","format-standard","has-post-thumbnail","hentry","category-uncategorized-cs"],"_links":{"self":[{"href":"https:\/\/www.bunkrpraslavice.cz\/en\/wp-json\/wp\/v2\/posts\/8992","targetHints":{"allow":["GET"]}}],"collection":[{"href":"https:\/\/www.bunkrpraslavice.cz\/en\/wp-json\/wp\/v2\/posts"}],"about":[{"href":"https:\/\/www.bunkrpraslavice.cz\/en\/wp-json\/wp\/v2\/types\/post"}],"author":[{"embeddable":true,"href":"https:\/\/www.bunkrpraslavice.cz\/en\/wp-json\/wp\/v2\/users\/3"}],"replies":[{"embeddable":true,"href":"https:\/\/www.bunkrpraslavice.cz\/en\/wp-json\/wp\/v2\/comments?post=8992"}],"version-history":[{"count":0,"href":"https:\/\/www.bunkrpraslavice.cz\/en\/wp-json\/wp\/v2\/posts\/8992\/revisions"}],"wp:featuredmedia":[{"embeddable":true,"href":"https:\/\/www.bunkrpraslavice.cz\/en\/wp-json\/wp\/v2\/media\/9001"}],"wp:attachment":[{"href":"https:\/\/www.bunkrpraslavice.cz\/en\/wp-json\/wp\/v2\/media?parent=8992"}],"wp:term":[{"taxonomy":"category","embeddable":true,"href":"https:\/\/www.bunkrpraslavice.cz\/en\/wp-json\/wp\/v2\/categories?post=8992"},{"taxonomy":"post_tag","embeddable":true,"href":"https:\/\/www.bunkrpraslavice.cz\/en\/wp-json\/wp\/v2\/tags?post=8992"}],"curies":[{"name":"wp","href":"https:\/\/api.w.org\/{rel}","templated":true}]}}