{"id":6818,"date":"2025-01-06T14:46:03","date_gmt":"2025-01-06T13:46:03","guid":{"rendered":"https:\/\/www.bunkrpraslavice.cz\/?p=6818"},"modified":"2025-01-06T14:46:04","modified_gmt":"2025-01-06T13:46:04","slug":"prednaska-ve-vedecke-knihovne-v-olomouci","status":"publish","type":"post","link":"https:\/\/www.bunkrpraslavice.cz\/en\/prednaska-ve-vedecke-knihovne-v-olomouci\/","title":{"rendered":"P\u0159edn\u00e1\u0161ka ve V\u011bdeck\u00e9 knihovn\u011b v Olomouci"},"content":{"rendered":"<p>[et_pb_section fb_built=&#8221;1&#8243; _builder_version=&#8221;4.22.2&#8243; _module_preset=&#8221;default&#8221; global_colors_info=&#8221;{}&#8221; theme_builder_area=&#8221;et_body_layout&#8221;][et_pb_row column_structure=&#8221;1_2,1_2&#8243; _builder_version=&#8221;4.23.1&#8243; _module_preset=&#8221;default&#8221; global_colors_info=&#8221;{}&#8221; theme_builder_area=&#8221;et_body_layout&#8221;][et_pb_column type=&#8221;1_2&#8243; _builder_version=&#8221;4.22.2&#8243; _module_preset=&#8221;default&#8221; global_colors_info=&#8221;{}&#8221; theme_builder_area=&#8221;et_body_layout&#8221;][et_pb_image src=&#8221;https:\/\/www.bunkrpraslavice.cz\/wp-content\/uploads\/2025\/01\/VKOL_Odtajneny-bunkr-scaled.jpg&#8221; alt=&#8221;Odtajn\u011bn\u00fd bunkr P\u0159\u00e1slavice a jeho prom\u011bna&#8221; title_text=&#8221;VKOL_Odtajn\u011bn\u00fd bunkr&#8221; _builder_version=&#8221;4.27.2&#8243; _module_preset=&#8221;default&#8221; hover_enabled=&#8221;0&#8243; global_colors_info=&#8221;{}&#8221; theme_builder_area=&#8221;et_body_layout&#8221; sticky_enabled=&#8221;0&#8243;][\/et_pb_image][et_pb_image src=&#8221;https:\/\/www.bunkrpraslavice.cz\/wp-content\/uploads\/2025\/01\/sal-v-knihovne-s-lidmi_1.jpg&#8221; alt=&#8221;Noc v\u011bdc\u016f v bunkru P\u0159\u00e1slavice&#8221; title_text=&#8221;s\u00e1l v knihovn\u011b s lidmi_1&#8243; _builder_version=&#8221;4.27.2&#8243; _module_preset=&#8221;default&#8221; hover_enabled=&#8221;0&#8243; global_colors_info=&#8221;{}&#8221; theme_builder_area=&#8221;et_body_layout&#8221; sticky_enabled=&#8221;0&#8243;][\/et_pb_image][et_pb_image src=&#8221;https:\/\/www.bunkrpraslavice.cz\/wp-content\/uploads\/2025\/01\/Obrazek-WhatsApp-2024-12-08-v-18.06.03_9b4e11b4.jpg&#8221; alt=&#8221;Noc v\u011bdc\u016f v bunkru P\u0159\u00e1slavice&#8221; title_text=&#8221;Obr\u00e1zek WhatsApp, 2024-12-08 v 18.06.03_9b4e11b4&#8243; _builder_version=&#8221;4.27.2&#8243; _module_preset=&#8221;default&#8221; hover_enabled=&#8221;0&#8243; global_colors_info=&#8221;{}&#8221; theme_builder_area=&#8221;et_body_layout&#8221; sticky_enabled=&#8221;0&#8243;][\/et_pb_image][\/et_pb_column][et_pb_column type=&#8221;1_2&#8243; _builder_version=&#8221;4.22.2&#8243; _module_preset=&#8221;default&#8221; global_colors_info=&#8221;{}&#8221; theme_builder_area=&#8221;et_body_layout&#8221;][et_pb_text _builder_version=&#8221;4.27.0&#8243; _module_preset=&#8221;default&#8221; custom_padding=&#8221;26px||9px|||&#8221; global_colors_info=&#8221;{}&#8221; theme_builder_area=&#8221;et_body_layout&#8221;]<\/p>\n<div class=\"x11i5rnm xat24cr x1mh8g0r x1vvkbs xtlvy1s\"><\/div>\n<div class=\"x11i5rnm xat24cr x1mh8g0r x1vvkbs xtlvy1s\">\n<div class=\"xdj266r x11i5rnm xat24cr x1mh8g0r x1vvkbs\">\n<div class=\"xdj266r x11i5rnm xat24cr x1mh8g0r x1vvkbs\"><span data-offset-key=\"pb96-0-0\" style=\"font-size: 14px;\"><\/span><\/div>\n<div class=\"xdj266r x11i5rnm xat24cr x1mh8g0r x1vvkbs\">\n<div class=\"\" data-block=\"true\" data-editor=\"7o1r2\" data-offset-key=\"306of-0-0\">\n<div data-offset-key=\"306of-0-0\" class=\"_1mf _1mj\"><span style=\"font-size: 14px;\"><\/span><\/div>\n<div data-offset-key=\"306of-0-0\" class=\"_1mf _1mj\"><\/div>\n<div data-offset-key=\"306of-0-0\" class=\"_1mf _1mj\"><\/div>\n<div data-offset-key=\"306of-0-0\" class=\"_1mf _1mj\"><\/div>\n<div data-offset-key=\"306of-0-0\" class=\"_1mf _1mj\"><\/div>\n<div data-offset-key=\"306of-0-0\" class=\"_1mf _1mj\">Spole\u010dn\u011b s <a href=\"https:\/\/www.vkol.cz\/udalosti-a-akce\/odtajneny-bunkr-praslavice-a-jeho-promeny\" target=\"_blank\" rel=\"noopener\"><strong>V\u011bdeckou knihovnou v Olomouci<\/strong><\/a> po\u0159\u00e1d\u00e1me p\u0159edn\u00e1\u0161ku na t\u00e9ma: <strong>&#8220;Odtajn\u011bn\u00fd bunkr P\u0159\u00e1slavice a jeho prom\u011bna&#8221;<\/strong>.<\/div>\n<div data-offset-key=\"306of-0-0\" class=\"_1mf _1mj\">Rozpout\u00e1n\u00ed studen\u00e9 v\u00e1lky spustilo \u0159adu akc\u00ed, mj. vznikla <strong>Var\u0161avsk\u00e1 smlouva<\/strong>. Zem\u011b, kter\u00e9 byly jej\u00edmi \u010dleny, pracovaly na spole\u010dn\u00e9 obran\u011b a jedn\u00edm z d\u00edl\u010d\u00edch \u010dl\u00e1nk\u016f byla tak\u00e9 <strong>tajn\u00e1 telekomunika\u010dn\u00ed s\u00ed\u0165<\/strong> s n\u00e1zvem MKKM1.<\/div>\n<div data-offset-key=\"306of-0-0\" class=\"_1mf _1mj\"><\/div>\n<div data-offset-key=\"306of-0-0\" class=\"_1mf _1mj\">Pro\u010d byla budov\u00e1na a jak\u00e9 byly jej\u00ed parametry?<\/div>\n<div data-offset-key=\"306of-0-0\" class=\"_1mf _1mj\">Kudy pravd\u011bpodobn\u011b vedla?<\/div>\n<div data-offset-key=\"306of-0-0\" class=\"_1mf _1mj\">Jakou roli m\u011bla p\u0159i jej\u00edm budov\u00e1n\u00ed <strong>\u010ceskoslovensk\u00e1 lidov\u00e1 arm\u00e1da<\/strong>?<\/div>\n<div data-offset-key=\"306of-0-0\" class=\"_1mf _1mj\">Jak do cel\u00e9ho konceptu zapadal bunkr v P\u0159\u00e1slavic\u00edch u Olomouce?<\/div>\n<div data-offset-key=\"306of-0-0\" class=\"_1mf _1mj\">Na p\u0159edn\u00e1\u0161ce V\u00e1m na v\u0161echny ot\u00e1zky odpov\u00edme a tak\u00e9 se dozv\u00edte, jakou <strong>prom\u011bnou p\u0159\u00e1slavick\u00fd bunkr<\/strong> za posledn\u00ed roky pro\u0161el, jak\u00e9 technologie se poda\u0159ilo zachovat a jak vypad\u00e1 bunkr dnes, kdy je otev\u0159en pro ve\u0159ejnost a konaj\u00ed se v n\u011bm pravideln\u00e9 prohl\u00eddky.<\/div>\n<div data-offset-key=\"306of-0-0\" class=\"_1mf _1mj\"><\/div>\n<div data-offset-key=\"306of-0-0\" class=\"_1mf _1mj\"><\/div>\n<div data-offset-key=\"306of-0-0\" class=\"_1mf _1mj\"><\/div>\n<\/div>\n<div class=\"\" data-block=\"true\" data-editor=\"7o1r2\" data-offset-key=\"aug7f-0-0\"><\/div>\n<div class=\"\" data-block=\"true\" data-editor=\"7o1r2\" data-offset-key=\"5i09b-0-0\">\n<div data-offset-key=\"5i09b-0-0\" class=\"_1mf _1mj\"><span data-offset-key=\"5i09b-0-0\">Moc se na V\u00e1s t\u011b\u0161\u00edme v \u00fater\u00fd 21. ledna v 17:00 hodin na vid\u011bnou. <\/span><\/div>\n<div data-offset-key=\"5i09b-0-0\" class=\"_1mf _1mj\"><span data-offset-key=\"5i09b-0-0\">My z bunkru \u2764\ufe0f<\/span><\/div>\n<div data-offset-key=\"5i09b-0-0\" class=\"_1mf _1mj\"><span data-offset-key=\"5i09b-0-0\">Akce je po p\u0159edchoz\u00ed registraci <a href=\"https:\/\/www.vkol.cz\/udalosti-a-akce\/odtajneny-bunkr-praslavice-a-jeho-promeny\" target=\"_blank\" rel=\"noopener\"><strong>ZDE<\/strong><\/a> zdarma.<\/span><\/div>\n<div data-offset-key=\"5i09b-0-0\" class=\"_1mf _1mj\"><span data-offset-key=\"5i09b-0-0\"><\/span><\/div>\n<div data-offset-key=\"5i09b-0-0\" class=\"_1mf _1mj\"><span data-offset-key=\"5i09b-0-0\"><\/span><\/div>\n<div data-offset-key=\"5i09b-0-0\" class=\"_1mf _1mj\"><span data-offset-key=\"5i09b-0-0\"><\/span><\/div>\n<div data-offset-key=\"5i09b-0-0\" class=\"_1mf _1mj\"><span data-offset-key=\"5i09b-0-0\"><\/span><\/div>\n<\/div>\n<\/div>\n<div class=\"x11i5rnm xat24cr x1mh8g0r x1vvkbs xtlvy1s\"><\/div>\n<div class=\"x11i5rnm xat24cr x1mh8g0r x1vvkbs xtlvy1s\"><\/div>\n<\/div>\n<\/div>\n<div class=\"x11i5rnm xat24cr x1mh8g0r x1vvkbs xtlvy1s\"><b><\/b><\/div>\n<div class=\"x11i5rnm xat24cr x1mh8g0r x1vvkbs xtlvy1s\"><b><\/b><\/div>\n<blockquote><\/blockquote>\n<div class=\"x11i5rnm xat24cr x1mh8g0r x1vvkbs xtlvy1s\"><span style=\"font-size: 14px;\"><\/span><\/div>\n<div class=\"x11i5rnm xat24cr x1mh8g0r x1vvkbs xtlvy1s\"><span style=\"font-size: 14px;\"><\/span><\/div>\n<div class=\"x11i5rnm xat24cr x1mh8g0r x1vvkbs xtlvy1s\"><span style=\"font-size: 14px;\"><\/span><\/div>\n<div class=\"x11i5rnm xat24cr x1mh8g0r x1vvkbs xtlvy1s\"><span style=\"font-size: 14px;\"><\/span><\/div>\n<p>[\/et_pb_text][\/et_pb_column][\/et_pb_row][\/et_pb_section]<\/p>\n","protected":false},"excerpt":{"rendered":"<p>Spole\u010dn\u011b s V\u011bdeckou knihovnou v Olomouci po\u0159\u00e1d\u00e1me p\u0159edn\u00e1\u0161ku na t\u00e9ma: &#8220;Odtajn\u011bn\u00fd bunkr P\u0159\u00e1slavice a jeho prom\u011bna&#8221;. Rozpout\u00e1n\u00ed studen\u00e9 v\u00e1lky spustilo \u0159adu akc\u00ed, mj. vznikla Var\u0161avsk\u00e1 smlouva. Zem\u011b, kter\u00e9 byly jej\u00edmi \u010dleny, pracovaly na spole\u010dn\u00e9 obran\u011b a jedn\u00edm z d\u00edl\u010d\u00edch \u010dl\u00e1nk\u016f byla tak\u00e9 tajn\u00e1 telekomunika\u010dn\u00ed s\u00ed\u0165 s n\u00e1zvem MKKM1. Pro\u010d byla budov\u00e1na a jak\u00e9 byly jej\u00ed [&hellip;]<\/p>\n","protected":false},"author":3,"featured_media":6819,"comment_status":"closed","ping_status":"closed","sticky":false,"template":"","format":"standard","meta":{"_et_pb_use_builder":"on","_et_pb_old_content":"","_et_gb_content_width":"","footnotes":""},"categories":[1],"tags":[],"class_list":["post-6818","post","type-post","status-publish","format-standard","has-post-thumbnail","hentry","category-uncategorized-cs"],"_links":{"self":[{"href":"https:\/\/www.bunkrpraslavice.cz\/en\/wp-json\/wp\/v2\/posts\/6818","targetHints":{"allow":["GET"]}}],"collection":[{"href":"https:\/\/www.bunkrpraslavice.cz\/en\/wp-json\/wp\/v2\/posts"}],"about":[{"href":"https:\/\/www.bunkrpraslavice.cz\/en\/wp-json\/wp\/v2\/types\/post"}],"author":[{"embeddable":true,"href":"https:\/\/www.bunkrpraslavice.cz\/en\/wp-json\/wp\/v2\/users\/3"}],"replies":[{"embeddable":true,"href":"https:\/\/www.bunkrpraslavice.cz\/en\/wp-json\/wp\/v2\/comments?post=6818"}],"version-history":[{"count":0,"href":"https:\/\/www.bunkrpraslavice.cz\/en\/wp-json\/wp\/v2\/posts\/6818\/revisions"}],"wp:featuredmedia":[{"embeddable":true,"href":"https:\/\/www.bunkrpraslavice.cz\/en\/wp-json\/wp\/v2\/media\/6819"}],"wp:attachment":[{"href":"https:\/\/www.bunkrpraslavice.cz\/en\/wp-json\/wp\/v2\/media?parent=6818"}],"wp:term":[{"taxonomy":"category","embeddable":true,"href":"https:\/\/www.bunkrpraslavice.cz\/en\/wp-json\/wp\/v2\/categories?post=6818"},{"taxonomy":"post_tag","embeddable":true,"href":"https:\/\/www.bunkrpraslavice.cz\/en\/wp-json\/wp\/v2\/tags?post=6818"}],"curies":[{"name":"wp","href":"https:\/\/api.w.org\/{rel}","templated":true}]}}