{"id":6787,"date":"2024-12-06T12:08:17","date_gmt":"2024-12-06T11:08:17","guid":{"rendered":"https:\/\/www.bunkrpraslavice.cz\/?p=6787"},"modified":"2024-12-06T12:08:33","modified_gmt":"2024-12-06T11:08:33","slug":"peklo-v-bunkru-6-12-2024-od-1900","status":"publish","type":"post","link":"https:\/\/www.bunkrpraslavice.cz\/en\/peklo-v-bunkru-6-12-2024-od-1900\/","title":{"rendered":"Peklo v bunkru&#8230; 6.12.2024 od 19:00"},"content":{"rendered":"<p>[et_pb_section fb_built=&#8221;1&#8243; _builder_version=&#8221;4.22.2&#8243; _module_preset=&#8221;default&#8221; global_colors_info=&#8221;{}&#8221; theme_builder_area=&#8221;et_body_layout&#8221;][et_pb_row column_structure=&#8221;1_2,1_2&#8243; _builder_version=&#8221;4.23.1&#8243; _module_preset=&#8221;default&#8221; global_colors_info=&#8221;{}&#8221; theme_builder_area=&#8221;et_body_layout&#8221;][et_pb_column type=&#8221;1_2&#8243; _builder_version=&#8221;4.22.2&#8243; _module_preset=&#8221;default&#8221; global_colors_info=&#8221;{}&#8221; theme_builder_area=&#8221;et_body_layout&#8221;][et_pb_image src=&#8221;https:\/\/www.bunkrpraslavice.cz\/wp-content\/uploads\/2024\/12\/Obrazek-WhatsApp-2024-11-15-v-19.25.41_263f8c29.jpg&#8221; alt=&#8221;Dny evropsk\u00e9ho d\u011bdictv\u00ed&#8221; title_text=&#8221;Obr\u00e1zek WhatsApp, 2024-11-15 v 19.25.41_263f8c29&#8243; _builder_version=&#8221;4.27.2&#8243; _module_preset=&#8221;default&#8221; hover_enabled=&#8221;0&#8243; global_colors_info=&#8221;{}&#8221; theme_builder_area=&#8221;et_body_layout&#8221; sticky_enabled=&#8221;0&#8243;][\/et_pb_image][et_pb_image src=&#8221;https:\/\/www.bunkrpraslavice.cz\/wp-content\/uploads\/2024\/12\/Obrazek-WhatsApp-2024-11-15-v-21.14.17_7b1b2230.jpg&#8221; alt=&#8221;Noc v\u011bdc\u016f v bunkru P\u0159\u00e1slavice&#8221; title_text=&#8221;Obr\u00e1zek WhatsApp, 2024-11-15 v 21.14.17_7b1b2230&#8243; _builder_version=&#8221;4.27.2&#8243; _module_preset=&#8221;default&#8221; hover_enabled=&#8221;0&#8243; global_colors_info=&#8221;{}&#8221; theme_builder_area=&#8221;et_body_layout&#8221; sticky_enabled=&#8221;0&#8243;][\/et_pb_image][\/et_pb_column][et_pb_column type=&#8221;1_2&#8243; _builder_version=&#8221;4.22.2&#8243; _module_preset=&#8221;default&#8221; global_colors_info=&#8221;{}&#8221; theme_builder_area=&#8221;et_body_layout&#8221;][et_pb_text _builder_version=&#8221;4.27.0&#8243; _module_preset=&#8221;default&#8221; custom_padding=&#8221;26px||9px|||&#8221; global_colors_info=&#8221;{}&#8221; theme_builder_area=&#8221;et_body_layout&#8221;]<\/p>\n<div class=\"x11i5rnm xat24cr x1mh8g0r x1vvkbs xtlvy1s\"><\/div>\n<div class=\"x11i5rnm xat24cr x1mh8g0r x1vvkbs xtlvy1s\">\n<div class=\"xdj266r x11i5rnm xat24cr x1mh8g0r x1vvkbs\">\n<div class=\"xdj266r x11i5rnm xat24cr x1mh8g0r x1vvkbs\"><span data-offset-key=\"pb96-0-0\" style=\"font-size: 14px;\"><\/span><\/div>\n<div class=\"xdj266r x11i5rnm xat24cr x1mh8g0r x1vvkbs\"><span data-offset-key=\"pb96-0-0\" style=\"font-size: 14px;\">6. 12. 2024 od 19:00 hodin&#8230;\ud83d\udd25 <\/span><span data-offset-key=\"pb96-0-1\" style=\"font-size: 14px;\">U\u017e dneska&#8230; PEKLO V BUNKRU P\u0159\u00e1slavice \ud83d\udc79\u2620\ufe0f\ud83d\udd6f\ufe0f<\/span><strong><\/strong><\/div>\n<div class=\"xdj266r x11i5rnm xat24cr x1mh8g0r x1vvkbs\">\n<div class=\"x1e56ztr\" data-block=\"true\" data-editor=\"8q821\" data-offset-key=\"8gfgc-0-0\">\n<div data-offset-key=\"8gfgc-0-0\" class=\"_1mf _1mj\"><span data-offset-key=\"8gfgc-0-0\">Adrenalinov\u00e1 z\u00e1bava pro odv\u00e1\u017elivce. Bude to j\u00edzda.<\/span><\/div>\n<\/div>\n<div class=\"x1e56ztr\" data-block=\"true\" data-editor=\"8q821\" data-offset-key=\"56b1-0-0\">\n<div data-offset-key=\"56b1-0-0\" class=\"_1mf _1mj\"><span data-offset-key=\"56b1-0-0\">Nese\u010fte doma a p\u0159ij\u010fte si u\u017e\u00edt z\u00e1bavu pro velk\u00e9!!!<\/span><\/div>\n<\/div>\n<div class=\"x1e56ztr\" data-block=\"true\" data-editor=\"8q821\" data-offset-key=\"3fksd-0-0\">\n<div data-offset-key=\"3fksd-0-0\" class=\"_1mf _1mj\"><span data-offset-key=\"3fksd-0-0\">T\u011b\u0161\u00edme se na V\u00e1s. My z bunkru \u2764\ufe0f<\/span><\/div>\n<\/div>\n<div class=\"x1e56ztr\" data-block=\"true\" data-editor=\"8q821\" data-offset-key=\"kh4t-0-0\">\n<div data-offset-key=\"kh4t-0-0\" class=\"_1mf _1mj\"><\/div>\n<\/div>\n<p>&nbsp;<\/p>\n<p>\u2714\ufe0fNetradi\u010dn\u00ed oslava Mikul\u00e1\u0161e.<br \/>\u2714\ufe0fAdrenalin pro p\u00e1te\u010dn\u00ed ve\u010der.<br \/>\u2714\ufe0fZa \u00fa\u010dasti temn\u00fdch obyvatel p\u0159\u00e1slavick\u00e9ho podsv\u011bt\u00ed.<br \/>\u2714\ufe0fProhl\u00eddka prostor bunkru z 80.let<\/p>\n<p><span style=\"font-size: 14px;\">My z bunkru se na V\u00e1s u\u017e moc t\u011b\u0161\u00edme \u2764\ufe0f<\/span><\/p>\n<p>Vstupenky na akci PEKLO v bunkru aneb temn\u00e1 hororov\u00e1 prohl\u00eddka pro odv\u00e1\u017elivce zakoup\u00edte na <strong><a href=\"https:\/\/rezervace.bunkrpraslavice.cz\/\">webov\u00fdch str\u00e1nk\u00e1ch online.<\/a><\/strong><\/p>\n<\/div>\n<div class=\"x11i5rnm xat24cr x1mh8g0r x1vvkbs xtlvy1s\"><\/div>\n<div class=\"x11i5rnm xat24cr x1mh8g0r x1vvkbs xtlvy1s\"><\/div>\n<\/div>\n<\/div>\n<div class=\"x11i5rnm xat24cr x1mh8g0r x1vvkbs xtlvy1s\"><b><\/b><\/div>\n<div class=\"x11i5rnm xat24cr x1mh8g0r x1vvkbs xtlvy1s\"><b><\/b><\/div>\n<blockquote><\/blockquote>\n<div class=\"x11i5rnm xat24cr x1mh8g0r x1vvkbs xtlvy1s\"><span style=\"font-size: 14px;\"><\/span><\/div>\n<div class=\"x11i5rnm xat24cr x1mh8g0r x1vvkbs xtlvy1s\"><span style=\"font-size: 14px;\"><\/span><\/div>\n<div class=\"x11i5rnm xat24cr x1mh8g0r x1vvkbs xtlvy1s\"><span style=\"font-size: 14px;\"><\/span><\/div>\n<div class=\"x11i5rnm xat24cr x1mh8g0r x1vvkbs xtlvy1s\"><span style=\"font-size: 14px;\"><\/span><\/div>\n<p>[\/et_pb_text][\/et_pb_column][\/et_pb_row][\/et_pb_section]<\/p>\n","protected":false},"excerpt":{"rendered":"<p>6. 12. 2024 od 19:00 hodin&#8230;\ud83d\udd25 U\u017e dneska&#8230; PEKLO V BUNKRU P\u0159\u00e1slavice \ud83d\udc79\u2620\ufe0f\ud83d\udd6f\ufe0f Adrenalinov\u00e1 z\u00e1bava pro odv\u00e1\u017elivce. Bude to j\u00edzda. Nese\u010fte doma a p\u0159ij\u010fte si u\u017e\u00edt z\u00e1bavu pro velk\u00e9!!! T\u011b\u0161\u00edme se na V\u00e1s. My z bunkru \u2764\ufe0f &nbsp; \u2714\ufe0fNetradi\u010dn\u00ed oslava Mikul\u00e1\u0161e.\u2714\ufe0fAdrenalin pro p\u00e1te\u010dn\u00ed ve\u010der.\u2714\ufe0fZa \u00fa\u010dasti temn\u00fdch obyvatel p\u0159\u00e1slavick\u00e9ho podsv\u011bt\u00ed.\u2714\ufe0fProhl\u00eddka prostor bunkru z 80.let My z [&hellip;]<\/p>\n","protected":false},"author":3,"featured_media":6788,"comment_status":"closed","ping_status":"closed","sticky":false,"template":"","format":"standard","meta":{"_et_pb_use_builder":"on","_et_pb_old_content":"","_et_gb_content_width":"","footnotes":""},"categories":[1],"tags":[],"class_list":["post-6787","post","type-post","status-publish","format-standard","has-post-thumbnail","hentry","category-uncategorized-cs"],"_links":{"self":[{"href":"https:\/\/www.bunkrpraslavice.cz\/en\/wp-json\/wp\/v2\/posts\/6787","targetHints":{"allow":["GET"]}}],"collection":[{"href":"https:\/\/www.bunkrpraslavice.cz\/en\/wp-json\/wp\/v2\/posts"}],"about":[{"href":"https:\/\/www.bunkrpraslavice.cz\/en\/wp-json\/wp\/v2\/types\/post"}],"author":[{"embeddable":true,"href":"https:\/\/www.bunkrpraslavice.cz\/en\/wp-json\/wp\/v2\/users\/3"}],"replies":[{"embeddable":true,"href":"https:\/\/www.bunkrpraslavice.cz\/en\/wp-json\/wp\/v2\/comments?post=6787"}],"version-history":[{"count":0,"href":"https:\/\/www.bunkrpraslavice.cz\/en\/wp-json\/wp\/v2\/posts\/6787\/revisions"}],"wp:featuredmedia":[{"embeddable":true,"href":"https:\/\/www.bunkrpraslavice.cz\/en\/wp-json\/wp\/v2\/media\/6788"}],"wp:attachment":[{"href":"https:\/\/www.bunkrpraslavice.cz\/en\/wp-json\/wp\/v2\/media?parent=6787"}],"wp:term":[{"taxonomy":"category","embeddable":true,"href":"https:\/\/www.bunkrpraslavice.cz\/en\/wp-json\/wp\/v2\/categories?post=6787"},{"taxonomy":"post_tag","embeddable":true,"href":"https:\/\/www.bunkrpraslavice.cz\/en\/wp-json\/wp\/v2\/tags?post=6787"}],"curies":[{"name":"wp","href":"https:\/\/api.w.org\/{rel}","templated":true}]}}