{"id":6771,"date":"2024-11-27T11:36:38","date_gmt":"2024-11-27T10:36:38","guid":{"rendered":"https:\/\/www.bunkrpraslavice.cz\/?p=6771"},"modified":"2024-11-27T11:36:46","modified_gmt":"2024-11-27T10:36:46","slug":"retro-vanoce-v-bunkru-rozsveceni-vanocniho-stromecku-v-duchu-80-let","status":"publish","type":"post","link":"https:\/\/www.bunkrpraslavice.cz\/en\/retro-vanoce-v-bunkru-rozsveceni-vanocniho-stromecku-v-duchu-80-let\/","title":{"rendered":"RETRO V\u00e1noce v bunkru&#8230; rozsv\u011bcen\u00ed v\u00e1no\u010dn\u00edho strome\u010dku v duchu 80. let"},"content":{"rendered":"<p>[et_pb_section fb_built=&#8221;1&#8243; _builder_version=&#8221;4.22.2&#8243; _module_preset=&#8221;default&#8221; global_colors_info=&#8221;{}&#8221; theme_builder_area=&#8221;et_body_layout&#8221;][et_pb_row column_structure=&#8221;1_2,1_2&#8243; _builder_version=&#8221;4.23.1&#8243; _module_preset=&#8221;default&#8221; global_colors_info=&#8221;{}&#8221; theme_builder_area=&#8221;et_body_layout&#8221;][et_pb_column type=&#8221;1_2&#8243; _builder_version=&#8221;4.22.2&#8243; _module_preset=&#8221;default&#8221; global_colors_info=&#8221;{}&#8221; theme_builder_area=&#8221;et_body_layout&#8221;][et_pb_image src=&#8221;https:\/\/www.bunkrpraslavice.cz\/wp-content\/uploads\/2024\/11\/RETRO-Vanoce-v-bunkru.png&#8221; alt=&#8221;Dny evropsk\u00e9ho d\u011bdictv\u00ed&#8221; title_text=&#8221;RETRO V\u00e1noce v bunkru&#8221; _builder_version=&#8221;4.27.2&#8243; _module_preset=&#8221;default&#8221; hover_enabled=&#8221;0&#8243; global_colors_info=&#8221;{}&#8221; theme_builder_area=&#8221;et_body_layout&#8221; sticky_enabled=&#8221;0&#8243;][\/et_pb_image][et_pb_image src=&#8221;https:\/\/www.bunkrpraslavice.cz\/wp-content\/uploads\/2024\/11\/zatisi-svicka-stromek-zesilovac-scaled.jpg&#8221; alt=&#8221;Noc v\u011bdc\u016f v bunkru P\u0159\u00e1slavice&#8221; title_text=&#8221;z\u00e1ti\u0161\u00ed sv\u00ed\u010dka, stromek, zesilova\u010d&#8221; _builder_version=&#8221;4.27.2&#8243; _module_preset=&#8221;default&#8221; hover_enabled=&#8221;0&#8243; global_colors_info=&#8221;{}&#8221; theme_builder_area=&#8221;et_body_layout&#8221; sticky_enabled=&#8221;0&#8243;][\/et_pb_image][et_pb_image src=&#8221;https:\/\/www.bunkrpraslavice.cz\/wp-content\/uploads\/2024\/11\/cely-areal-zed-scaled.jpg&#8221; alt=&#8221;Noc v\u011bdc\u016f v bunkru P\u0159\u00e1slavice&#8221; title_text=&#8221;DCIM100MEDIADJI_0040.JPG&#8221; _builder_version=&#8221;4.27.2&#8243; _module_preset=&#8221;default&#8221; hover_enabled=&#8221;0&#8243; global_colors_info=&#8221;{}&#8221; theme_builder_area=&#8221;et_body_layout&#8221; sticky_enabled=&#8221;0&#8243;][\/et_pb_image][\/et_pb_column][et_pb_column type=&#8221;1_2&#8243; _builder_version=&#8221;4.22.2&#8243; _module_preset=&#8221;default&#8221; global_colors_info=&#8221;{}&#8221; theme_builder_area=&#8221;et_body_layout&#8221;][et_pb_text _builder_version=&#8221;4.27.0&#8243; _module_preset=&#8221;default&#8221; custom_padding=&#8221;26px||9px|||&#8221; global_colors_info=&#8221;{}&#8221; theme_builder_area=&#8221;et_body_layout&#8221;]<\/p>\n<div class=\"x11i5rnm xat24cr x1mh8g0r x1vvkbs xtlvy1s\"><\/div>\n<div class=\"x11i5rnm xat24cr x1mh8g0r x1vvkbs xtlvy1s\">\n<div class=\"xdj266r x11i5rnm xat24cr x1mh8g0r x1vvkbs\">\n<div class=\"xdj266r x11i5rnm xat24cr x1mh8g0r x1vvkbs\"><strong><\/strong><\/div>\n<div class=\"xdj266r x11i5rnm xat24cr x1mh8g0r x1vvkbs\"><strong><\/strong><\/div>\n<div class=\"xdj266r x11i5rnm xat24cr x1mh8g0r x1vvkbs\">\n<p>\ud83c\udf84Rozsv\u011bcen\u00ed v\u00e1no\u010dn\u00edho strome\u010dku v duchu 80. let&#8230; to jsou RETRO V\u00e1noce v bunkru P\u0159\u00e1slavice\u2026 pro mlad\u00e9, star\u0161\u00ed, jednotlivce i cel\u00e9 rodiny.<\/p>\n<p>Prohl\u00eddka 15.12. od 14:00 hodin bude trochu jin\u00e1. Unik\u00e1tn\u00ed, d\u0159\u00edve p\u0159\u00edsn\u011b tajn\u00fd vojensk\u00fd objekt, bude obohacen o adventn\u00ed atmosf\u00e9ru&#8230; prskavky, sv\u011bt\u00fdlka, koledy, \u010dokol\u00e1dov\u00e9 kolekce. V\u0161e v duchu V\u00e1noc, jak si je pamatujeme z dob ml\u00e1d\u00ed, d\u011btstv\u00ed&#8230; nebo je zn\u00e1me jen z vypr\u00e1v\u011bn\u00ed.<\/p>\n<p>\u2714\ufe0fBu\u010fte u toho. <br \/>\u2714\ufe0fP\u0159ij\u010fte si prohl\u00e9dnout unik\u00e1tn\u00ed objekt z dob studen\u00e9 v\u00e1lky a zpest\u0159ete si p\u0159edv\u00e1no\u010dn\u00ed dobu. <br \/>\u2714\ufe0fVezm\u011bte d\u011bti, rodi\u010de nebo kamar\u00e1dy a p\u0159ij\u010fte se k n\u00e1m pobavit i dozv\u011bd\u011bt se n\u011bco zaj\u00edmav\u00e9ho z dob studen\u00e9 v\u00e1lky, kdy n\u00e1\u0161 objekt v re\u017eimu nejp\u0159\u00edsn\u011bj\u0161\u00edho utajen\u00ed vznikal.<br \/>\u2714\ufe0fOddechn\u011bte si od p\u0159epln\u011bn\u00fdch supermarket\u016f v klidu, pod zem\u00ed, kde je celoro\u010dn\u00ed teplota 17\u00b0C.<\/p>\n<p>My z bunkru se na V\u00e1s u\u017e moc t\u011b\u0161\u00edme \u2764\ufe0f<\/p>\n<p>Vstupenky na akci RETRO V\u00e1noce v bunkru zakoup\u00edte na <strong><a href=\"https:\/\/rezervace.bunkrpraslavice.cz\/\">webov\u00fdch str\u00e1nk\u00e1ch online.<\/a><\/strong><\/p>\n<\/div>\n<div class=\"x11i5rnm xat24cr x1mh8g0r x1vvkbs xtlvy1s\"><\/div>\n<div class=\"x11i5rnm xat24cr x1mh8g0r x1vvkbs xtlvy1s\"><\/div>\n<\/div>\n<\/div>\n<div class=\"x11i5rnm xat24cr x1mh8g0r x1vvkbs xtlvy1s\"><b><\/b><\/div>\n<div class=\"x11i5rnm xat24cr x1mh8g0r x1vvkbs xtlvy1s\"><b><\/b><\/div>\n<blockquote><\/blockquote>\n<div class=\"x11i5rnm xat24cr x1mh8g0r x1vvkbs xtlvy1s\"><span style=\"font-size: 14px;\"><\/span><\/div>\n<div class=\"x11i5rnm xat24cr x1mh8g0r x1vvkbs xtlvy1s\"><span style=\"font-size: 14px;\"><\/span><\/div>\n<div class=\"x11i5rnm xat24cr x1mh8g0r x1vvkbs xtlvy1s\"><span style=\"font-size: 14px;\"><\/span><\/div>\n<div class=\"x11i5rnm xat24cr x1mh8g0r x1vvkbs xtlvy1s\"><span style=\"font-size: 14px;\"><\/span><\/div>\n<p>[\/et_pb_text][\/et_pb_column][\/et_pb_row][\/et_pb_section]<\/p>\n","protected":false},"excerpt":{"rendered":"<p>\ud83c\udf84Rozsv\u011bcen\u00ed v\u00e1no\u010dn\u00edho strome\u010dku v duchu 80. let&#8230; to jsou RETRO V\u00e1noce v bunkru P\u0159\u00e1slavice\u2026 pro mlad\u00e9, star\u0161\u00ed, jednotlivce i cel\u00e9 rodiny. Prohl\u00eddka 15.12. od 14:00 hodin bude trochu jin\u00e1. Unik\u00e1tn\u00ed, d\u0159\u00edve p\u0159\u00edsn\u011b tajn\u00fd vojensk\u00fd objekt, bude obohacen o adventn\u00ed atmosf\u00e9ru&#8230; prskavky, sv\u011bt\u00fdlka, koledy, \u010dokol\u00e1dov\u00e9 kolekce. V\u0161e v duchu V\u00e1noc, jak si je pamatujeme z dob [&hellip;]<\/p>\n","protected":false},"author":3,"featured_media":6772,"comment_status":"closed","ping_status":"closed","sticky":false,"template":"","format":"standard","meta":{"_et_pb_use_builder":"on","_et_pb_old_content":"","_et_gb_content_width":"","footnotes":""},"categories":[1],"tags":[],"class_list":["post-6771","post","type-post","status-publish","format-standard","has-post-thumbnail","hentry","category-uncategorized-cs"],"_links":{"self":[{"href":"https:\/\/www.bunkrpraslavice.cz\/en\/wp-json\/wp\/v2\/posts\/6771","targetHints":{"allow":["GET"]}}],"collection":[{"href":"https:\/\/www.bunkrpraslavice.cz\/en\/wp-json\/wp\/v2\/posts"}],"about":[{"href":"https:\/\/www.bunkrpraslavice.cz\/en\/wp-json\/wp\/v2\/types\/post"}],"author":[{"embeddable":true,"href":"https:\/\/www.bunkrpraslavice.cz\/en\/wp-json\/wp\/v2\/users\/3"}],"replies":[{"embeddable":true,"href":"https:\/\/www.bunkrpraslavice.cz\/en\/wp-json\/wp\/v2\/comments?post=6771"}],"version-history":[{"count":0,"href":"https:\/\/www.bunkrpraslavice.cz\/en\/wp-json\/wp\/v2\/posts\/6771\/revisions"}],"wp:featuredmedia":[{"embeddable":true,"href":"https:\/\/www.bunkrpraslavice.cz\/en\/wp-json\/wp\/v2\/media\/6772"}],"wp:attachment":[{"href":"https:\/\/www.bunkrpraslavice.cz\/en\/wp-json\/wp\/v2\/media?parent=6771"}],"wp:term":[{"taxonomy":"category","embeddable":true,"href":"https:\/\/www.bunkrpraslavice.cz\/en\/wp-json\/wp\/v2\/categories?post=6771"},{"taxonomy":"post_tag","embeddable":true,"href":"https:\/\/www.bunkrpraslavice.cz\/en\/wp-json\/wp\/v2\/tags?post=6771"}],"curies":[{"name":"wp","href":"https:\/\/api.w.org\/{rel}","templated":true}]}}