{"id":6723,"date":"2024-11-14T10:17:55","date_gmt":"2024-11-14T09:17:55","guid":{"rendered":"https:\/\/www.bunkrpraslavice.cz\/?p=6723"},"modified":"2024-11-14T10:18:05","modified_gmt":"2024-11-14T09:18:05","slug":"svatecni-sametova-prohlidka-bunkru-17-11","status":"publish","type":"post","link":"https:\/\/www.bunkrpraslavice.cz\/en\/svatecni-sametova-prohlidka-bunkru-17-11\/","title":{"rendered":"Sv\u00e1te\u010dn\u00ed sametov\u00e1 prohl\u00eddka bunkru 17.11."},"content":{"rendered":"<p>[et_pb_section fb_built=&#8221;1&#8243; _builder_version=&#8221;4.22.2&#8243; _module_preset=&#8221;default&#8221; global_colors_info=&#8221;{}&#8221; theme_builder_area=&#8221;et_body_layout&#8221;][et_pb_row column_structure=&#8221;1_2,1_2&#8243; _builder_version=&#8221;4.23.1&#8243; _module_preset=&#8221;default&#8221; global_colors_info=&#8221;{}&#8221; theme_builder_area=&#8221;et_body_layout&#8221;][et_pb_column type=&#8221;1_2&#8243; _builder_version=&#8221;4.22.2&#8243; _module_preset=&#8221;default&#8221; global_colors_info=&#8221;{}&#8221; theme_builder_area=&#8221;et_body_layout&#8221;][et_pb_image src=&#8221;https:\/\/www.bunkrpraslavice.cz\/wp-content\/uploads\/2024\/11\/IMG_3141-scaled.jpeg&#8221; alt=&#8221;Dny evropsk\u00e9ho d\u011bdictv\u00ed&#8221; title_text=&#8221;IMG_3141&#8243; _builder_version=&#8221;4.27.2&#8243; _module_preset=&#8221;default&#8221; hover_enabled=&#8221;0&#8243; global_colors_info=&#8221;{}&#8221; theme_builder_area=&#8221;et_body_layout&#8221; sticky_enabled=&#8221;0&#8243;][\/et_pb_image][et_pb_image src=&#8221;https:\/\/www.bunkrpraslavice.cz\/wp-content\/uploads\/2024\/11\/IMG_3132-scaled.jpeg&#8221; alt=&#8221;Noc v\u011bdc\u016f v bunkru P\u0159\u00e1slavice&#8221; title_text=&#8221;IMG_3132&#8243; _builder_version=&#8221;4.27.2&#8243; _module_preset=&#8221;default&#8221; hover_enabled=&#8221;0&#8243; global_colors_info=&#8221;{}&#8221; theme_builder_area=&#8221;et_body_layout&#8221; sticky_enabled=&#8221;0&#8243;][\/et_pb_image][\/et_pb_column][et_pb_column type=&#8221;1_2&#8243; _builder_version=&#8221;4.22.2&#8243; _module_preset=&#8221;default&#8221; global_colors_info=&#8221;{}&#8221; theme_builder_area=&#8221;et_body_layout&#8221;][et_pb_text _builder_version=&#8221;4.27.0&#8243; _module_preset=&#8221;default&#8221; custom_padding=&#8221;26px||0px|||&#8221; global_colors_info=&#8221;{}&#8221; theme_builder_area=&#8221;et_body_layout&#8221;]<\/p>\n<div class=\"x11i5rnm xat24cr x1mh8g0r x1vvkbs xtlvy1s\"><\/div>\n<div class=\"x11i5rnm xat24cr x1mh8g0r x1vvkbs xtlvy1s\">\n<div class=\"xdj266r x11i5rnm xat24cr x1mh8g0r x1vvkbs\">\n<div class=\"xdj266r x11i5rnm xat24cr x1mh8g0r x1vvkbs\"><strong><\/strong><\/div>\n<div class=\"xdj266r x11i5rnm xat24cr x1mh8g0r x1vvkbs\"><strong>Sv\u00e1te\u010dn\u00ed sametov\u00e1 prohl\u00eddka bunkru P\u0159\u00e1slavice v ned\u011bli 17.11. ve 14.00 hodin<\/strong><\/div>\n<div class=\"x11i5rnm xat24cr x1mh8g0r x1vvkbs xtlvy1s\">Zveme V\u00e1s na tradi\u010dn\u00ed prohl\u00eddku bunkru u p\u0159\u00edle\u017eitosti <strong>Dne boje za svobodu a demokracii.<\/strong> Jak\u00e9 lep\u0161\u00ed m\u00edsto najdete pro p\u0159ipomenut\u00ed si ud\u00e1lost\u00ed roku 1989?<\/div>\n<div class=\"x11i5rnm xat24cr x1mh8g0r x1vvkbs xtlvy1s\">N\u00e1\u0161 bunkr je skute\u010dnou, fyzickou a hmatatelnou pam\u00e1tkou na komunistickou dobu. Na \u00e9ru na\u0161ich d\u011bjin, kter\u00e1 i dnes, po 35 letech od Sametov\u00e9 revoluce, z\u016fst\u00e1v\u00e1 v mnoh\u00e9m temn\u00e1 a tajemn\u00e1.<\/div>\n<div class=\"x11i5rnm xat24cr x1mh8g0r x1vvkbs xtlvy1s\">Stejn\u011b, jako je bunkr P\u0159\u00e1slavice. Do ned\u00e1vna <strong>p\u0159\u00edsn\u011b tajn\u00fd vojensk\u00fd objekt<\/strong>, o jeho\u017e existenci nem\u011bli tu\u0161en\u00ed ani obyvatel\u00e9 nejbli\u017e\u0161\u00edho okol\u00ed. Pln\u011b odtajn\u011bn je teprve od roku 2016 a od roku 2022 je otev\u0159en ve\u0159ejnosti.<\/div>\n<div class=\"x11i5rnm xat24cr x1mh8g0r x1vvkbs xtlvy1s\">Na <strong>sametov\u00e9 prohl\u00eddce<\/strong> v ned\u011bli 17.11. V\u00e1m uk\u00e1\u017eeme rozlehl\u00e9 podzem\u00ed i m\u00edstnosti vybaven\u00e9 telekomunika\u010dn\u00ed technikou, kter\u00e1 m\u011bla v p\u0159\u00edpad\u011b otev\u0159en\u00e9ho konfliktu slou\u017eit ke komunikaci mezi zem\u011bmi <strong>Var\u0161avsk\u00e9 smlouvy.<\/strong> Atmosf\u00e9ra bude autentick\u00e1. T\u011b\u0161\u00edme se na V\u00e1s. My z bunkru. Vstupenky je nutn\u00e9 zakoupit p\u0159edem <strong><a href=\"https:\/\/rezervace.bunkrpraslavice.cz\/\">zde<\/a><\/strong>.<\/div>\n<div class=\"x11i5rnm xat24cr x1mh8g0r x1vvkbs xtlvy1s\"><\/div>\n<div class=\"x11i5rnm xat24cr x1mh8g0r x1vvkbs xtlvy1s\"><\/div>\n<div class=\"x11i5rnm xat24cr x1mh8g0r x1vvkbs xtlvy1s\"><\/div>\n<\/div>\n<\/div>\n<div class=\"x11i5rnm xat24cr x1mh8g0r x1vvkbs xtlvy1s\"><b><\/b><\/div>\n<div class=\"x11i5rnm xat24cr x1mh8g0r x1vvkbs xtlvy1s\"><b><\/b><\/div>\n<blockquote><\/blockquote>\n<div class=\"x11i5rnm xat24cr x1mh8g0r x1vvkbs xtlvy1s\"><span style=\"font-size: 14px;\"><\/span><\/div>\n<div class=\"x11i5rnm xat24cr x1mh8g0r x1vvkbs xtlvy1s\"><span style=\"font-size: 14px;\"><\/span><\/div>\n<div class=\"x11i5rnm xat24cr x1mh8g0r x1vvkbs xtlvy1s\"><span style=\"font-size: 14px;\"><\/span><\/div>\n<div class=\"x11i5rnm xat24cr x1mh8g0r x1vvkbs xtlvy1s\"><span style=\"font-size: 14px;\"><\/span><\/div>\n<p>[\/et_pb_text][\/et_pb_column][\/et_pb_row][\/et_pb_section]<\/p>\n","protected":false},"excerpt":{"rendered":"<p>Sv\u00e1te\u010dn\u00ed sametov\u00e1 prohl\u00eddka bunkru P\u0159\u00e1slavice v ned\u011bli 17.11. ve 14.00 hodin Zveme V\u00e1s na tradi\u010dn\u00ed prohl\u00eddku bunkru u p\u0159\u00edle\u017eitosti Dne boje za svobodu a demokracii. Jak\u00e9 lep\u0161\u00ed m\u00edsto najdete pro p\u0159ipomenut\u00ed si ud\u00e1lost\u00ed roku 1989? N\u00e1\u0161 bunkr je skute\u010dnou, fyzickou a hmatatelnou pam\u00e1tkou na komunistickou dobu. Na \u00e9ru na\u0161ich d\u011bjin, kter\u00e1 i dnes, po 35 [&hellip;]<\/p>\n","protected":false},"author":3,"featured_media":6724,"comment_status":"closed","ping_status":"closed","sticky":false,"template":"","format":"standard","meta":{"_et_pb_use_builder":"on","_et_pb_old_content":"","_et_gb_content_width":"","footnotes":""},"categories":[1],"tags":[],"class_list":["post-6723","post","type-post","status-publish","format-standard","has-post-thumbnail","hentry","category-uncategorized-cs"],"_links":{"self":[{"href":"https:\/\/www.bunkrpraslavice.cz\/en\/wp-json\/wp\/v2\/posts\/6723","targetHints":{"allow":["GET"]}}],"collection":[{"href":"https:\/\/www.bunkrpraslavice.cz\/en\/wp-json\/wp\/v2\/posts"}],"about":[{"href":"https:\/\/www.bunkrpraslavice.cz\/en\/wp-json\/wp\/v2\/types\/post"}],"author":[{"embeddable":true,"href":"https:\/\/www.bunkrpraslavice.cz\/en\/wp-json\/wp\/v2\/users\/3"}],"replies":[{"embeddable":true,"href":"https:\/\/www.bunkrpraslavice.cz\/en\/wp-json\/wp\/v2\/comments?post=6723"}],"version-history":[{"count":0,"href":"https:\/\/www.bunkrpraslavice.cz\/en\/wp-json\/wp\/v2\/posts\/6723\/revisions"}],"wp:featuredmedia":[{"embeddable":true,"href":"https:\/\/www.bunkrpraslavice.cz\/en\/wp-json\/wp\/v2\/media\/6724"}],"wp:attachment":[{"href":"https:\/\/www.bunkrpraslavice.cz\/en\/wp-json\/wp\/v2\/media?parent=6723"}],"wp:term":[{"taxonomy":"category","embeddable":true,"href":"https:\/\/www.bunkrpraslavice.cz\/en\/wp-json\/wp\/v2\/categories?post=6723"},{"taxonomy":"post_tag","embeddable":true,"href":"https:\/\/www.bunkrpraslavice.cz\/en\/wp-json\/wp\/v2\/tags?post=6723"}],"curies":[{"name":"wp","href":"https:\/\/api.w.org\/{rel}","templated":true}]}}