{"id":6620,"date":"2024-10-17T09:34:39","date_gmt":"2024-10-17T08:34:39","guid":{"rendered":"https:\/\/www.bunkrpraslavice.cz\/?p=6620"},"modified":"2024-10-17T10:35:39","modified_gmt":"2024-10-17T09:35:39","slug":"prostituce-v-nasich-vojenskych-dejinach","status":"publish","type":"post","link":"https:\/\/www.bunkrpraslavice.cz\/en\/prostituce-v-nasich-vojenskych-dejinach\/","title":{"rendered":"Prostituce v na\u0161ich vojensk\u00fdch d\u011bjin\u00e1ch"},"content":{"rendered":"<p>[et_pb_section fb_built=&#8221;1&#8243; _builder_version=&#8221;4.22.2&#8243; _module_preset=&#8221;default&#8221; global_colors_info=&#8221;{}&#8221; theme_builder_area=&#8221;et_body_layout&#8221;][et_pb_row column_structure=&#8221;1_2,1_2&#8243; _builder_version=&#8221;4.23.1&#8243; _module_preset=&#8221;default&#8221; global_colors_info=&#8221;{}&#8221; theme_builder_area=&#8221;et_body_layout&#8221;][et_pb_column type=&#8221;1_2&#8243; _builder_version=&#8221;4.22.2&#8243; _module_preset=&#8221;default&#8221; global_colors_info=&#8221;{}&#8221; theme_builder_area=&#8221;et_body_layout&#8221;][et_pb_image src=&#8221;https:\/\/www.bunkrpraslavice.cz\/wp-content\/uploads\/2024\/10\/holiny-s-opryskanou-zdi1-scaled.jpeg&#8221; alt=&#8221;Dny evropsk\u00e9ho d\u011bdictv\u00ed&#8221; title_text=&#8221;holiny s opr\u00fdskanou zd\u00ed1&#8243; _builder_version=&#8221;4.27.0&#8243; _module_preset=&#8221;default&#8221; hover_enabled=&#8221;0&#8243; global_colors_info=&#8221;{}&#8221; theme_builder_area=&#8221;et_body_layout&#8221; sticky_enabled=&#8221;0&#8243;][\/et_pb_image][et_pb_image src=&#8221;https:\/\/www.bunkrpraslavice.cz\/wp-content\/uploads\/2024\/10\/cervena-sipka-na-zdi-scaled.jpeg&#8221; alt=&#8221;Noc v\u011bdc\u016f v bunkru P\u0159\u00e1slavice&#8221; title_text=&#8221;\u010derven\u00e1 \u0161ipka na zdi&#8221; _builder_version=&#8221;4.27.0&#8243; _module_preset=&#8221;default&#8221; hover_enabled=&#8221;0&#8243; global_colors_info=&#8221;{}&#8221; theme_builder_area=&#8221;et_body_layout&#8221; sticky_enabled=&#8221;0&#8243;][\/et_pb_image][\/et_pb_column][et_pb_column type=&#8221;1_2&#8243; _builder_version=&#8221;4.22.2&#8243; _module_preset=&#8221;default&#8221; global_colors_info=&#8221;{}&#8221; theme_builder_area=&#8221;et_body_layout&#8221;][et_pb_text _builder_version=&#8221;4.27.0&#8243; _module_preset=&#8221;default&#8221; custom_padding=&#8221;26px||0px|||&#8221; global_colors_info=&#8221;{}&#8221; theme_builder_area=&#8221;et_body_layout&#8221;]<\/p>\n<div class=\"x11i5rnm xat24cr x1mh8g0r x1vvkbs xtlvy1s\"><\/div>\n<div class=\"x11i5rnm xat24cr x1mh8g0r x1vvkbs xtlvy1s\">\n<div class=\"xdj266r x11i5rnm xat24cr x1mh8g0r x1vvkbs\">Sou\u010d\u00e1st\u00ed <a href=\"https:\/\/dvh.pametnaroda.cz\/\" target=\"_blank\" rel=\"noopener\">Dn\u016f vojensk\u00e9 historie Olomouc<\/a>, kter\u00e9 po\u0159\u00e1d\u00e1 organizace Pam\u011b\u0165 n\u00e1roda ve spolupr\u00e1ci s m\u011bstem Olomouc,\u00a0 je letos tak\u00e9 bunkr P\u0159\u00e1slavice.<\/div>\n<div class=\"xdj266r x11i5rnm xat24cr x1mh8g0r x1vvkbs\"><\/div>\n<div class=\"xdj266r x11i5rnm xat24cr x1mh8g0r x1vvkbs\"><\/div>\n<div class=\"xdj266r x11i5rnm xat24cr x1mh8g0r x1vvkbs\"><\/div>\n<div class=\"x11i5rnm xat24cr x1mh8g0r x1vvkbs xtlvy1s\"><\/div>\n<\/div>\n<div class=\"x11i5rnm xat24cr x1mh8g0r x1vvkbs xtlvy1s\"><\/div>\n<div class=\"x11i5rnm xat24cr x1mh8g0r x1vvkbs xtlvy1s\">Akce se kon\u00e1 na nejr\u016fzn\u011bj\u0161\u00edch m\u00edstech v Olomouci a jej\u00edm okol\u00ed, kter\u00e9 maj\u00ed vztah k <strong>vojensk\u00e9 historii<\/strong>.<\/div>\n<div class=\"x11i5rnm xat24cr x1mh8g0r x1vvkbs xtlvy1s\"><strong>V sobotu 9.11.2024<\/strong> k n\u00e1m mohou z\u00e1jemci p\u0159ij\u00edt na komentovan\u00e9 prohl\u00eddky a to v <strong>10.00, 12.00 a 14.00 hodin<\/strong>. Tyto prohl\u00eddky budou v d\u00e9lce 40 -50 minut a pro z\u00e1jemce m\u00e1me p\u0159ipraven\u00fdch celkem 25 m\u00edst na ka\u017ed\u00e9 z nich. Na sobotn\u00ed akci plat\u00ed tak\u00e9 <strong>jednotn\u00e9, zv\u00fdhodn\u011bn\u00e9 vstupn\u00e9 a sice 150,- K\u010d za osobu<\/strong>.<\/div>\n<div class=\"x11i5rnm xat24cr x1mh8g0r x1vvkbs xtlvy1s\">V ned\u011bli 10.11.2024 m\u00e1me v r\u00e1mci Dn\u016f vojensk\u00e9 historie p\u0159ipravenu <strong>speci\u00e1ln\u00ed akci a sice prohl\u00eddku spojenou s p\u0159edn\u00e1\u0161kou<\/strong>. Nese n\u00e1zev &#8220;Prostituce v na\u0161ich vojensk\u00fdch d\u011bjin\u00e1ch&#8221;. O tom, jak se v arm\u00e1d\u011b a vojsku p\u0159istupovalo k &#8220;\u0159\u00edzen\u00e9 prostituci&#8221; v\u00e1m pov\u00ed Zden\u011bk Zeman, n\u00e1\u0161 erudovan\u00fd pr\u016fvodce. Ned\u011bln\u00ed akce potrv\u00e1 120 minut (60 minut prohl\u00eddka a 60 minut p\u0159edn\u00e1\u0161ka).<\/div>\n<div class=\"x11i5rnm xat24cr x1mh8g0r x1vvkbs xtlvy1s\">Vstupenky m\u016f\u017eete zakoupit <a href=\"https:\/\/rezervace.bunkrpraslavice.cz\/\">zde<\/a>.\u00a0<\/div>\n<div class=\"x11i5rnm xat24cr x1mh8g0r x1vvkbs xtlvy1s\"><b><\/b><\/div>\n<div class=\"x11i5rnm xat24cr x1mh8g0r x1vvkbs xtlvy1s\"><b><\/b><\/div>\n<blockquote><\/blockquote>\n<div class=\"x11i5rnm xat24cr x1mh8g0r x1vvkbs xtlvy1s\"><span style=\"font-size: 14px;\"><\/span><\/div>\n<div class=\"x11i5rnm xat24cr x1mh8g0r x1vvkbs xtlvy1s\"><span style=\"font-size: 14px;\"><\/span><\/div>\n<div class=\"x11i5rnm xat24cr x1mh8g0r x1vvkbs xtlvy1s\"><span style=\"font-size: 14px;\"><\/span><\/div>\n<div class=\"x11i5rnm xat24cr x1mh8g0r x1vvkbs xtlvy1s\"><span style=\"font-size: 14px;\"><\/span><\/div>\n<p>[\/et_pb_text][\/et_pb_column][\/et_pb_row][\/et_pb_section]<\/p>\n","protected":false},"excerpt":{"rendered":"<p>Sou\u010d\u00e1st\u00ed Dn\u016f vojensk\u00e9 historie Olomouc, kter\u00e9 po\u0159\u00e1d\u00e1 organizace Pam\u011b\u0165 n\u00e1roda ve spolupr\u00e1ci s m\u011bstem Olomouc,\u00a0 je letos tak\u00e9 bunkr P\u0159\u00e1slavice. Akce se kon\u00e1 na nejr\u016fzn\u011bj\u0161\u00edch m\u00edstech v Olomouci a jej\u00edm okol\u00ed, kter\u00e9 maj\u00ed vztah k vojensk\u00e9 historii. V sobotu 9.11.2024 k n\u00e1m mohou z\u00e1jemci p\u0159ij\u00edt na komentovan\u00e9 prohl\u00eddky a to v 10.00, 12.00 a 14.00 [&hellip;]<\/p>\n","protected":false},"author":3,"featured_media":6621,"comment_status":"closed","ping_status":"closed","sticky":false,"template":"","format":"standard","meta":{"_et_pb_use_builder":"on","_et_pb_old_content":"","_et_gb_content_width":"","footnotes":""},"categories":[1],"tags":[],"class_list":["post-6620","post","type-post","status-publish","format-standard","has-post-thumbnail","hentry","category-uncategorized-cs"],"_links":{"self":[{"href":"https:\/\/www.bunkrpraslavice.cz\/en\/wp-json\/wp\/v2\/posts\/6620","targetHints":{"allow":["GET"]}}],"collection":[{"href":"https:\/\/www.bunkrpraslavice.cz\/en\/wp-json\/wp\/v2\/posts"}],"about":[{"href":"https:\/\/www.bunkrpraslavice.cz\/en\/wp-json\/wp\/v2\/types\/post"}],"author":[{"embeddable":true,"href":"https:\/\/www.bunkrpraslavice.cz\/en\/wp-json\/wp\/v2\/users\/3"}],"replies":[{"embeddable":true,"href":"https:\/\/www.bunkrpraslavice.cz\/en\/wp-json\/wp\/v2\/comments?post=6620"}],"version-history":[{"count":0,"href":"https:\/\/www.bunkrpraslavice.cz\/en\/wp-json\/wp\/v2\/posts\/6620\/revisions"}],"wp:featuredmedia":[{"embeddable":true,"href":"https:\/\/www.bunkrpraslavice.cz\/en\/wp-json\/wp\/v2\/media\/6621"}],"wp:attachment":[{"href":"https:\/\/www.bunkrpraslavice.cz\/en\/wp-json\/wp\/v2\/media?parent=6620"}],"wp:term":[{"taxonomy":"category","embeddable":true,"href":"https:\/\/www.bunkrpraslavice.cz\/en\/wp-json\/wp\/v2\/categories?post=6620"},{"taxonomy":"post_tag","embeddable":true,"href":"https:\/\/www.bunkrpraslavice.cz\/en\/wp-json\/wp\/v2\/tags?post=6620"}],"curies":[{"name":"wp","href":"https:\/\/api.w.org\/{rel}","templated":true}]}}