{"id":6597,"date":"2024-09-24T13:45:50","date_gmt":"2024-09-24T12:45:50","guid":{"rendered":"https:\/\/www.bunkrpraslavice.cz\/?p=6597"},"modified":"2024-09-24T13:45:52","modified_gmt":"2024-09-24T12:45:52","slug":"noc-vedcu-v-bunkru-praslavice-promena-od-dob-studene-valky-po-soucasnost","status":"publish","type":"post","link":"https:\/\/www.bunkrpraslavice.cz\/en\/noc-vedcu-v-bunkru-praslavice-promena-od-dob-studene-valky-po-soucasnost\/","title":{"rendered":"Noc v\u011bdc\u016f v bunkru P\u0159\u00e1slavice &#8230; prom\u011bna od dob studen\u00e9 v\u00e1lky po sou\u010dasnost\u00a0"},"content":{"rendered":"<p>[et_pb_section fb_built=&#8221;1&#8243; _builder_version=&#8221;4.22.2&#8243; _module_preset=&#8221;default&#8221; global_colors_info=&#8221;{}&#8221; theme_builder_area=&#8221;et_body_layout&#8221;][et_pb_row column_structure=&#8221;1_2,1_2&#8243; _builder_version=&#8221;4.23.1&#8243; _module_preset=&#8221;default&#8221; global_colors_info=&#8221;{}&#8221; theme_builder_area=&#8221;et_body_layout&#8221;][et_pb_column type=&#8221;1_2&#8243; _builder_version=&#8221;4.22.2&#8243; _module_preset=&#8221;default&#8221; global_colors_info=&#8221;{}&#8221; theme_builder_area=&#8221;et_body_layout&#8221;][et_pb_image src=&#8221;https:\/\/www.bunkrpraslavice.cz\/wp-content\/uploads\/2024\/09\/size4-16966658230908-124-fotogalerie-v-minulosti-prisne-tajny-objekt-u-praslavic-se-zapojil-do-noci-vedcu.jpg&#8221; alt=&#8221;Dny evropsk\u00e9ho d\u011bdictv\u00ed&#8221; title_text=&#8221;size4-16966658230908-124-fotogalerie-v-minulosti-prisne-tajny-objekt-u-praslavic-se-zapojil-do-noci-vedcu&#8221; _builder_version=&#8221;4.27.0&#8243; _module_preset=&#8221;default&#8221; hover_enabled=&#8221;0&#8243; global_colors_info=&#8221;{}&#8221; theme_builder_area=&#8221;et_body_layout&#8221; sticky_enabled=&#8221;0&#8243;][\/et_pb_image][et_pb_image src=&#8221;https:\/\/www.bunkrpraslavice.cz\/wp-content\/uploads\/2024\/09\/size4-16966658198893-124-fotogalerie-v-minulosti-prisne-tajny-objekt-u-praslavic-se-zapojil-do-noci-vedcu.jpg&#8221; alt=&#8221;Noc v\u011bdc\u016f v bunkru P\u0159\u00e1slavice&#8221; title_text=&#8221;size4-16966658198893-124-fotogalerie-v-minulosti-prisne-tajny-objekt-u-praslavic-se-zapojil-do-noci-vedcu&#8221; _builder_version=&#8221;4.27.0&#8243; _module_preset=&#8221;default&#8221; hover_enabled=&#8221;0&#8243; global_colors_info=&#8221;{}&#8221; theme_builder_area=&#8221;et_body_layout&#8221; sticky_enabled=&#8221;0&#8243;][\/et_pb_image][\/et_pb_column][et_pb_column type=&#8221;1_2&#8243; _builder_version=&#8221;4.22.2&#8243; _module_preset=&#8221;default&#8221; global_colors_info=&#8221;{}&#8221; theme_builder_area=&#8221;et_body_layout&#8221;][et_pb_text _builder_version=&#8221;4.27.0&#8243; _module_preset=&#8221;default&#8221; custom_padding=&#8221;26px|||||&#8221; hover_enabled=&#8221;0&#8243; global_colors_info=&#8221;{}&#8221; theme_builder_area=&#8221;et_body_layout&#8221; sticky_enabled=&#8221;0&#8243;]<\/p>\n<div class=\"x11i5rnm xat24cr x1mh8g0r x1vvkbs xtlvy1s\"><\/div>\n<div class=\"x11i5rnm xat24cr x1mh8g0r x1vvkbs xtlvy1s\">\n<div class=\"xdj266r x11i5rnm xat24cr x1mh8g0r x1vvkbs\">I letos je bunkr P\u0159\u00e1slavice sou\u010d\u00e1st\u00ed celon\u00e1rodn\u00ed akce <strong>Noc v\u011bdc\u016f<\/strong>. Zveme V\u00e1s na prohl\u00eddky, kter\u00e9 se v tento den uskute\u010dn\u00ed <strong>ve\u010der (v noci)<\/strong> a t\u00e9matem bude <strong>&#8220;Prom\u011bna bunkru od dob studen\u00e9 v\u00e1lky&#8221;<\/strong>.<\/div>\n<div class=\"xdj266r x11i5rnm xat24cr x1mh8g0r x1vvkbs\"><\/div>\n<div class=\"x11i5rnm xat24cr x1mh8g0r x1vvkbs xtlvy1s\">Komentovan\u00e9 prohl\u00eddky v d\u00e9lce trv\u00e1n\u00ed <strong>30-40 minut<\/strong> budou pro <a href=\"https:\/\/www.nocvedcu.cz\/udalost\/9004-bunkr-praslavice-a-jeho-promena-od-dob-studene-valky-po-soucasnost\" target=\"_blank\" rel=\"noopener\">registrovan\u00e9<\/a> \u00fa\u010dastn\u00edky <strong>zcela zdarma<\/strong>. Zavedeme V\u00e1s do podzemn\u00edch prostor rozs\u00e1hl\u00e9ho vojensk\u00e9ho objektu, kter\u00fd byl v dob\u011b studen\u00e9 v\u00e1lky budov\u00e1n v re\u017eimu nejp\u0159\u00edsn\u011bj\u0161\u00edho utajen\u00ed.<\/div>\n<div class=\"x11i5rnm xat24cr x1mh8g0r x1vvkbs xtlvy1s\"><\/div>\n<div class=\"x11i5rnm xat24cr x1mh8g0r x1vvkbs xtlvy1s\">T\u00e9matem leto\u0161n\u00edho ro\u010dn\u00edku Noci v\u011bdc\u016f je <strong>&#8220;Prom\u011bna&#8221;<\/strong>. Budete moci sami posoudit, jak a zda se dle Va\u0161eho n\u00e1zoru bunkr prom\u011bnil?!<\/div>\n<div class=\"x11i5rnm xat24cr x1mh8g0r x1vvkbs xtlvy1s\">V r\u00e1mci prohl\u00eddky budete m\u00edt mo\u017enost nahl\u00e9dnout tak\u00e9 do <strong>aquaponick\u00e9<\/strong> <strong>farmy<\/strong>, kterou \u00fasp\u011b\u0161n\u011b v \u00fatrob\u00e1ch bunkru ji\u017e n\u011bkolik let provozujeme. Na z\u00e1v\u011br ochutn\u00e1te aquaponicky vyp\u011bstovan\u00fd sal\u00e1t, kter\u00fd si budete moci tak\u00e9 zakoupit.<\/div>\n<\/div>\n<div class=\"x11i5rnm xat24cr x1mh8g0r x1vvkbs xtlvy1s\"><\/div>\n<div class=\"x11i5rnm xat24cr x1mh8g0r x1vvkbs xtlvy1s\"><strong>Po\u010det m\u00edst je omezen. Registraci<\/strong> k akci prove\u010fte pros\u00edm <a href=\"https:\/\/www.nocvedcu.cz\/udalost\/9004-bunkr-praslavice-a-jeho-promena-od-dob-studene-valky-po-soucasnost\" target=\"_blank\" rel=\"noopener\">zde<\/a><\/div>\n<div class=\"x11i5rnm xat24cr x1mh8g0r x1vvkbs xtlvy1s\"><b><\/b><\/div>\n<div class=\"x11i5rnm xat24cr x1mh8g0r x1vvkbs xtlvy1s\"><b><\/b><\/div>\n<blockquote><\/blockquote>\n<div class=\"x11i5rnm xat24cr x1mh8g0r x1vvkbs xtlvy1s\"><span style=\"font-size: 14px;\"><\/span><\/div>\n<div class=\"x11i5rnm xat24cr x1mh8g0r x1vvkbs xtlvy1s\"><span style=\"font-size: 14px;\"><\/span><\/div>\n<div class=\"x11i5rnm xat24cr x1mh8g0r x1vvkbs xtlvy1s\"><span style=\"font-size: 14px;\"><\/span><\/div>\n<div class=\"x11i5rnm xat24cr x1mh8g0r x1vvkbs xtlvy1s\"><span style=\"font-size: 14px;\"><\/span><\/div>\n<p>[\/et_pb_text][\/et_pb_column][\/et_pb_row][\/et_pb_section]<\/p>\n","protected":false},"excerpt":{"rendered":"<p>I letos je bunkr P\u0159\u00e1slavice sou\u010d\u00e1st\u00ed celon\u00e1rodn\u00ed akce Noc v\u011bdc\u016f. Zveme V\u00e1s na prohl\u00eddky, kter\u00e9 se v tento den uskute\u010dn\u00ed ve\u010der (v noci) a t\u00e9matem bude &#8220;Prom\u011bna bunkru od dob studen\u00e9 v\u00e1lky&#8221;. Komentovan\u00e9 prohl\u00eddky v d\u00e9lce trv\u00e1n\u00ed 30-40 minut budou pro registrovan\u00e9 \u00fa\u010dastn\u00edky zcela zdarma. Zavedeme V\u00e1s do podzemn\u00edch prostor rozs\u00e1hl\u00e9ho vojensk\u00e9ho objektu, kter\u00fd byl [&hellip;]<\/p>\n","protected":false},"author":3,"featured_media":6598,"comment_status":"closed","ping_status":"closed","sticky":false,"template":"","format":"standard","meta":{"_et_pb_use_builder":"on","_et_pb_old_content":"","_et_gb_content_width":"","footnotes":""},"categories":[1],"tags":[],"class_list":["post-6597","post","type-post","status-publish","format-standard","has-post-thumbnail","hentry","category-uncategorized-cs"],"_links":{"self":[{"href":"https:\/\/www.bunkrpraslavice.cz\/en\/wp-json\/wp\/v2\/posts\/6597","targetHints":{"allow":["GET"]}}],"collection":[{"href":"https:\/\/www.bunkrpraslavice.cz\/en\/wp-json\/wp\/v2\/posts"}],"about":[{"href":"https:\/\/www.bunkrpraslavice.cz\/en\/wp-json\/wp\/v2\/types\/post"}],"author":[{"embeddable":true,"href":"https:\/\/www.bunkrpraslavice.cz\/en\/wp-json\/wp\/v2\/users\/3"}],"replies":[{"embeddable":true,"href":"https:\/\/www.bunkrpraslavice.cz\/en\/wp-json\/wp\/v2\/comments?post=6597"}],"version-history":[{"count":0,"href":"https:\/\/www.bunkrpraslavice.cz\/en\/wp-json\/wp\/v2\/posts\/6597\/revisions"}],"wp:featuredmedia":[{"embeddable":true,"href":"https:\/\/www.bunkrpraslavice.cz\/en\/wp-json\/wp\/v2\/media\/6598"}],"wp:attachment":[{"href":"https:\/\/www.bunkrpraslavice.cz\/en\/wp-json\/wp\/v2\/media?parent=6597"}],"wp:term":[{"taxonomy":"category","embeddable":true,"href":"https:\/\/www.bunkrpraslavice.cz\/en\/wp-json\/wp\/v2\/categories?post=6597"},{"taxonomy":"post_tag","embeddable":true,"href":"https:\/\/www.bunkrpraslavice.cz\/en\/wp-json\/wp\/v2\/tags?post=6597"}],"curies":[{"name":"wp","href":"https:\/\/api.w.org\/{rel}","templated":true}]}}