{"id":6582,"date":"2024-09-11T13:29:07","date_gmt":"2024-09-11T12:29:07","guid":{"rendered":"https:\/\/www.bunkrpraslavice.cz\/?p=6582"},"modified":"2024-09-11T13:31:10","modified_gmt":"2024-09-11T12:31:10","slug":"prvni-cena-hejtmana-olomouckeho-kraje-za-odpovednou-firmu-roku-2023","status":"publish","type":"post","link":"https:\/\/www.bunkrpraslavice.cz\/en\/prvni-cena-hejtmana-olomouckeho-kraje-za-odpovednou-firmu-roku-2023\/","title":{"rendered":"Prvn\u00ed cena hejtmana Olomouck\u00e9ho kraje za odpov\u011bdnou firmu roku 2023"},"content":{"rendered":"\n[et_pb_section fb_built=&#8221;1&#8243; _builder_version=&#8221;4.22.2&#8243; _module_preset=&#8221;default&#8221; global_colors_info=&#8221;{}&#8221; theme_builder_area=&#8221;et_body_layout&#8221;][et_pb_row column_structure=&#8221;1_2,1_2&#8243; _builder_version=&#8221;4.23.1&#8243; _module_preset=&#8221;default&#8221; global_colors_info=&#8221;{}&#8221; theme_builder_area=&#8221;et_body_layout&#8221;][et_pb_column type=&#8221;1_2&#8243; _builder_version=&#8221;4.22.2&#8243; _module_preset=&#8221;default&#8221; global_colors_info=&#8221;{}&#8221; theme_builder_area=&#8221;et_body_layout&#8221;][et_pb_image src=&#8221;https:\/\/www.bunkrpraslavice.cz\/wp-content\/uploads\/2024\/09\/Obrazek-WhatsApp-2024-09-11-v-07.47.14_df0ed9e4.jpg&#8221; alt=&#8221;Dny evropsk\u00e9ho d\u011bdictv\u00ed&#8221; title_text=&#8221;Obr\u00e1zek WhatsApp, 2024-09-11 v 07.47.14_df0ed9e4&#8243; _builder_version=&#8221;4.27.0&#8243; _module_preset=&#8221;default&#8221; hover_enabled=&#8221;0&#8243; global_colors_info=&#8221;{}&#8221; theme_builder_area=&#8221;et_body_layout&#8221; sticky_enabled=&#8221;0&#8243;][\/et_pb_image][\/et_pb_column][et_pb_column type=&#8221;1_2&#8243; _builder_version=&#8221;4.22.2&#8243; _module_preset=&#8221;default&#8221; global_colors_info=&#8221;{}&#8221; theme_builder_area=&#8221;et_body_layout&#8221;][et_pb_text _builder_version=&#8221;4.27.0&#8243; _module_preset=&#8221;default&#8221; custom_padding=&#8221;1px|||||&#8221; global_colors_info=&#8221;{}&#8221; theme_builder_area=&#8221;et_body_layout&#8221;]<div class=\"x11i5rnm xat24cr x1mh8g0r x1vvkbs xtlvy1s\"><\/div>\n<div class=\"x11i5rnm xat24cr x1mh8g0r x1vvkbs xtlvy1s\"><\/div>\n<div class=\"x11i5rnm xat24cr x1mh8g0r x1vvkbs xtlvy1s\"><\/div>\n<div class=\"x11i5rnm xat24cr x1mh8g0r x1vvkbs xtlvy1s\"><\/div>\n<div class=\"x11i5rnm xat24cr x1mh8g0r x1vvkbs xtlvy1s\"><\/div>\n<div class=\"x11i5rnm xat24cr x1mh8g0r x1vvkbs xtlvy1s\"><span style=\"font-size: 14px;\"><b><\/b><\/span><\/div>\n<div class=\"x11i5rnm xat24cr x1mh8g0r x1vvkbs xtlvy1s\"><span style=\"font-size: 14px;\"><b><\/b><\/span><\/div>\n<div class=\"x11i5rnm xat24cr x1mh8g0r x1vvkbs xtlvy1s\">Z\u00edskali jsme<b> prvn\u00ed cenu hejtmana Olomouck\u00e9ho kraje za spole\u010denskou odpov\u011bdnost za rok 2023. <\/b>Na slavnostn\u00edm ve\u010deru, kter\u00fd se konal 10.9.2024, jsme byli ocen\u011bni t\u00edmto diplomem <b>v kategorii mikropodnikatel\u016f a \u017eivnostn\u00edk\u016f. <\/b>Velice si ceny v\u00e1\u017e\u00edme, jeliko\u017e je odm\u011bnou za na\u0161i snahu o obnovu zanedban\u00e9ho vojensk\u00e9ho are\u00e1lu, kter\u00fdm bunkr P\u0159\u00e1slavice p\u0159i na\u0161em p\u0159evzet\u00ed p\u0159ed mnoha lety byl. V sou\u010dasn\u00e9 dob\u011b v prostor\u00e1ch bunkru prob\u00edh\u00e1 hned <strong>n\u011bkolik podnikatelsk\u00fdch aktivit<\/strong>, z nich\u017e porotu nejv\u00edce oslovila na\u0161e <strong>modern\u00ed m\u011bstsk\u00e1 aquaponick\u00e1 farma<\/strong>, kter\u00e1 je p\u0159\u00edkladem udr\u017eiteln\u00e9ho, ekologick\u00e9ho a lok\u00e1ln\u00edho zem\u011bd\u011blstv\u00ed, proto\u017ee produkci <strong>vyp\u011bstovanou v bunkru<\/strong> dod\u00e1v\u00e1me obchodn\u00edk\u016fm a restaurac\u00edm p\u0159\u00edmo v Olomouck\u00e9m kraji.<\/div>\n<div class=\"x11i5rnm xat24cr x1mh8g0r x1vvkbs xtlvy1s\"><\/div>\n<div class=\"x11i5rnm xat24cr x1mh8g0r x1vvkbs xtlvy1s\"><b><\/b><\/div>\n<div class=\"x11i5rnm xat24cr x1mh8g0r x1vvkbs xtlvy1s\"><b><\/b><\/div>\n<blockquote><\/blockquote>\n<div class=\"x11i5rnm xat24cr x1mh8g0r x1vvkbs xtlvy1s\"><span style=\"font-size: 14px;\"><\/span><\/div>\n<div class=\"x11i5rnm xat24cr x1mh8g0r x1vvkbs xtlvy1s\"><span style=\"font-size: 14px;\"><\/span><\/div>\n<div class=\"x11i5rnm xat24cr x1mh8g0r x1vvkbs xtlvy1s\"><span style=\"font-size: 14px;\"><\/span><\/div>\n<div class=\"x11i5rnm xat24cr x1mh8g0r x1vvkbs xtlvy1s\"><span style=\"font-size: 14px;\"><\/span><\/div>[\/et_pb_text][\/et_pb_column][\/et_pb_row][\/et_pb_section]\n","protected":false},"excerpt":{"rendered":"<p>Z\u00edskali jsme prvn\u00ed cenu hejtmana Olomouck\u00e9ho kraje za spole\u010denskou odpov\u011bdnost za rok 2023. Na slavnostn\u00edm ve\u010deru, kter\u00fd se konal 10.9.2024, jsme byli ocen\u011bni t\u00edmto diplomem v kategorii mikropodnikatel\u016f a \u017eivnostn\u00edk\u016f. Velice si ceny v\u00e1\u017e\u00edme, jeliko\u017e je odm\u011bnou za na\u0161i snahu o obnovu zanedban\u00e9ho vojensk\u00e9ho are\u00e1lu, kter\u00fdm bunkr P\u0159\u00e1slavice p\u0159i na\u0161em p\u0159evzet\u00ed p\u0159ed mnoha lety byl. [&hellip;]<\/p>\n","protected":false},"author":3,"featured_media":6587,"comment_status":"closed","ping_status":"closed","sticky":false,"template":"","format":"standard","meta":{"_et_pb_use_builder":"on","_et_pb_old_content":"","_et_gb_content_width":"","footnotes":""},"categories":[1],"tags":[],"class_list":["post-6582","post","type-post","status-publish","format-standard","has-post-thumbnail","hentry","category-uncategorized-cs"],"_links":{"self":[{"href":"https:\/\/www.bunkrpraslavice.cz\/en\/wp-json\/wp\/v2\/posts\/6582","targetHints":{"allow":["GET"]}}],"collection":[{"href":"https:\/\/www.bunkrpraslavice.cz\/en\/wp-json\/wp\/v2\/posts"}],"about":[{"href":"https:\/\/www.bunkrpraslavice.cz\/en\/wp-json\/wp\/v2\/types\/post"}],"author":[{"embeddable":true,"href":"https:\/\/www.bunkrpraslavice.cz\/en\/wp-json\/wp\/v2\/users\/3"}],"replies":[{"embeddable":true,"href":"https:\/\/www.bunkrpraslavice.cz\/en\/wp-json\/wp\/v2\/comments?post=6582"}],"version-history":[{"count":0,"href":"https:\/\/www.bunkrpraslavice.cz\/en\/wp-json\/wp\/v2\/posts\/6582\/revisions"}],"wp:featuredmedia":[{"embeddable":true,"href":"https:\/\/www.bunkrpraslavice.cz\/en\/wp-json\/wp\/v2\/media\/6587"}],"wp:attachment":[{"href":"https:\/\/www.bunkrpraslavice.cz\/en\/wp-json\/wp\/v2\/media?parent=6582"}],"wp:term":[{"taxonomy":"category","embeddable":true,"href":"https:\/\/www.bunkrpraslavice.cz\/en\/wp-json\/wp\/v2\/categories?post=6582"},{"taxonomy":"post_tag","embeddable":true,"href":"https:\/\/www.bunkrpraslavice.cz\/en\/wp-json\/wp\/v2\/tags?post=6582"}],"curies":[{"name":"wp","href":"https:\/\/api.w.org\/{rel}","templated":true}]}}