{"id":6568,"date":"2024-09-01T10:47:59","date_gmt":"2024-09-01T09:47:59","guid":{"rendered":"https:\/\/www.bunkrpraslavice.cz\/?p=6568"},"modified":"2024-09-01T10:55:58","modified_gmt":"2024-09-01T09:55:58","slug":"bunkr-jako-soucast-dnu-evropskeho-dedictvi","status":"publish","type":"post","link":"https:\/\/www.bunkrpraslavice.cz\/en\/bunkr-jako-soucast-dnu-evropskeho-dedictvi\/","title":{"rendered":"Bunkr jako sou\u010d\u00e1st Dn\u016f evropsk\u00e9ho d\u011bdictv\u00ed"},"content":{"rendered":"<p>[et_pb_section fb_built=&#8221;1&#8243; _builder_version=&#8221;4.22.2&#8243; _module_preset=&#8221;default&#8221; global_colors_info=&#8221;{}&#8221; theme_builder_area=&#8221;et_body_layout&#8221;][et_pb_row column_structure=&#8221;1_2,1_2&#8243; _builder_version=&#8221;4.23.1&#8243; _module_preset=&#8221;default&#8221; global_colors_info=&#8221;{}&#8221; theme_builder_area=&#8221;et_body_layout&#8221;][et_pb_column type=&#8221;1_2&#8243; _builder_version=&#8221;4.22.2&#8243; _module_preset=&#8221;default&#8221; global_colors_info=&#8221;{}&#8221; theme_builder_area=&#8221;et_body_layout&#8221;][et_pb_image src=&#8221;https:\/\/www.bunkrpraslavice.cz\/wp-content\/uploads\/2024\/09\/DED_udalost.png&#8221; _builder_version=&#8221;4.27.0&#8243; _module_preset=&#8221;default&#8221; theme_builder_area=&#8221;et_body_layout&#8221; alt=&#8221;Dny evropsk\u00e9ho d\u011bdictv\u00ed&#8221; title_text=&#8221;DED_ud\u00e1lost&#8221; hover_enabled=&#8221;0&#8243; sticky_enabled=&#8221;0&#8243;][\/et_pb_image][\/et_pb_column][et_pb_column type=&#8221;1_2&#8243; _builder_version=&#8221;4.22.2&#8243; _module_preset=&#8221;default&#8221; global_colors_info=&#8221;{}&#8221; theme_builder_area=&#8221;et_body_layout&#8221;][et_pb_text _builder_version=&#8221;4.27.0&#8243; _module_preset=&#8221;default&#8221; custom_padding=&#8221;1px|||||&#8221; hover_enabled=&#8221;0&#8243; global_colors_info=&#8221;{}&#8221; theme_builder_area=&#8221;et_body_layout&#8221; sticky_enabled=&#8221;0&#8243;]<\/p>\n<div class=\"x11i5rnm xat24cr x1mh8g0r x1vvkbs xtlvy1s\"><\/div>\n<div class=\"x11i5rnm xat24cr x1mh8g0r x1vvkbs xtlvy1s\"><\/div>\n<div class=\"x11i5rnm xat24cr x1mh8g0r x1vvkbs xtlvy1s\"><\/div>\n<div class=\"x11i5rnm xat24cr x1mh8g0r x1vvkbs xtlvy1s\"><\/div>\n<div class=\"x11i5rnm xat24cr x1mh8g0r x1vvkbs xtlvy1s\"><\/div>\n<div class=\"x11i5rnm xat24cr x1mh8g0r x1vvkbs xtlvy1s\"><span style=\"font-size: 14px;\"><b><\/b><\/span><\/div>\n<div class=\"x11i5rnm xat24cr x1mh8g0r x1vvkbs xtlvy1s\"><span style=\"font-size: 14px;\"><b><\/b><\/span><\/div>\n<div class=\"x11i5rnm xat24cr x1mh8g0r x1vvkbs xtlvy1s\"><span style=\"font-size: 14px;\"><b>Dny evropsk\u00e9ho d\u011bdictv\u00ed v bunkru P\u0159\u00e1slavice<\/b><\/span><\/div>\n<div class=\"x11i5rnm xat24cr x1mh8g0r x1vvkbs xtlvy1s\"><span style=\"font-size: 14px;\"><\/span>Letos poprv\u00e9 jsme se stali sou\u010d\u00e1st\u00ed oslav <strong>Dn\u016f otev\u0159en\u00fdch pam\u00e1tek<\/strong> v r\u00e1mci <strong>Dn\u016f evropsk\u00e9ho d\u011bdictv\u00ed Olomouc<\/strong>.<\/div>\n<div class=\"x11i5rnm xat24cr x1mh8g0r x1vvkbs xtlvy1s\"><\/div>\n<div class=\"x11i5rnm xat24cr x1mh8g0r x1vvkbs xtlvy1s\"><\/div>\n<div class=\"x11i5rnm xat24cr x1mh8g0r x1vvkbs xtlvy1s\">M\u016f\u017eete k n\u00e1m dorazit v sobotu <strong>7.z\u00e1\u0159\u00ed<\/strong> a sice na t\u0159i komentovan\u00e9 prohl\u00eddky od <strong>10:00, 12:00 a 14:00<\/strong> hodin.\u00a0<\/div>\n<div class=\"x11i5rnm xat24cr x1mh8g0r x1vvkbs xtlvy1s\">Kapacita ka\u017ed\u00e9 prohl\u00eddky je 25 osob, potrv\u00e1 40 minut a nutn\u00e9 je zakoupit si <strong>p\u0159edem vstupenku<\/strong> na na\u0161em eshopu.<\/div>\n<div class=\"x11i5rnm xat24cr x1mh8g0r x1vvkbs xtlvy1s\">Cena pro tyto prohl\u00eddky je jednotn\u00e1, <strong>150,- K\u010d<\/strong>.<\/div>\n<div class=\"x11i5rnm xat24cr x1mh8g0r x1vvkbs xtlvy1s\">Projd\u011bte se podzem\u00edm kdysi tajn\u00e9ho vojensk\u00e9ho objektu z dob studen\u00e9 v\u00e1lky. Nenechte si uj\u00edt mo\u017enost pod\u00edvat se k n\u00e1m do bunkru za tuto <strong>zv\u00fdhodn\u011bnou &#8220;festivalovou&#8221; cenu<\/strong>. T\u011b\u0161\u00edme se na V\u00e1s. My z bunkru<\/div>\n<div class=\"x11i5rnm xat24cr x1mh8g0r x1vvkbs xtlvy1s\"><\/div>\n<div class=\"x11i5rnm xat24cr x1mh8g0r x1vvkbs xtlvy1s\"><span style=\"font-size: 14px;\">Vstupenky<\/span><a href=\"https:\/\/rezervace.bunkrpraslavice.cz\/\" target=\"_blank\" rel=\"noopener\" style=\"font-size: 14px;\"> zde<\/a><span style=\"font-size: 14px;\">.<\/span><\/div>\n<blockquote><\/blockquote>\n<div class=\"x11i5rnm xat24cr x1mh8g0r x1vvkbs xtlvy1s\"><span style=\"font-size: 14px;\"><\/span><\/div>\n<div class=\"x11i5rnm xat24cr x1mh8g0r x1vvkbs xtlvy1s\"><span style=\"font-size: 14px;\"><\/span><\/div>\n<div class=\"x11i5rnm xat24cr x1mh8g0r x1vvkbs xtlvy1s\"><span style=\"font-size: 14px;\"><\/span><\/div>\n<div class=\"x11i5rnm xat24cr x1mh8g0r x1vvkbs xtlvy1s\"><span style=\"font-size: 14px;\"><\/span><\/div>\n<p>[\/et_pb_text][\/et_pb_column][\/et_pb_row][\/et_pb_section]<\/p>\n","protected":false},"excerpt":{"rendered":"<p>Dny evropsk\u00e9ho d\u011bdictv\u00ed v bunkru P\u0159\u00e1slavice Letos poprv\u00e9 jsme se stali sou\u010d\u00e1st\u00ed oslav Dn\u016f otev\u0159en\u00fdch pam\u00e1tek v r\u00e1mci Dn\u016f evropsk\u00e9ho d\u011bdictv\u00ed Olomouc. M\u016f\u017eete k n\u00e1m dorazit v sobotu 7.z\u00e1\u0159\u00ed a sice na t\u0159i komentovan\u00e9 prohl\u00eddky od 10:00, 12:00 a 14:00 hodin.\u00a0 Kapacita ka\u017ed\u00e9 prohl\u00eddky je 25 osob, potrv\u00e1 40 minut a nutn\u00e9 je zakoupit si [&hellip;]<\/p>\n","protected":false},"author":3,"featured_media":6569,"comment_status":"closed","ping_status":"closed","sticky":false,"template":"","format":"standard","meta":{"_et_pb_use_builder":"on","_et_pb_old_content":"","_et_gb_content_width":"","footnotes":""},"categories":[1],"tags":[],"class_list":["post-6568","post","type-post","status-publish","format-standard","has-post-thumbnail","hentry","category-uncategorized-cs"],"_links":{"self":[{"href":"https:\/\/www.bunkrpraslavice.cz\/en\/wp-json\/wp\/v2\/posts\/6568","targetHints":{"allow":["GET"]}}],"collection":[{"href":"https:\/\/www.bunkrpraslavice.cz\/en\/wp-json\/wp\/v2\/posts"}],"about":[{"href":"https:\/\/www.bunkrpraslavice.cz\/en\/wp-json\/wp\/v2\/types\/post"}],"author":[{"embeddable":true,"href":"https:\/\/www.bunkrpraslavice.cz\/en\/wp-json\/wp\/v2\/users\/3"}],"replies":[{"embeddable":true,"href":"https:\/\/www.bunkrpraslavice.cz\/en\/wp-json\/wp\/v2\/comments?post=6568"}],"version-history":[{"count":0,"href":"https:\/\/www.bunkrpraslavice.cz\/en\/wp-json\/wp\/v2\/posts\/6568\/revisions"}],"wp:featuredmedia":[{"embeddable":true,"href":"https:\/\/www.bunkrpraslavice.cz\/en\/wp-json\/wp\/v2\/media\/6569"}],"wp:attachment":[{"href":"https:\/\/www.bunkrpraslavice.cz\/en\/wp-json\/wp\/v2\/media?parent=6568"}],"wp:term":[{"taxonomy":"category","embeddable":true,"href":"https:\/\/www.bunkrpraslavice.cz\/en\/wp-json\/wp\/v2\/categories?post=6568"},{"taxonomy":"post_tag","embeddable":true,"href":"https:\/\/www.bunkrpraslavice.cz\/en\/wp-json\/wp\/v2\/tags?post=6568"}],"curies":[{"name":"wp","href":"https:\/\/api.w.org\/{rel}","templated":true}]}}