{"id":6469,"date":"2024-05-10T09:49:49","date_gmt":"2024-05-10T08:49:49","guid":{"rendered":"https:\/\/www.bunkrpraslavice.cz\/?p=6469"},"modified":"2024-05-10T09:50:57","modified_gmt":"2024-05-10T08:50:57","slug":"olomoucka-muzejni-noc-v-bunkru-praslavice","status":"publish","type":"post","link":"https:\/\/www.bunkrpraslavice.cz\/en\/olomoucka-muzejni-noc-v-bunkru-praslavice\/","title":{"rendered":"Olomouck\u00e1 muzejn\u00ed noc v bunkru P\u0159\u00e1slavice"},"content":{"rendered":"\n[et_pb_section fb_built=&#8221;1&#8243; _builder_version=&#8221;4.22.2&#8243; _module_preset=&#8221;default&#8221; global_colors_info=&#8221;{}&#8221; theme_builder_area=&#8221;et_body_layout&#8221;][et_pb_row column_structure=&#8221;1_2,1_2&#8243; _builder_version=&#8221;4.23.1&#8243; _module_preset=&#8221;default&#8221; global_colors_info=&#8221;{}&#8221; theme_builder_area=&#8221;et_body_layout&#8221;][et_pb_column type=&#8221;1_2&#8243; _builder_version=&#8221;4.22.2&#8243; _module_preset=&#8221;default&#8221; global_colors_info=&#8221;{}&#8221; theme_builder_area=&#8221;et_body_layout&#8221;][et_pb_image src=&#8221;https:\/\/www.bunkrpraslavice.cz\/wp-content\/uploads\/2024\/05\/Muzejni-noc-v-bunkru-Praslavice.png&#8221; alt=&#8221;Muzejn\u00ed noc v bunkru P\u0159\u00e1slavice&#8221; title_text=&#8221;Muzejn\u00ed noc v bunkru P\u0159\u00e1slavice&#8221; _builder_version=&#8221;4.23.1&#8243; _module_preset=&#8221;default&#8221; hover_enabled=&#8221;0&#8243; global_colors_info=&#8221;{}&#8221; theme_builder_area=&#8221;et_body_layout&#8221; sticky_enabled=&#8221;0&#8243;][\/et_pb_image][\/et_pb_column][et_pb_column type=&#8221;1_2&#8243; _builder_version=&#8221;4.22.2&#8243; _module_preset=&#8221;default&#8221; global_colors_info=&#8221;{}&#8221; theme_builder_area=&#8221;et_body_layout&#8221;][et_pb_text _builder_version=&#8221;4.23.1&#8243; _module_preset=&#8221;default&#8221; custom_padding=&#8221;3px|||||&#8221; global_colors_info=&#8221;{}&#8221; theme_builder_area=&#8221;et_body_layout&#8221;]<div class=\"x11i5rnm xat24cr x1mh8g0r x1vvkbs xtlvy1s\"><\/div>\n<div class=\"x11i5rnm xat24cr x1mh8g0r x1vvkbs xtlvy1s\"><\/div>\n<div class=\"x11i5rnm xat24cr x1mh8g0r x1vvkbs xtlvy1s\"><\/div>\n<div class=\"x11i5rnm xat24cr x1mh8g0r x1vvkbs xtlvy1s\"><\/div>\n<div class=\"x11i5rnm xat24cr x1mh8g0r x1vvkbs xtlvy1s\"><\/div>\n<div class=\"x11i5rnm xat24cr x1mh8g0r x1vvkbs xtlvy1s\"><span style=\"font-size: 14px;\"><b><\/b><\/span><\/div>\n<div class=\"x11i5rnm xat24cr x1mh8g0r x1vvkbs xtlvy1s\"><span style=\"font-size: 14px;\"><b><\/b><\/span><\/div>\n<div class=\"x11i5rnm xat24cr x1mh8g0r x1vvkbs xtlvy1s\"><span style=\"font-size: 14px;\"><b>Olomouck\u00e1 muzejn\u00ed noc 17.5.2024<\/b><\/span><\/div>\n<div class=\"x11i5rnm xat24cr x1mh8g0r x1vvkbs xtlvy1s\"><span style=\"font-size: 14px;\"><b><\/b><\/span><\/div>\n<div class=\"x11i5rnm xat24cr x1mh8g0r x1vvkbs xtlvy1s\">Bunkr P\u0159\u00e1slavice bude letos poprv\u00e9 sou\u010d\u00e1st\u00ed t\u00e9to <strong>celon\u00e1rodn\u00ed akce<\/strong>.<\/div>\n<div class=\"x11i5rnm xat24cr x1mh8g0r x1vvkbs xtlvy1s\">M\u00e1te mo\u017enost p\u0159ij\u00edt si prohl\u00e9dnout d\u0159\u00edve <strong>p\u0159\u00edsn\u011b tajn\u00fd objekt<\/strong> z dob studen\u00e9 v\u00e1lky a sice za <strong>zv\u00fdhodn\u011bn\u00e9 vstupn\u00e9<\/strong> <strong>150,- K\u010d<\/strong> za osobu.<\/div>\n<div class=\"x11i5rnm xat24cr x1mh8g0r x1vvkbs xtlvy1s\">K dispozici jsou t\u0159i prohl\u00eddky, <strong>v 18.00, 19.30 a 21.00 hodin.<\/strong> Ka\u017ed\u00e1 prohl\u00eddka potrv\u00e1 <strong>45 minut<\/strong> a kapacita je maxim\u00e1ln\u011b <strong>25 osob<\/strong>.<\/div>\n<div class=\"x11i5rnm xat24cr x1mh8g0r x1vvkbs xtlvy1s\"><strong>Vstupenky<\/strong> na prohl\u00eddku bunkru P\u0159\u00e1slavice v r\u00e1mci Olomouck\u00e9 muzejn\u00ed noci zakoup\u00edte <a href=\"https:\/\/rezervace.bunkrpraslavice.cz\/\" target=\"_blank\" rel=\"noopener\" style=\"font-size: 14px;\">zde<\/a><span style=\"font-size: 14px;\">.<\/span><\/div>\n<div class=\"x11i5rnm xat24cr x1mh8g0r x1vvkbs xtlvy1s\"><\/div>\n<blockquote><\/blockquote>\n<div class=\"x11i5rnm xat24cr x1mh8g0r x1vvkbs xtlvy1s\"><span style=\"font-size: 14px;\"><\/span><\/div>\n<div class=\"x11i5rnm xat24cr x1mh8g0r x1vvkbs xtlvy1s\"><span style=\"font-size: 14px;\"><\/span><\/div>\n<div class=\"x11i5rnm xat24cr x1mh8g0r x1vvkbs xtlvy1s\"><span style=\"font-size: 14px;\"><\/span><\/div>\n<div class=\"x11i5rnm xat24cr x1mh8g0r x1vvkbs xtlvy1s\"><span style=\"font-size: 14px;\"><\/span><\/div>[\/et_pb_text][\/et_pb_column][\/et_pb_row][\/et_pb_section]\n","protected":false},"excerpt":{"rendered":"<p>Olomouck\u00e1 muzejn\u00ed noc 17.5.2024 Bunkr P\u0159\u00e1slavice bude letos poprv\u00e9 sou\u010d\u00e1st\u00ed t\u00e9to celon\u00e1rodn\u00ed akce. M\u00e1te mo\u017enost p\u0159ij\u00edt si prohl\u00e9dnout d\u0159\u00edve p\u0159\u00edsn\u011b tajn\u00fd objekt z dob studen\u00e9 v\u00e1lky a sice za zv\u00fdhodn\u011bn\u00e9 vstupn\u00e9 150,- K\u010d za osobu. K dispozici jsou t\u0159i prohl\u00eddky, v 18.00, 19.30 a 21.00 hodin. Ka\u017ed\u00e1 prohl\u00eddka potrv\u00e1 45 minut a kapacita je maxim\u00e1ln\u011b [&hellip;]<\/p>\n","protected":false},"author":3,"featured_media":6471,"comment_status":"closed","ping_status":"closed","sticky":false,"template":"","format":"standard","meta":{"_et_pb_use_builder":"on","_et_pb_old_content":"","_et_gb_content_width":"","footnotes":""},"categories":[1],"tags":[],"class_list":["post-6469","post","type-post","status-publish","format-standard","has-post-thumbnail","hentry","category-uncategorized-cs"],"_links":{"self":[{"href":"https:\/\/www.bunkrpraslavice.cz\/en\/wp-json\/wp\/v2\/posts\/6469","targetHints":{"allow":["GET"]}}],"collection":[{"href":"https:\/\/www.bunkrpraslavice.cz\/en\/wp-json\/wp\/v2\/posts"}],"about":[{"href":"https:\/\/www.bunkrpraslavice.cz\/en\/wp-json\/wp\/v2\/types\/post"}],"author":[{"embeddable":true,"href":"https:\/\/www.bunkrpraslavice.cz\/en\/wp-json\/wp\/v2\/users\/3"}],"replies":[{"embeddable":true,"href":"https:\/\/www.bunkrpraslavice.cz\/en\/wp-json\/wp\/v2\/comments?post=6469"}],"version-history":[{"count":0,"href":"https:\/\/www.bunkrpraslavice.cz\/en\/wp-json\/wp\/v2\/posts\/6469\/revisions"}],"wp:featuredmedia":[{"embeddable":true,"href":"https:\/\/www.bunkrpraslavice.cz\/en\/wp-json\/wp\/v2\/media\/6471"}],"wp:attachment":[{"href":"https:\/\/www.bunkrpraslavice.cz\/en\/wp-json\/wp\/v2\/media?parent=6469"}],"wp:term":[{"taxonomy":"category","embeddable":true,"href":"https:\/\/www.bunkrpraslavice.cz\/en\/wp-json\/wp\/v2\/categories?post=6469"},{"taxonomy":"post_tag","embeddable":true,"href":"https:\/\/www.bunkrpraslavice.cz\/en\/wp-json\/wp\/v2\/tags?post=6469"}],"curies":[{"name":"wp","href":"https:\/\/api.w.org\/{rel}","templated":true}]}}