{"id":6460,"date":"2024-04-23T13:33:32","date_gmt":"2024-04-23T12:33:32","guid":{"rendered":"https:\/\/www.bunkrpraslavice.cz\/?p=6460"},"modified":"2024-04-23T13:35:03","modified_gmt":"2024-04-23T12:35:03","slug":"bily-kamen-1-5-bude-otevren-vojensky-prostor-libava-vcetne-bunkru-praslavice","status":"publish","type":"post","link":"https:\/\/www.bunkrpraslavice.cz\/en\/bily-kamen-1-5-bude-otevren-vojensky-prostor-libava-vcetne-bunkru-praslavice\/","title":{"rendered":"B\u00edl\u00fd k\u00e1men &#8211; 1.5. bude otev\u0159en vojensk\u00fd prostor Libav\u00e1 v\u010detn\u011b bunkru P\u0159\u00e1slavice"},"content":{"rendered":"\n[et_pb_section fb_built=&#8221;1&#8243; _builder_version=&#8221;4.22.2&#8243; _module_preset=&#8221;default&#8221; global_colors_info=&#8221;{}&#8221; theme_builder_area=&#8221;et_body_layout&#8221;][et_pb_row column_structure=&#8221;1_2,1_2&#8243; _builder_version=&#8221;4.23.1&#8243; _module_preset=&#8221;default&#8221; global_colors_info=&#8221;{}&#8221; theme_builder_area=&#8221;et_body_layout&#8221;][et_pb_column type=&#8221;1_2&#8243; _builder_version=&#8221;4.22.2&#8243; _module_preset=&#8221;default&#8221; global_colors_info=&#8221;{}&#8221; theme_builder_area=&#8221;et_body_layout&#8221;][et_pb_image src=&#8221;https:\/\/www.bunkrpraslavice.cz\/wp-content\/uploads\/2024\/04\/plakat_Bily_kamen_1ku1-1.jpg&#8221; alt=&#8221;Velikono\u010dn\u00ed nab\u00eddka&#8221; title_text=&#8221;plakat_Bily_kamen_1ku1-1&#8243; _builder_version=&#8221;4.23.1&#8243; _module_preset=&#8221;default&#8221; hover_enabled=&#8221;0&#8243; global_colors_info=&#8221;{}&#8221; theme_builder_area=&#8221;et_body_layout&#8221; sticky_enabled=&#8221;0&#8243;][\/et_pb_image][\/et_pb_column][et_pb_column type=&#8221;1_2&#8243; _builder_version=&#8221;4.22.2&#8243; _module_preset=&#8221;default&#8221; global_colors_info=&#8221;{}&#8221; theme_builder_area=&#8221;et_body_layout&#8221;][et_pb_text _builder_version=&#8221;4.23.1&#8243; _module_preset=&#8221;default&#8221; custom_padding=&#8221;3px|||||&#8221; global_colors_info=&#8221;{}&#8221; theme_builder_area=&#8221;et_body_layout&#8221;]<div class=\"x11i5rnm xat24cr x1mh8g0r x1vvkbs xtlvy1s\"><\/div>\n<div class=\"x11i5rnm xat24cr x1mh8g0r x1vvkbs xtlvy1s\"><\/div>\n<div class=\"x11i5rnm xat24cr x1mh8g0r x1vvkbs xtlvy1s\"><\/div>\n<div class=\"x11i5rnm xat24cr x1mh8g0r x1vvkbs xtlvy1s\"><\/div>\n<div class=\"x11i5rnm xat24cr x1mh8g0r x1vvkbs xtlvy1s\"><\/div>\n<div class=\"x11i5rnm xat24cr x1mh8g0r x1vvkbs xtlvy1s\"><span style=\"font-size: 14px;\"><b><\/b><\/span><\/div>\n<div class=\"x11i5rnm xat24cr x1mh8g0r x1vvkbs xtlvy1s\"><span style=\"font-size: 14px;\"><b><\/b><\/span><\/div>\n<div class=\"x11i5rnm xat24cr x1mh8g0r x1vvkbs xtlvy1s\"><span style=\"font-size: 14px;\"><b>B\u00edl\u00fd k\u00e1men je cykloturistick\u00e1 akce<\/b><\/span>. Letos u\u017e po t\u0159ic\u00e1t\u00e9!<\/div>\n<div class=\"x11i5rnm xat24cr x1mh8g0r x1vvkbs xtlvy1s\"><\/div>\n<div class=\"x11i5rnm xat24cr x1mh8g0r x1vvkbs xtlvy1s\">Pouze jednou ro\u010dn\u011b se pro ve\u0159ejnost otev\u00edr\u00e1<strong> vojensk\u00fd prostor Libav\u00e1<\/strong>. Prozkoumejte tajemn\u00e9 okol\u00ed Olomouce a stavte se p\u0159itom i u n\u00e1s v bunkru.<\/div>\n<div class=\"x11i5rnm xat24cr x1mh8g0r x1vvkbs xtlvy1s\">Jsme v t\u011bsn\u00e9m sousedstv\u00ed vojensk\u00e9ho prostoru a <strong>1.5.<\/strong> budeme m\u00edt <strong>otev\u0159eno<\/strong>.<\/div>\n<div class=\"x11i5rnm xat24cr x1mh8g0r x1vvkbs xtlvy1s\">O akci B\u00edl\u00fd k\u00e1men se dozv\u00edte v\u00edte na <a href=\"https:\/\/bilykamen-libava.cz\/\" target=\"_blank\" rel=\"noopener\">webov\u00fdch str\u00e1nk\u00e1ch akce<\/a>.<\/div>\n<div class=\"x11i5rnm xat24cr x1mh8g0r x1vvkbs xtlvy1s\">Vstupenky na prohl\u00eddku bunkru P\u0159\u00e1slavice koup\u00edte jako obvykle <a href=\"https:\/\/rezervace.bunkrpraslavice.cz\/\" target=\"_blank\" rel=\"noopener\" style=\"font-size: 14px;\">zde<\/a><span style=\"font-size: 14px;\">.<\/span><\/div>\n<div class=\"x11i5rnm xat24cr x1mh8g0r x1vvkbs xtlvy1s\"><\/div>\n<blockquote><\/blockquote>\n<div class=\"x11i5rnm xat24cr x1mh8g0r x1vvkbs xtlvy1s\"><span style=\"font-size: 14px;\"><\/span><\/div>\n<div class=\"x11i5rnm xat24cr x1mh8g0r x1vvkbs xtlvy1s\"><span style=\"font-size: 14px;\"><\/span><\/div>\n<div class=\"x11i5rnm xat24cr x1mh8g0r x1vvkbs xtlvy1s\"><span style=\"font-size: 14px;\"><\/span><\/div>\n<div class=\"x11i5rnm xat24cr x1mh8g0r x1vvkbs xtlvy1s\"><span style=\"font-size: 14px;\"><\/span><\/div>[\/et_pb_text][\/et_pb_column][\/et_pb_row][\/et_pb_section]\n","protected":false},"excerpt":{"rendered":"<p>B\u00edl\u00fd k\u00e1men je cykloturistick\u00e1 akce. Letos u\u017e po t\u0159ic\u00e1t\u00e9! Pouze jednou ro\u010dn\u011b se pro ve\u0159ejnost otev\u00edr\u00e1 vojensk\u00fd prostor Libav\u00e1. Prozkoumejte tajemn\u00e9 okol\u00ed Olomouce a stavte se p\u0159itom i u n\u00e1s v bunkru. Jsme v t\u011bsn\u00e9m sousedstv\u00ed vojensk\u00e9ho prostoru a 1.5. budeme m\u00edt otev\u0159eno. O akci B\u00edl\u00fd k\u00e1men se dozv\u00edte v\u00edte na webov\u00fdch str\u00e1nk\u00e1ch akce. Vstupenky [&hellip;]<\/p>\n","protected":false},"author":3,"featured_media":6462,"comment_status":"closed","ping_status":"closed","sticky":false,"template":"","format":"standard","meta":{"_et_pb_use_builder":"on","_et_pb_old_content":"","_et_gb_content_width":"","footnotes":""},"categories":[1],"tags":[],"class_list":["post-6460","post","type-post","status-publish","format-standard","has-post-thumbnail","hentry","category-uncategorized-cs"],"_links":{"self":[{"href":"https:\/\/www.bunkrpraslavice.cz\/en\/wp-json\/wp\/v2\/posts\/6460","targetHints":{"allow":["GET"]}}],"collection":[{"href":"https:\/\/www.bunkrpraslavice.cz\/en\/wp-json\/wp\/v2\/posts"}],"about":[{"href":"https:\/\/www.bunkrpraslavice.cz\/en\/wp-json\/wp\/v2\/types\/post"}],"author":[{"embeddable":true,"href":"https:\/\/www.bunkrpraslavice.cz\/en\/wp-json\/wp\/v2\/users\/3"}],"replies":[{"embeddable":true,"href":"https:\/\/www.bunkrpraslavice.cz\/en\/wp-json\/wp\/v2\/comments?post=6460"}],"version-history":[{"count":0,"href":"https:\/\/www.bunkrpraslavice.cz\/en\/wp-json\/wp\/v2\/posts\/6460\/revisions"}],"wp:featuredmedia":[{"embeddable":true,"href":"https:\/\/www.bunkrpraslavice.cz\/en\/wp-json\/wp\/v2\/media\/6462"}],"wp:attachment":[{"href":"https:\/\/www.bunkrpraslavice.cz\/en\/wp-json\/wp\/v2\/media?parent=6460"}],"wp:term":[{"taxonomy":"category","embeddable":true,"href":"https:\/\/www.bunkrpraslavice.cz\/en\/wp-json\/wp\/v2\/categories?post=6460"},{"taxonomy":"post_tag","embeddable":true,"href":"https:\/\/www.bunkrpraslavice.cz\/en\/wp-json\/wp\/v2\/tags?post=6460"}],"curies":[{"name":"wp","href":"https:\/\/api.w.org\/{rel}","templated":true}]}}