{"id":6414,"date":"2024-03-04T17:53:16","date_gmt":"2024-03-04T16:53:16","guid":{"rendered":"https:\/\/www.bunkrpraslavice.cz\/?p=6414"},"modified":"2024-03-04T18:02:30","modified_gmt":"2024-03-04T17:02:30","slug":"brezen-do-bunkru-vlezem-velikonoce-2024","status":"publish","type":"post","link":"https:\/\/www.bunkrpraslavice.cz\/en\/brezen-do-bunkru-vlezem-velikonoce-2024\/","title":{"rendered":"B\u0159ezen, do bunkru vlezem&#8230; Velikonoce 2024"},"content":{"rendered":"<p>[et_pb_section fb_built=&#8221;1&#8243; _builder_version=&#8221;4.22.2&#8243; _module_preset=&#8221;default&#8221; global_colors_info=&#8221;{}&#8221; theme_builder_area=&#8221;et_body_layout&#8221;][et_pb_row column_structure=&#8221;1_2,1_2&#8243; _builder_version=&#8221;4.23.1&#8243; _module_preset=&#8221;default&#8221; global_colors_info=&#8221;{}&#8221; theme_builder_area=&#8221;et_body_layout&#8221;][et_pb_column type=&#8221;1_2&#8243; _builder_version=&#8221;4.22.2&#8243; _module_preset=&#8221;default&#8221; global_colors_info=&#8221;{}&#8221; theme_builder_area=&#8221;et_body_layout&#8221;][et_pb_image src=&#8221;https:\/\/www.bunkrpraslavice.cz\/wp-content\/uploads\/2024\/03\/Uvodka_Velikonoce-souhrnna_RH-loga.jpg&#8221; alt=&#8221;Velikono\u010dn\u00ed nab\u00eddka&#8221; title_text=&#8221;Velikonoce 2024 program prohl\u00eddek&#8221; _builder_version=&#8221;4.23.1&#8243; _module_preset=&#8221;default&#8221; hover_enabled=&#8221;0&#8243; global_colors_info=&#8221;{}&#8221; theme_builder_area=&#8221;et_body_layout&#8221; sticky_enabled=&#8221;0&#8243;][\/et_pb_image][\/et_pb_column][et_pb_column type=&#8221;1_2&#8243; _builder_version=&#8221;4.22.2&#8243; _module_preset=&#8221;default&#8221; global_colors_info=&#8221;{}&#8221; theme_builder_area=&#8221;et_body_layout&#8221;][et_pb_text _builder_version=&#8221;4.23.1&#8243; _module_preset=&#8221;default&#8221; custom_padding=&#8221;3px|||||&#8221; hover_enabled=&#8221;0&#8243; global_colors_info=&#8221;{}&#8221; theme_builder_area=&#8221;et_body_layout&#8221; sticky_enabled=&#8221;0&#8243;]<\/p>\n<div class=\"x11i5rnm xat24cr x1mh8g0r x1vvkbs xtlvy1s\"><\/div>\n<div class=\"x11i5rnm xat24cr x1mh8g0r x1vvkbs xtlvy1s\"><\/div>\n<div class=\"x11i5rnm xat24cr x1mh8g0r x1vvkbs xtlvy1s\"><\/div>\n<div class=\"x11i5rnm xat24cr x1mh8g0r x1vvkbs xtlvy1s\"><\/div>\n<div class=\"x11i5rnm xat24cr x1mh8g0r x1vvkbs xtlvy1s\"><\/div>\n<div class=\"x11i5rnm xat24cr x1mh8g0r x1vvkbs xtlvy1s\"><span style=\"font-size: 14px;\"><b><\/b><\/span><\/div>\n<div class=\"x11i5rnm xat24cr x1mh8g0r x1vvkbs xtlvy1s\"><span style=\"font-size: 14px;\"><b><\/b><\/span><\/div>\n<div class=\"x11i5rnm xat24cr x1mh8g0r x1vvkbs xtlvy1s\"><span style=\"font-size: 14px;\"><b>B\u0159ezen, do bunkru vlezem&#8230; aneb Velikonoce v bunkru P\u0159\u00e1slavice<\/b><\/span><\/div>\n<div class=\"x11i5rnm xat24cr x1mh8g0r x1vvkbs xtlvy1s\"><span style=\"font-size: 14px;\"><\/span>B\u011bhem voln\u00fdch dn\u00ed (\u0161koln\u00edho volna i sv\u00e1tk\u016f) budeme m\u00edt v bunkru otev\u0159eno pro v\u0161echny zv\u00eddav\u00e9 n\u00e1v\u0161t\u011bvn\u00edky. <strong>Pestr\u00fd program<\/strong> jak pro d\u011bti s rodi\u010di tak pro fajn\u0161mekry, pro kter\u00e9 je vojensk\u00e1 historie kon\u00ed\u010dkem a v\u00e1\u0161n\u00ed.<\/div>\n<div class=\"x11i5rnm xat24cr x1mh8g0r x1vvkbs xtlvy1s\">P\u0159ij\u010fte si s n\u00e1mi u\u017e\u00edt <strong>sv\u00e1tky jara<\/strong>. M\u00e1me otev\u0159eno ka\u017ed\u00fd den od 14:00 hodin. Krom\u011b <strong>ned\u011bln\u00ed VIP roz\u0161\u00ed\u0159en\u00e9 prohl\u00eddky. kter\u00e1 trv\u00e1 2 hodiny,<\/strong>\u00a0budou v\u0161echny dny obn\u00e1\u0161et cca <strong>hodinovou prohl\u00eddku podzem\u00ed.<\/strong>\u00a0<\/div>\n<div class=\"x11i5rnm xat24cr x1mh8g0r x1vvkbs xtlvy1s\">Na <strong>Zelen\u00fd \u010dtvrtek<\/strong> si ji zpest\u0159\u00edme n\u011b\u010d\u00edm (n\u011bk\u00fdm) zelen\u00fdm.<\/div>\n<div class=\"x11i5rnm xat24cr x1mh8g0r x1vvkbs xtlvy1s\">V pond\u011bl\u00ed pak d\u011btem p\u0159iprav\u00edme sladkou koledu <strong>(\u0161migrust). <\/strong>T\u011b\u0161\u00edme se na V\u00e1s.<\/div>\n<div class=\"x11i5rnm xat24cr x1mh8g0r x1vvkbs xtlvy1s\"><\/div>\n<div class=\"x11i5rnm xat24cr x1mh8g0r x1vvkbs xtlvy1s\"><span style=\"font-size: 14px;\">Vstupenky<\/span><a href=\"https:\/\/rezervace.bunkrpraslavice.cz\/\" target=\"_blank\" rel=\"noopener\" style=\"font-size: 14px;\"> zde<\/a><span style=\"font-size: 14px;\">.<\/span><\/div>\n<blockquote><\/blockquote>\n<div class=\"x11i5rnm xat24cr x1mh8g0r x1vvkbs xtlvy1s\"><span style=\"font-size: 14px;\"><\/span><\/div>\n<div class=\"x11i5rnm xat24cr x1mh8g0r x1vvkbs xtlvy1s\"><span style=\"font-size: 14px;\"><\/span><\/div>\n<div class=\"x11i5rnm xat24cr x1mh8g0r x1vvkbs xtlvy1s\"><span style=\"font-size: 14px;\"><\/span><\/div>\n<div class=\"x11i5rnm xat24cr x1mh8g0r x1vvkbs xtlvy1s\"><span style=\"font-size: 14px;\"><\/span><\/div>\n<p>[\/et_pb_text][\/et_pb_column][\/et_pb_row][\/et_pb_section]<\/p>\n","protected":false},"excerpt":{"rendered":"<p>B\u0159ezen, do bunkru vlezem&#8230; aneb Velikonoce v bunkru P\u0159\u00e1slavice B\u011bhem voln\u00fdch dn\u00ed (\u0161koln\u00edho volna i sv\u00e1tk\u016f) budeme m\u00edt v bunkru otev\u0159eno pro v\u0161echny zv\u00eddav\u00e9 n\u00e1v\u0161t\u011bvn\u00edky. Pestr\u00fd program jak pro d\u011bti s rodi\u010di tak pro fajn\u0161mekry, pro kter\u00e9 je vojensk\u00e1 historie kon\u00ed\u010dkem a v\u00e1\u0161n\u00ed. P\u0159ij\u010fte si s n\u00e1mi u\u017e\u00edt sv\u00e1tky jara. M\u00e1me otev\u0159eno ka\u017ed\u00fd den od [&hellip;]<\/p>\n","protected":false},"author":3,"featured_media":6415,"comment_status":"closed","ping_status":"closed","sticky":false,"template":"","format":"standard","meta":{"_et_pb_use_builder":"on","_et_pb_old_content":"","_et_gb_content_width":"","footnotes":""},"categories":[1],"tags":[],"class_list":["post-6414","post","type-post","status-publish","format-standard","has-post-thumbnail","hentry","category-uncategorized-cs"],"_links":{"self":[{"href":"https:\/\/www.bunkrpraslavice.cz\/en\/wp-json\/wp\/v2\/posts\/6414","targetHints":{"allow":["GET"]}}],"collection":[{"href":"https:\/\/www.bunkrpraslavice.cz\/en\/wp-json\/wp\/v2\/posts"}],"about":[{"href":"https:\/\/www.bunkrpraslavice.cz\/en\/wp-json\/wp\/v2\/types\/post"}],"author":[{"embeddable":true,"href":"https:\/\/www.bunkrpraslavice.cz\/en\/wp-json\/wp\/v2\/users\/3"}],"replies":[{"embeddable":true,"href":"https:\/\/www.bunkrpraslavice.cz\/en\/wp-json\/wp\/v2\/comments?post=6414"}],"version-history":[{"count":0,"href":"https:\/\/www.bunkrpraslavice.cz\/en\/wp-json\/wp\/v2\/posts\/6414\/revisions"}],"wp:featuredmedia":[{"embeddable":true,"href":"https:\/\/www.bunkrpraslavice.cz\/en\/wp-json\/wp\/v2\/media\/6415"}],"wp:attachment":[{"href":"https:\/\/www.bunkrpraslavice.cz\/en\/wp-json\/wp\/v2\/media?parent=6414"}],"wp:term":[{"taxonomy":"category","embeddable":true,"href":"https:\/\/www.bunkrpraslavice.cz\/en\/wp-json\/wp\/v2\/categories?post=6414"},{"taxonomy":"post_tag","embeddable":true,"href":"https:\/\/www.bunkrpraslavice.cz\/en\/wp-json\/wp\/v2\/tags?post=6414"}],"curies":[{"name":"wp","href":"https:\/\/api.w.org\/{rel}","templated":true}]}}