{"id":6407,"date":"2024-02-28T09:48:32","date_gmt":"2024-02-28T08:48:32","guid":{"rendered":"https:\/\/www.bunkrpraslavice.cz\/?p=6407"},"modified":"2024-02-28T09:55:24","modified_gmt":"2024-02-28T08:55:24","slug":"oslava-zenskosti-mdz-s-pozornosti-pro-zeny","status":"publish","type":"post","link":"https:\/\/www.bunkrpraslavice.cz\/en\/oslava-zenskosti-mdz-s-pozornosti-pro-zeny\/","title":{"rendered":"Oslava \u017eenskosti &#8230; MD\u017d s pozornost\u00ed pro \u017eeny"},"content":{"rendered":"<p>[et_pb_section fb_built=&#8221;1&#8243; _builder_version=&#8221;4.22.2&#8243; _module_preset=&#8221;default&#8221; global_colors_info=&#8221;{}&#8221; theme_builder_area=&#8221;et_body_layout&#8221;][et_pb_row column_structure=&#8221;1_2,1_2&#8243; _builder_version=&#8221;4.23.1&#8243; _module_preset=&#8221;default&#8221; global_colors_info=&#8221;{}&#8221; theme_builder_area=&#8221;et_body_layout&#8221;][et_pb_column type=&#8221;1_2&#8243; _builder_version=&#8221;4.22.2&#8243; _module_preset=&#8221;default&#8221; global_colors_info=&#8221;{}&#8221; theme_builder_area=&#8221;et_body_layout&#8221;][et_pb_image src=&#8221;https:\/\/www.bunkrpraslavice.cz\/wp-content\/uploads\/2024\/02\/skupinova-s-karafiaty-u-motoru-nasirku.jpg&#8221; alt=&#8221;Temn\u00e1 hororov\u00e1 prohl\u00eddka bunkru&#8221; title_text=&#8221;skupinov\u00e1 s karafi\u00e1ty u motor\u016f na\u0161\u00ed\u0159ku&#8221; _builder_version=&#8221;4.23.1&#8243; _module_preset=&#8221;default&#8221; hover_enabled=&#8221;0&#8243; global_colors_info=&#8221;{}&#8221; theme_builder_area=&#8221;et_body_layout&#8221; sticky_enabled=&#8221;0&#8243;][\/et_pb_image][\/et_pb_column][et_pb_column type=&#8221;1_2&#8243; _builder_version=&#8221;4.22.2&#8243; _module_preset=&#8221;default&#8221; global_colors_info=&#8221;{}&#8221; theme_builder_area=&#8221;et_body_layout&#8221;][et_pb_text _builder_version=&#8221;4.22.2&#8243; _module_preset=&#8221;default&#8221; custom_padding=&#8221;3px|||||&#8221; global_colors_info=&#8221;{}&#8221; theme_builder_area=&#8221;et_body_layout&#8221;]<\/p>\n<div class=\"x11i5rnm xat24cr x1mh8g0r x1vvkbs xtlvy1s\"><\/div>\n<div class=\"x11i5rnm xat24cr x1mh8g0r x1vvkbs xtlvy1s\"><\/div>\n<div class=\"x11i5rnm xat24cr x1mh8g0r x1vvkbs xtlvy1s\"><\/div>\n<div class=\"x11i5rnm xat24cr x1mh8g0r x1vvkbs xtlvy1s\"><\/div>\n<div class=\"x11i5rnm xat24cr x1mh8g0r x1vvkbs xtlvy1s\"><\/div>\n<div class=\"x11i5rnm xat24cr x1mh8g0r x1vvkbs xtlvy1s\"><span style=\"font-size: 14px;\"><b><\/b><\/span><\/div>\n<div class=\"x11i5rnm xat24cr x1mh8g0r x1vvkbs xtlvy1s\"><span style=\"font-size: 14px;\"><b><\/b><\/span><\/div>\n<div class=\"x11i5rnm xat24cr x1mh8g0r x1vvkbs xtlvy1s\"><span style=\"font-size: 14px;\"><b>Co jin\u00e9ho k eMD\u00e9\u017det, ne\u017e pro \u017eenu rud\u00fd kv\u011bt?<\/b><\/span><\/div>\n<div class=\"x11i5rnm xat24cr x1mh8g0r x1vvkbs xtlvy1s\"><span style=\"font-size: 14px;\"><\/span><\/div>\n<div class=\"x11i5rnm xat24cr x1mh8g0r x1vvkbs xtlvy1s\">P\u0159ij\u010fte na prohl\u00eddku 8.3. od 18:00 hodin a vezm\u011bte s sebou partnerky, maminky, babi\u010dky, dcery, vnu\u010dky, kamar\u00e1dky&#8230; Ka\u017ed\u00e1 <strong>\u017eena<\/strong> si dom\u016f odnese malou pozornost. My si toti\u017e \u017een v bunkru v\u00e1\u017e\u00edme, proto\u017ee co si budeme pov\u00eddat&#8230; podzem\u00ed a telekomunikace jsou sp\u00ed\u0161 mu\u017eskou dom\u00e9nou.<\/div>\n<div class=\"x11i5rnm xat24cr x1mh8g0r x1vvkbs xtlvy1s\"><\/div>\n<blockquote><\/blockquote>\n<div class=\"x11i5rnm xat24cr x1mh8g0r x1vvkbs xtlvy1s\"><span style=\"font-size: 14px;\"><strong>Prohl\u00eddkov\u00fd okruh<\/strong> V\u00e1s zavede do \u010dty\u0159 podzemn\u00edch podla\u017e\u00ed n\u011bkdej\u0161\u00edho vojensk\u00e9ho, p\u0159\u00edsn\u011b tajn\u00e9ho objektu. Pov\u00edme V\u00e1m o historii ned\u00e1vno minul\u00e9, o <strong>studen\u00e9 v\u00e1lce<\/strong> a hroz\u00edc\u00ed t\u0159et\u00ed sv\u011btov\u00e9 v\u00e1lce, kter\u00e1 mohla propuknout na konci minul\u00e9ho stolet\u00ed.<\/span><\/div>\n<div class=\"x11i5rnm xat24cr x1mh8g0r x1vvkbs xtlvy1s\"><span style=\"font-size: 14px;\">\u00a0Vstupenky<\/span><a href=\"https:\/\/rezervace.bunkrpraslavice.cz\/\" target=\"_blank\" rel=\"noopener\" style=\"font-size: 14px;\"> zde<\/a><span style=\"font-size: 14px;\">.<\/span><\/div>\n<blockquote><\/blockquote>\n<div class=\"x11i5rnm xat24cr x1mh8g0r x1vvkbs xtlvy1s\"><span style=\"font-size: 14px;\"><\/span><\/div>\n<div class=\"x11i5rnm xat24cr x1mh8g0r x1vvkbs xtlvy1s\"><span style=\"font-size: 14px;\"><\/span><\/div>\n<div class=\"x11i5rnm xat24cr x1mh8g0r x1vvkbs xtlvy1s\"><span style=\"font-size: 14px;\"><\/span><\/div>\n<div class=\"x11i5rnm xat24cr x1mh8g0r x1vvkbs xtlvy1s\"><span style=\"font-size: 14px;\"><\/span><\/div>\n<p>[\/et_pb_text][\/et_pb_column][\/et_pb_row][\/et_pb_section]<\/p>\n","protected":false},"excerpt":{"rendered":"<p>Co jin\u00e9ho k eMD\u00e9\u017det, ne\u017e pro \u017eenu rud\u00fd kv\u011bt? P\u0159ij\u010fte na prohl\u00eddku 8.3. od 18:00 hodin a vezm\u011bte s sebou partnerky, maminky, babi\u010dky, dcery, vnu\u010dky, kamar\u00e1dky&#8230; Ka\u017ed\u00e1 \u017eena si dom\u016f odnese malou pozornost. My si toti\u017e \u017een v bunkru v\u00e1\u017e\u00edme, proto\u017ee co si budeme pov\u00eddat&#8230; podzem\u00ed a telekomunikace jsou sp\u00ed\u0161 mu\u017eskou dom\u00e9nou. Prohl\u00eddkov\u00fd okruh V\u00e1s [&hellip;]<\/p>\n","protected":false},"author":3,"featured_media":5495,"comment_status":"closed","ping_status":"closed","sticky":false,"template":"","format":"standard","meta":{"_et_pb_use_builder":"on","_et_pb_old_content":"","_et_gb_content_width":"","footnotes":""},"categories":[1],"tags":[],"class_list":["post-6407","post","type-post","status-publish","format-standard","has-post-thumbnail","hentry","category-uncategorized-cs"],"_links":{"self":[{"href":"https:\/\/www.bunkrpraslavice.cz\/en\/wp-json\/wp\/v2\/posts\/6407","targetHints":{"allow":["GET"]}}],"collection":[{"href":"https:\/\/www.bunkrpraslavice.cz\/en\/wp-json\/wp\/v2\/posts"}],"about":[{"href":"https:\/\/www.bunkrpraslavice.cz\/en\/wp-json\/wp\/v2\/types\/post"}],"author":[{"embeddable":true,"href":"https:\/\/www.bunkrpraslavice.cz\/en\/wp-json\/wp\/v2\/users\/3"}],"replies":[{"embeddable":true,"href":"https:\/\/www.bunkrpraslavice.cz\/en\/wp-json\/wp\/v2\/comments?post=6407"}],"version-history":[{"count":0,"href":"https:\/\/www.bunkrpraslavice.cz\/en\/wp-json\/wp\/v2\/posts\/6407\/revisions"}],"wp:featuredmedia":[{"embeddable":true,"href":"https:\/\/www.bunkrpraslavice.cz\/en\/wp-json\/wp\/v2\/media\/5495"}],"wp:attachment":[{"href":"https:\/\/www.bunkrpraslavice.cz\/en\/wp-json\/wp\/v2\/media?parent=6407"}],"wp:term":[{"taxonomy":"category","embeddable":true,"href":"https:\/\/www.bunkrpraslavice.cz\/en\/wp-json\/wp\/v2\/categories?post=6407"},{"taxonomy":"post_tag","embeddable":true,"href":"https:\/\/www.bunkrpraslavice.cz\/en\/wp-json\/wp\/v2\/tags?post=6407"}],"curies":[{"name":"wp","href":"https:\/\/api.w.org\/{rel}","templated":true}]}}