{"id":6307,"date":"2024-02-01T09:05:48","date_gmt":"2024-02-01T08:05:48","guid":{"rendered":"https:\/\/www.bunkrpraslavice.cz\/?p=6307"},"modified":"2024-02-01T09:14:51","modified_gmt":"2024-02-01T08:14:51","slug":"jarni-prazdniny-v-bunkru","status":"publish","type":"post","link":"https:\/\/www.bunkrpraslavice.cz\/en\/jarni-prazdniny-v-bunkru\/","title":{"rendered":"Jarn\u00ed pr\u00e1zdniny v bunkru"},"content":{"rendered":"<p>[et_pb_section fb_built=&#8221;1&#8243; _builder_version=&#8221;4.22.2&#8243; _module_preset=&#8221;default&#8221; global_colors_info=&#8221;{}&#8221; theme_builder_area=&#8221;post_content&#8221;][et_pb_row column_structure=&#8221;1_2,1_2&#8243; _builder_version=&#8221;4.23.1&#8243; _module_preset=&#8221;default&#8221; global_colors_info=&#8221;{}&#8221; theme_builder_area=&#8221;post_content&#8221;][et_pb_column type=&#8221;1_2&#8243; _builder_version=&#8221;4.22.2&#8243; _module_preset=&#8221;default&#8221; global_colors_info=&#8221;{}&#8221; theme_builder_area=&#8221;post_content&#8221;][et_pb_image src=&#8221;https:\/\/www.bunkrpraslavice.cz\/wp-content\/uploads\/2024\/02\/Jarni-prazdniny-2024.png&#8221; alt=&#8221;Roz\u0161\u00ed\u0159en\u00e1 VIP prohl\u00eddka povede i m\u00edsty, kudy b\u011b\u017en\u00fd prohl\u00eddkov\u00fd okruh nechod\u00ed&#8221; title_text=&#8221;Jarn\u00ed pr\u00e1zdniny 2024&#8243; _builder_version=&#8221;4.23.1&#8243; _module_preset=&#8221;default&#8221; global_colors_info=&#8221;{}&#8221; theme_builder_area=&#8221;post_content&#8221;][\/et_pb_image][\/et_pb_column][et_pb_column type=&#8221;1_2&#8243; _builder_version=&#8221;4.22.2&#8243; _module_preset=&#8221;default&#8221; global_colors_info=&#8221;{}&#8221; theme_builder_area=&#8221;post_content&#8221;][et_pb_text _builder_version=&#8221;4.22.2&#8243; _module_preset=&#8221;default&#8221; custom_padding=&#8221;3px|||||&#8221; global_colors_info=&#8221;{}&#8221; theme_builder_area=&#8221;post_content&#8221;]<\/p>\n<div class=\"x11i5rnm xat24cr x1mh8g0r x1vvkbs xtlvy1s\"><\/div>\n<div class=\"x11i5rnm xat24cr x1mh8g0r x1vvkbs xtlvy1s\"><\/div>\n<div class=\"x11i5rnm xat24cr x1mh8g0r x1vvkbs xtlvy1s\"><\/div>\n<div class=\"x11i5rnm xat24cr x1mh8g0r x1vvkbs xtlvy1s\"><\/div>\n<div class=\"x11i5rnm xat24cr x1mh8g0r x1vvkbs xtlvy1s\"><\/div>\n<div class=\"x11i5rnm xat24cr x1mh8g0r x1vvkbs xtlvy1s\"><span style=\"font-size: 14px;\"><b><\/b><\/span><\/div>\n<div class=\"x11i5rnm xat24cr x1mh8g0r x1vvkbs xtlvy1s\"><span style=\"font-size: 14px;\"><b><\/b><\/span><\/div>\n<div class=\"x11i5rnm xat24cr x1mh8g0r x1vvkbs xtlvy1s\"><span style=\"font-size: 14px;\"><b>O jarn\u00edch pr\u00e1zdnin\u00e1ch m\u016f\u017eete p\u0159ij\u00edt na prohl\u00eddku bunkru i ve v\u0161edn\u00ed dny.<\/b><\/span><\/div>\n<div class=\"x11i5rnm xat24cr x1mh8g0r x1vvkbs xtlvy1s\"><span style=\"font-size: 14px;\"><\/span><\/div>\n<div class=\"x11i5rnm xat24cr x1mh8g0r x1vvkbs xtlvy1s\">M\u00e1te d\u011bti? A \u0159e\u0161\u00edte, jak str\u00e1vit jarn\u00ed pr\u00e1zdniny?<\/div>\n<div class=\"x11i5rnm xat24cr x1mh8g0r x1vvkbs xtlvy1s\">Do programu m\u016f\u017eete zahrnout t\u0159eba prohl\u00eddku na\u0161eho podzem\u00ed. V t\u00fddnech, kdy budou m\u00edt volno \u0161kol\u00e1ci a studenti z p\u0159ilehl\u00fdch okres\u016f (<strong>P\u0159erov, Olomouc a Prost\u011bjov<\/strong>) m\u00e1me otev\u0159eno.<\/div>\n<div class=\"x11i5rnm xat24cr x1mh8g0r x1vvkbs xtlvy1s\"><\/div>\n<blockquote><\/blockquote>\n<div class=\"x11i5rnm xat24cr x1mh8g0r x1vvkbs xtlvy1s\"><span style=\"font-size: 14px;\"><strong>Prohl\u00eddkov\u00fd okruh<\/strong> V\u00e1s zavede do \u010dty\u0159 podzemn\u00edch podla\u017e\u00ed n\u011bkdej\u0161\u00edho vojensk\u00e9ho, p\u0159\u00edsn\u011b tajn\u00e9ho objektu. Z\u00e1bavnou formou se dozv\u00edte o historii ned\u00e1vno minul\u00e9, o <strong>studen\u00e9 v\u00e1lce<\/strong> a o hroz\u00edc\u00ed t\u0159et\u00ed sv\u011btov\u00e9 v\u00e1lce, kter\u00e1 mohla propuknout na konci minul\u00e9ho stolet\u00ed.<\/span><\/div>\n<div class=\"x11i5rnm xat24cr x1mh8g0r x1vvkbs xtlvy1s\"><span style=\"font-size: 14px;\">\u00a0Vstupenky<\/span><a href=\"https:\/\/rezervace.bunkrpraslavice.cz\/\" target=\"_blank\" rel=\"noopener\" style=\"font-size: 14px;\"> zde<\/a><span style=\"font-size: 14px;\">.<\/span><\/div>\n<blockquote><\/blockquote>\n<div class=\"x11i5rnm xat24cr x1mh8g0r x1vvkbs xtlvy1s\"><span style=\"font-size: 14px;\">T\u011b\u0161\u00edme se na V\u00e1s. My z bunkru\u00a0<\/span><\/div>\n<div class=\"x11i5rnm xat24cr x1mh8g0r x1vvkbs xtlvy1s\"><span style=\"font-size: 14px;\"><\/span><\/div>\n<p>[\/et_pb_text][\/et_pb_column][\/et_pb_row][\/et_pb_section]<\/p>\n","protected":false},"excerpt":{"rendered":"<p>O jarn\u00edch pr\u00e1zdnin\u00e1ch m\u016f\u017eete p\u0159ij\u00edt na prohl\u00eddku bunkru i ve v\u0161edn\u00ed dny. M\u00e1te d\u011bti? A \u0159e\u0161\u00edte, jak str\u00e1vit jarn\u00ed pr\u00e1zdniny? Do programu m\u016f\u017eete zahrnout t\u0159eba prohl\u00eddku na\u0161eho podzem\u00ed. V t\u00fddnech, kdy budou m\u00edt volno \u0161kol\u00e1ci a studenti z p\u0159ilehl\u00fdch okres\u016f (P\u0159erov, Olomouc a Prost\u011bjov) m\u00e1me otev\u0159eno. Prohl\u00eddkov\u00fd okruh V\u00e1s zavede do \u010dty\u0159 podzemn\u00edch podla\u017e\u00ed n\u011bkdej\u0161\u00edho [&hellip;]<\/p>\n","protected":false},"author":3,"featured_media":6308,"comment_status":"closed","ping_status":"closed","sticky":false,"template":"","format":"standard","meta":{"_et_pb_use_builder":"on","_et_pb_old_content":"","_et_gb_content_width":"","footnotes":""},"categories":[1],"tags":[],"class_list":["post-6307","post","type-post","status-publish","format-standard","has-post-thumbnail","hentry","category-uncategorized-cs"],"_links":{"self":[{"href":"https:\/\/www.bunkrpraslavice.cz\/en\/wp-json\/wp\/v2\/posts\/6307","targetHints":{"allow":["GET"]}}],"collection":[{"href":"https:\/\/www.bunkrpraslavice.cz\/en\/wp-json\/wp\/v2\/posts"}],"about":[{"href":"https:\/\/www.bunkrpraslavice.cz\/en\/wp-json\/wp\/v2\/types\/post"}],"author":[{"embeddable":true,"href":"https:\/\/www.bunkrpraslavice.cz\/en\/wp-json\/wp\/v2\/users\/3"}],"replies":[{"embeddable":true,"href":"https:\/\/www.bunkrpraslavice.cz\/en\/wp-json\/wp\/v2\/comments?post=6307"}],"version-history":[{"count":0,"href":"https:\/\/www.bunkrpraslavice.cz\/en\/wp-json\/wp\/v2\/posts\/6307\/revisions"}],"wp:featuredmedia":[{"embeddable":true,"href":"https:\/\/www.bunkrpraslavice.cz\/en\/wp-json\/wp\/v2\/media\/6308"}],"wp:attachment":[{"href":"https:\/\/www.bunkrpraslavice.cz\/en\/wp-json\/wp\/v2\/media?parent=6307"}],"wp:term":[{"taxonomy":"category","embeddable":true,"href":"https:\/\/www.bunkrpraslavice.cz\/en\/wp-json\/wp\/v2\/categories?post=6307"},{"taxonomy":"post_tag","embeddable":true,"href":"https:\/\/www.bunkrpraslavice.cz\/en\/wp-json\/wp\/v2\/tags?post=6307"}],"curies":[{"name":"wp","href":"https:\/\/api.w.org\/{rel}","templated":true}]}}