{"id":6275,"date":"2024-01-17T09:55:21","date_gmt":"2024-01-17T08:55:21","guid":{"rendered":"https:\/\/www.bunkrpraslavice.cz\/?p=6275"},"modified":"2024-01-17T10:02:33","modified_gmt":"2024-01-17T09:02:33","slug":"vyzdobite-s-nami-bunkr-aneb-jak-to-u-nas-vidi-deti","status":"publish","type":"post","link":"https:\/\/www.bunkrpraslavice.cz\/en\/vyzdobite-s-nami-bunkr-aneb-jak-to-u-nas-vidi-deti\/","title":{"rendered":"Vyzdob\u00edte s n\u00e1mi bunkr? aneb jak to u n\u00e1s vid\u00ed d\u011bti?"},"content":{"rendered":"<p>[et_pb_section fb_built=&#8221;1&#8243; _builder_version=&#8221;4.22.2&#8243; _module_preset=&#8221;default&#8221; global_colors_info=&#8221;{}&#8221; theme_builder_area=&#8221;et_body_layout&#8221;][et_pb_row column_structure=&#8221;1_2,1_2&#8243; _builder_version=&#8221;4.23.1&#8243; _module_preset=&#8221;default&#8221; global_colors_info=&#8221;{}&#8221; theme_builder_area=&#8221;et_body_layout&#8221;][et_pb_column type=&#8221;1_2&#8243; _builder_version=&#8221;4.22.2&#8243; _module_preset=&#8221;default&#8221; global_colors_info=&#8221;{}&#8221; theme_builder_area=&#8221;et_body_layout&#8221;][et_pb_image src=&#8221;https:\/\/www.bunkrpraslavice.cz\/wp-content\/uploads\/2024\/01\/Detske-obrazky.png&#8221; title_text=&#8221;D\u011bti, vyzdob\u00edte n\u00e1m pros\u00edm bunkr?&#8221; _builder_version=&#8221;4.23.1&#8243; _module_preset=&#8221;default&#8221; hover_enabled=&#8221;0&#8243; global_colors_info=&#8221;{}&#8221; theme_builder_area=&#8221;et_body_layout&#8221; alt=&#8221;V\u00fdzva pro d\u011bti &#8211; namalujte n\u00e1m obr\u00e1zek&#8221; sticky_enabled=&#8221;0&#8243;][\/et_pb_image][\/et_pb_column][et_pb_column type=&#8221;1_2&#8243; _builder_version=&#8221;4.22.2&#8243; _module_preset=&#8221;default&#8221; global_colors_info=&#8221;{}&#8221; theme_builder_area=&#8221;et_body_layout&#8221;][et_pb_text _builder_version=&#8221;4.22.2&#8243; _module_preset=&#8221;default&#8221; global_colors_info=&#8221;{}&#8221; theme_builder_area=&#8221;et_body_layout&#8221;]<\/p>\n<div class=\"x11i5rnm xat24cr x1mh8g0r x1vvkbs xtlvy1s\"><\/div>\n<div class=\"x11i5rnm xat24cr x1mh8g0r x1vvkbs xtlvy1s\"><\/div>\n<div class=\"x11i5rnm xat24cr x1mh8g0r x1vvkbs xtlvy1s\"><\/div>\n<div class=\"x11i5rnm xat24cr x1mh8g0r x1vvkbs xtlvy1s\"><\/div>\n<div class=\"x11i5rnm xat24cr x1mh8g0r x1vvkbs xtlvy1s\"><\/div>\n<div class=\"x11i5rnm xat24cr x1mh8g0r x1vvkbs xtlvy1s\"><strong>Jak\u00e9 je to v bunkru?<\/strong> &#8230; aneb jak to u n\u00e1s vid\u00ed d\u011bti?<\/div>\n<div class=\"x11i5rnm xat24cr x1mh8g0r x1vvkbs xtlvy1s\"><\/div>\n<div class=\"x11i5rnm xat24cr x1mh8g0r x1vvkbs xtlvy1s\">\n<div class=\"x11i5rnm xat24cr x1mh8g0r x1vvkbs xtlvy1s x126k92a\">\n<div dir=\"auto\">R\u00e1di bychom prostory bunkru vyzdobili <strong>kresbami \u010di malbami.<\/strong> D\u011btsk\u00e9 obr\u00e1zky by n\u00e1m k tomu mohly kr\u00e1sn\u011b poslou\u017eit, proto\u017ee co si budeme pov\u00eddat&#8230; d\u011bti maluj\u00ed a kresl\u00ed srdcem <span class=\"x3nfvp2 x1j61x8r x1fcty0u xdj266r xhhsvwb xat24cr xgzva0m xxymvpz xlup9mm x1kky2od\"><img loading=\"lazy\" decoding=\"async\" height=\"16\" width=\"16\" alt=\"\u2764\ufe0f\" class=\"xz74otr\" referrerpolicy=\"origin-when-cross-origin\" src=\"https:\/\/static.xx.fbcdn.net\/images\/emoji.php\/v9\/tf3\/1.5\/16\/2764.png\" \/><\/span>. A to znamen\u00e1 nejl\u00e9pe!<\/div>\n<\/div>\n<div class=\"x11i5rnm xat24cr x1mh8g0r x1vvkbs xtlvy1s x126k92a\">\n<div dir=\"auto\"><\/div>\n<div dir=\"auto\"><\/div>\n<div dir=\"auto\">Prvn\u00ed dva v\u00fdkresy pro n\u00e1s vyrobila Martinova nete\u0159 Verunka. D\u011bkujeme a v\u011b\u0159\u00edme, \u017ee se k n\u00ed brzy p\u0159ipoj\u00ed dal\u0161\u00ed kreativn\u00ed holky a kluci. Abychom obr\u00e1zky mohli zar\u00e1movat a um\u00edstit na st\u011bny bunkru, pros\u00edme minim\u00e1ln\u011b o <strong>rozm\u011br <a tabindex=\"-1\"><\/a>v\u00fdkresu A4 (nebo i v\u011bt\u0161\u00ed)<\/strong> a pokud to bude mo\u017en\u00e9, tak na <strong>&#8220;tvrd\u00e9m&#8221; pap\u00ed\u0159e.<\/strong><\/div>\n<\/div>\n<div class=\"x11i5rnm xat24cr x1mh8g0r x1vvkbs xtlvy1s x126k92a\">\n<div dir=\"auto\">Obr\u00e1zky n\u00e1m m\u016f\u017eete p\u0159iv\u00e9zt nebo poslat po\u0161tou. Pro ka\u017ed\u00e9ho kreativce m\u00e1me sladkou odm\u011bnu&#8230; a taky fakt, \u017ee obr\u00e1zek um\u00edst\u011bn\u00fd v prostor\u00e1ch bunkru uvid\u00ed b\u011bhem prohl\u00eddek stovky (tis\u00edce) n\u00e1v\u0161t\u011bvn\u00edk\u016f <span class=\"x3nfvp2 x1j61x8r x1fcty0u xdj266r xhhsvwb xat24cr xgzva0m xxymvpz xlup9mm x1kky2od\"><img loading=\"lazy\" decoding=\"async\" height=\"16\" width=\"16\" alt=\"\ud83d\udc4d\" class=\"xz74otr\" referrerpolicy=\"origin-when-cross-origin\" src=\"https:\/\/static.xx.fbcdn.net\/images\/emoji.php\/v9\/t55\/1.5\/16\/1f44d.png\" \/><\/span>.<\/div>\n<\/div>\n<div class=\"x11i5rnm xat24cr x1mh8g0r x1vvkbs xtlvy1s x126k92a\">\n<div dir=\"auto\">Tak co? Jdete do toho?<\/div>\n<\/div>\n<div class=\"x11i5rnm xat24cr x1mh8g0r x1vvkbs xtlvy1s x126k92a\">\n<div dir=\"auto\">Moc se t\u011b\u0161\u00edme na va\u0161e mal\u016fvky s &#8220;bunk\u0159\u00ed&#8221; tematikou. Nezapome\u0148te se, pros\u00edm, na p\u0159edn\u00ed stranu <strong>podepsat a napsat v\u011bk<\/strong> (pokud je\u0161t\u011b neum\u00edte ps\u00e1t, mamka s ta\u0165kou pom\u016f\u017eou). D\u00edky, d\u00edky.<\/div>\n<\/div>\n<div class=\"x11i5rnm xat24cr x1mh8g0r x1vvkbs xtlvy1s x126k92a\">\n<div dir=\"auto\">My z bunkru <span class=\"x3nfvp2 x1j61x8r x1fcty0u xdj266r xhhsvwb xat24cr xgzva0m xxymvpz xlup9mm x1kky2od\"><img loading=\"lazy\" decoding=\"async\" height=\"16\" width=\"16\" alt=\"\u2764\ufe0f\" class=\"xz74otr\" referrerpolicy=\"origin-when-cross-origin\" src=\"https:\/\/static.xx.fbcdn.net\/images\/emoji.php\/v9\/tf3\/1.5\/16\/2764.png\" \/><\/span><\/div>\n<\/div>\n<\/div>\n<p>[\/et_pb_text][\/et_pb_column][\/et_pb_row][\/et_pb_section]<\/p>\n","protected":false},"excerpt":{"rendered":"<p>Jak\u00e9 je to v bunkru? &#8230; aneb jak to u n\u00e1s vid\u00ed d\u011bti? R\u00e1di bychom prostory bunkru vyzdobili kresbami \u010di malbami. D\u011btsk\u00e9 obr\u00e1zky by n\u00e1m k tomu mohly kr\u00e1sn\u011b poslou\u017eit, proto\u017ee co si budeme pov\u00eddat&#8230; d\u011bti maluj\u00ed a kresl\u00ed srdcem . A to znamen\u00e1 nejl\u00e9pe! Prvn\u00ed dva v\u00fdkresy pro n\u00e1s vyrobila Martinova nete\u0159 Verunka. D\u011bkujeme [&hellip;]<\/p>\n","protected":false},"author":3,"featured_media":6279,"comment_status":"closed","ping_status":"closed","sticky":false,"template":"","format":"standard","meta":{"_et_pb_use_builder":"on","_et_pb_old_content":"","_et_gb_content_width":"","footnotes":""},"categories":[1],"tags":[],"class_list":["post-6275","post","type-post","status-publish","format-standard","has-post-thumbnail","hentry","category-uncategorized-cs"],"_links":{"self":[{"href":"https:\/\/www.bunkrpraslavice.cz\/en\/wp-json\/wp\/v2\/posts\/6275","targetHints":{"allow":["GET"]}}],"collection":[{"href":"https:\/\/www.bunkrpraslavice.cz\/en\/wp-json\/wp\/v2\/posts"}],"about":[{"href":"https:\/\/www.bunkrpraslavice.cz\/en\/wp-json\/wp\/v2\/types\/post"}],"author":[{"embeddable":true,"href":"https:\/\/www.bunkrpraslavice.cz\/en\/wp-json\/wp\/v2\/users\/3"}],"replies":[{"embeddable":true,"href":"https:\/\/www.bunkrpraslavice.cz\/en\/wp-json\/wp\/v2\/comments?post=6275"}],"version-history":[{"count":0,"href":"https:\/\/www.bunkrpraslavice.cz\/en\/wp-json\/wp\/v2\/posts\/6275\/revisions"}],"wp:featuredmedia":[{"embeddable":true,"href":"https:\/\/www.bunkrpraslavice.cz\/en\/wp-json\/wp\/v2\/media\/6279"}],"wp:attachment":[{"href":"https:\/\/www.bunkrpraslavice.cz\/en\/wp-json\/wp\/v2\/media?parent=6275"}],"wp:term":[{"taxonomy":"category","embeddable":true,"href":"https:\/\/www.bunkrpraslavice.cz\/en\/wp-json\/wp\/v2\/categories?post=6275"},{"taxonomy":"post_tag","embeddable":true,"href":"https:\/\/www.bunkrpraslavice.cz\/en\/wp-json\/wp\/v2\/tags?post=6275"}],"curies":[{"name":"wp","href":"https:\/\/api.w.org\/{rel}","templated":true}]}}