{"id":6216,"date":"2023-12-14T11:12:09","date_gmt":"2023-12-14T10:12:09","guid":{"rendered":"https:\/\/www.bunkrpraslavice.cz\/?p=6216"},"modified":"2023-12-14T11:12:19","modified_gmt":"2023-12-14T10:12:19","slug":"rozsirena-vip-prohlidka-historicky-poprve-pro-verejnost-29-12-od-1600-hodin","status":"publish","type":"post","link":"https:\/\/www.bunkrpraslavice.cz\/en\/rozsirena-vip-prohlidka-historicky-poprve-pro-verejnost-29-12-od-1600-hodin\/","title":{"rendered":"Roz\u0161\u00ed\u0159en\u00e1 VIP prohl\u00eddka&#8230; historicky poprv\u00e9 pro ve\u0159ejnost 29.12. od 16:00 hodin"},"content":{"rendered":"<p>[et_pb_section fb_built=&#8221;1&#8243; _builder_version=&#8221;4.22.2&#8243; _module_preset=&#8221;default&#8221; global_colors_info=&#8221;{}&#8221; theme_builder_area=&#8221;et_body_layout&#8221;][et_pb_row column_structure=&#8221;1_2,1_2&#8243; _builder_version=&#8221;4.23.1&#8243; _module_preset=&#8221;default&#8221; global_colors_info=&#8221;{}&#8221; theme_builder_area=&#8221;et_body_layout&#8221;][et_pb_column type=&#8221;1_2&#8243; _builder_version=&#8221;4.22.2&#8243; _module_preset=&#8221;default&#8221; global_colors_info=&#8221;{}&#8221; theme_builder_area=&#8221;et_body_layout&#8221;][et_pb_image src=&#8221;https:\/\/www.bunkrpraslavice.cz\/wp-content\/uploads\/2023\/12\/motor-detail3-scaled.jpg&#8221; alt=&#8221;Roz\u0161\u00ed\u0159en\u00e1 VIP prohl\u00eddka povede i m\u00edsty, kudy b\u011b\u017en\u00fd prohl\u00eddkov\u00fd okruh nechod\u00ed&#8221; title_text=&#8221;Detail z\u00e1lo\u017en\u00edho zdroje energie&#8221; _builder_version=&#8221;4.23.1&#8243; _module_preset=&#8221;default&#8221; hover_enabled=&#8221;0&#8243; global_colors_info=&#8221;{}&#8221; theme_builder_area=&#8221;et_body_layout&#8221; sticky_enabled=&#8221;0&#8243;][\/et_pb_image][\/et_pb_column][et_pb_column type=&#8221;1_2&#8243; _builder_version=&#8221;4.22.2&#8243; _module_preset=&#8221;default&#8221; global_colors_info=&#8221;{}&#8221; theme_builder_area=&#8221;et_body_layout&#8221;][et_pb_text _builder_version=&#8221;4.22.2&#8243; _module_preset=&#8221;default&#8221; global_colors_info=&#8221;{}&#8221; theme_builder_area=&#8221;et_body_layout&#8221;]<\/p>\n<div class=\"x11i5rnm xat24cr x1mh8g0r x1vvkbs xtlvy1s\"><\/div>\n<div class=\"x11i5rnm xat24cr x1mh8g0r x1vvkbs xtlvy1s\"><\/div>\n<div class=\"x11i5rnm xat24cr x1mh8g0r x1vvkbs xtlvy1s\"><\/div>\n<div class=\"x11i5rnm xat24cr x1mh8g0r x1vvkbs xtlvy1s\"><\/div>\n<div class=\"x11i5rnm xat24cr x1mh8g0r x1vvkbs xtlvy1s\"><\/div>\n<div class=\"x11i5rnm xat24cr x1mh8g0r x1vvkbs xtlvy1s\"><span style=\"font-size: 14px;\"><b><\/b><\/span><\/div>\n<div class=\"x11i5rnm xat24cr x1mh8g0r x1vvkbs xtlvy1s\"><span style=\"font-size: 14px;\"><b><\/b><\/span><\/div>\n<div class=\"x11i5rnm xat24cr x1mh8g0r x1vvkbs xtlvy1s\"><span style=\"font-size: 14px;\"><b>Historicky prvn\u00ed roz\u0161\u00ed\u0159en\u00e1 VIP prohl\u00eddka bunkru.<\/b><\/span><\/div>\n<div class=\"x11i5rnm xat24cr x1mh8g0r x1vvkbs xtlvy1s\"><span style=\"font-size: 14px;\"><\/span><\/div>\n<div class=\"x11i5rnm xat24cr x1mh8g0r x1vvkbs xtlvy1s\">Pat\u0159\u00edte mezi fajn\u0161mekry v oblasti vojensk\u00e9 historie, telekomunikac\u00ed, podzem\u00ed a opevn\u011bn\u00ed? Pak je na\u0161e roz\u0161\u00ed\u0159en\u00e1 VIP prohl\u00eddka ur\u010den\u00e1 pr\u00e1v\u011b pro V\u00e1s.<\/div>\n<div class=\"x11i5rnm xat24cr x1mh8g0r x1vvkbs xtlvy1s\"><\/div>\n<blockquote><\/blockquote>\n<div class=\"x11i5rnm xat24cr x1mh8g0r x1vvkbs xtlvy1s\"><span style=\"font-size: 14px;\"><strong>Prohl\u00eddkov\u00fd okruh<\/strong> V\u00e1s zavede i do m\u00edst, kam b\u011b\u017en\u00fd okruh nechod\u00ed. P\u0159esnou trasu si m\u016f\u017eete <a href=\"https:\/\/www.bunkrpraslavice.cz\/moznosti-prohlidek-a-vstupne\/vip-prohlidky\/\">proj\u00edt na webu<\/a>. P\u0159ij\u010fte se 29.12. v 16:00 hodin pod\u00edvat do podzem\u00ed. Je to skute\u010dn\u011b unik\u00e1tn\u00ed z\u00e1\u017eitek. Vstupenky<\/span><a href=\"https:\/\/rezervace.bunkrpraslavice.cz\/\" target=\"_blank\" rel=\"noopener\" style=\"font-size: 14px;\"> zde<\/a><span style=\"font-size: 14px;\">.<\/span><\/div>\n<blockquote><\/blockquote>\n<div class=\"x11i5rnm xat24cr x1mh8g0r x1vvkbs xtlvy1s\"><span style=\"font-size: 14px;\">T\u011b\u0161\u00edme se na V\u00e1s. My z bunkru\u00a0<\/span><\/div>\n<div class=\"x11i5rnm xat24cr x1mh8g0r x1vvkbs xtlvy1s\"><span style=\"font-size: 14px;\"><\/span><\/div>\n<p>[\/et_pb_text][\/et_pb_column][\/et_pb_row][\/et_pb_section]<\/p>\n","protected":false},"excerpt":{"rendered":"<p>Historicky prvn\u00ed roz\u0161\u00ed\u0159en\u00e1 VIP prohl\u00eddka bunkru. Pat\u0159\u00edte mezi fajn\u0161mekry v oblasti vojensk\u00e9 historie, telekomunikac\u00ed, podzem\u00ed a opevn\u011bn\u00ed? Pak je na\u0161e roz\u0161\u00ed\u0159en\u00e1 VIP prohl\u00eddka ur\u010den\u00e1 pr\u00e1v\u011b pro V\u00e1s. Prohl\u00eddkov\u00fd okruh V\u00e1s zavede i do m\u00edst, kam b\u011b\u017en\u00fd okruh nechod\u00ed. P\u0159esnou trasu si m\u016f\u017eete proj\u00edt na webu. P\u0159ij\u010fte se 29.12. v 16:00 hodin pod\u00edvat do podzem\u00ed. Je [&hellip;]<\/p>\n","protected":false},"author":3,"featured_media":6214,"comment_status":"closed","ping_status":"closed","sticky":false,"template":"","format":"standard","meta":{"_et_pb_use_builder":"on","_et_pb_old_content":"","_et_gb_content_width":"","footnotes":""},"categories":[1],"tags":[],"class_list":["post-6216","post","type-post","status-publish","format-standard","has-post-thumbnail","hentry","category-uncategorized-cs"],"_links":{"self":[{"href":"https:\/\/www.bunkrpraslavice.cz\/en\/wp-json\/wp\/v2\/posts\/6216","targetHints":{"allow":["GET"]}}],"collection":[{"href":"https:\/\/www.bunkrpraslavice.cz\/en\/wp-json\/wp\/v2\/posts"}],"about":[{"href":"https:\/\/www.bunkrpraslavice.cz\/en\/wp-json\/wp\/v2\/types\/post"}],"author":[{"embeddable":true,"href":"https:\/\/www.bunkrpraslavice.cz\/en\/wp-json\/wp\/v2\/users\/3"}],"replies":[{"embeddable":true,"href":"https:\/\/www.bunkrpraslavice.cz\/en\/wp-json\/wp\/v2\/comments?post=6216"}],"version-history":[{"count":0,"href":"https:\/\/www.bunkrpraslavice.cz\/en\/wp-json\/wp\/v2\/posts\/6216\/revisions"}],"wp:featuredmedia":[{"embeddable":true,"href":"https:\/\/www.bunkrpraslavice.cz\/en\/wp-json\/wp\/v2\/media\/6214"}],"wp:attachment":[{"href":"https:\/\/www.bunkrpraslavice.cz\/en\/wp-json\/wp\/v2\/media?parent=6216"}],"wp:term":[{"taxonomy":"category","embeddable":true,"href":"https:\/\/www.bunkrpraslavice.cz\/en\/wp-json\/wp\/v2\/categories?post=6216"},{"taxonomy":"post_tag","embeddable":true,"href":"https:\/\/www.bunkrpraslavice.cz\/en\/wp-json\/wp\/v2\/tags?post=6216"}],"curies":[{"name":"wp","href":"https:\/\/api.w.org\/{rel}","templated":true}]}}