{"id":6204,"date":"2023-12-14T10:51:19","date_gmt":"2023-12-14T09:51:19","guid":{"rendered":"https:\/\/www.bunkrpraslavice.cz\/?p=6204"},"modified":"2023-12-14T10:56:24","modified_gmt":"2023-12-14T09:56:24","slug":"vanoce-v-bunkru-vonava-prohlidka-na-stedry-den","status":"publish","type":"post","link":"https:\/\/www.bunkrpraslavice.cz\/en\/vanoce-v-bunkru-vonava-prohlidka-na-stedry-den\/","title":{"rendered":"V\u00e1noce v bunkru &#8230; vo\u0148av\u00e1 prohl\u00eddka na \u0160t\u011bdr\u00fd den"},"content":{"rendered":"<p>[et_pb_section fb_built=&#8221;1&#8243; _builder_version=&#8221;4.22.2&#8243; _module_preset=&#8221;default&#8221; global_colors_info=&#8221;{}&#8221; theme_builder_area=&#8221;et_body_layout&#8221;][et_pb_row column_structure=&#8221;1_2,1_2&#8243; _builder_version=&#8221;4.23.1&#8243; _module_preset=&#8221;default&#8221; global_colors_info=&#8221;{}&#8221; theme_builder_area=&#8221;et_body_layout&#8221;][et_pb_column type=&#8221;1_2&#8243; _builder_version=&#8221;4.22.2&#8243; _module_preset=&#8221;default&#8221; global_colors_info=&#8221;{}&#8221; theme_builder_area=&#8221;et_body_layout&#8221;][et_pb_image src=&#8221;https:\/\/www.bunkrpraslavice.cz\/wp-content\/uploads\/2023\/12\/Jezirko-zimni-2.jpg&#8221; title_text=&#8221;Zasn\u011b\u017een\u00e9 jez\u00edrko&#8221; _builder_version=&#8221;4.23.1&#8243; _module_preset=&#8221;default&#8221; hover_enabled=&#8221;0&#8243; global_colors_info=&#8221;{}&#8221; theme_builder_area=&#8221;et_body_layout&#8221; alt=&#8221;Budou letos b\u00edl\u00e9 V\u00e1noce?&#8221; sticky_enabled=&#8221;0&#8243;][\/et_pb_image][\/et_pb_column][et_pb_column type=&#8221;1_2&#8243; _builder_version=&#8221;4.22.2&#8243; _module_preset=&#8221;default&#8221; global_colors_info=&#8221;{}&#8221; theme_builder_area=&#8221;et_body_layout&#8221;][et_pb_text _builder_version=&#8221;4.22.2&#8243; _module_preset=&#8221;default&#8221; global_colors_info=&#8221;{}&#8221; theme_builder_area=&#8221;et_body_layout&#8221;]<\/p>\n<div class=\"x11i5rnm xat24cr x1mh8g0r x1vvkbs xtlvy1s\"><\/div>\n<div class=\"x11i5rnm xat24cr x1mh8g0r x1vvkbs xtlvy1s\"><\/div>\n<div class=\"x11i5rnm xat24cr x1mh8g0r x1vvkbs xtlvy1s\"><\/div>\n<div class=\"x11i5rnm xat24cr x1mh8g0r x1vvkbs xtlvy1s\"><\/div>\n<div class=\"x11i5rnm xat24cr x1mh8g0r x1vvkbs xtlvy1s\"><\/div>\n<div class=\"x11i5rnm xat24cr x1mh8g0r x1vvkbs xtlvy1s\"><span style=\"font-size: 14px;\"><b><\/b><\/span><\/div>\n<div class=\"x11i5rnm xat24cr x1mh8g0r x1vvkbs xtlvy1s\"><span style=\"font-size: 14px;\"><b><\/b><\/span><\/div>\n<div class=\"x11i5rnm xat24cr x1mh8g0r x1vvkbs xtlvy1s\"><span style=\"font-size: 14px;\"><b>V\u00e1noce v bunkru&#8230;<\/b><\/span><\/div>\n<div class=\"x11i5rnm xat24cr x1mh8g0r x1vvkbs xtlvy1s\"><span style=\"font-size: 14px;\"><\/span><\/div>\n<div class=\"x11i5rnm xat24cr x1mh8g0r x1vvkbs xtlvy1s\"><span style=\"font-size: 14px;\">P\u0159ij\u010fte s n\u00e1mi oslavit nejkr\u00e1sn\u011bj\u0161\u00ed sv\u00e1tky roku. Bunkr bude na \u0160t\u011bdr\u00fd den slavnostn\u011b vyzdoben, do rozhlasu pust\u00edme koledy, p\u0159ipijeme si pun\u010dem a ochutn\u00e1me Martinovo cukrov\u00ed \ud83d\ude42<\/span><\/div>\n<div class=\"x11i5rnm xat24cr x1mh8g0r x1vvkbs xtlvy1s\"><span style=\"font-size: 14px;\"><\/span><\/div>\n<div class=\"x11i5rnm xat24cr x1mh8g0r x1vvkbs xtlvy1s\"><span style=\"font-size: 14px;\">M\u00e1me otev\u0159eno od 11.00 hodin, abyste stihli odpoledne je\u0161t\u011b posledn\u00ed p\u0159\u00edpravy (obalit a usma\u017eit kapra a roz\u017eehnout prskavky :))<\/span><\/div>\n<div class=\"x11i5rnm xat24cr x1mh8g0r x1vvkbs xtlvy1s\"><span style=\"font-size: 14px;\"><strong>Vo\u0148av\u00e1 prohl\u00eddka<\/strong> bunkru je vhodn\u00e1 pro v\u0161echny v\u011bkov\u00e9 skupiny, v\u010detn\u011b babi\u010dek a d\u011bde\u010dk\u016f. Ud\u011blejste si hezk\u00fd \u010das s rodinou a p\u0159ij\u010fte se pod\u00edvat do podzem\u00ed. Je to skute\u010dn\u011b unik\u00e1tn\u00ed z\u00e1\u017eitek. Vstupenky<\/span><a href=\"https:\/\/rezervace.bunkrpraslavice.cz\/\" target=\"_blank\" rel=\"noopener\" style=\"font-size: 14px;\">\u00a0zde<\/a><span style=\"font-size: 14px;\">.<\/span><\/div>\n<div class=\"x11i5rnm xat24cr x1mh8g0r x1vvkbs xtlvy1s\"><span style=\"font-size: 14px;\">T\u011b\u0161\u00edme se na V\u00e1s. My z bunkru\u00a0<\/span><\/div>\n<div class=\"x11i5rnm xat24cr x1mh8g0r x1vvkbs xtlvy1s\"><span style=\"font-size: 14px;\"><\/span><\/div>\n<p>[\/et_pb_text][\/et_pb_column][\/et_pb_row][\/et_pb_section]<\/p>\n","protected":false},"excerpt":{"rendered":"<p>V\u00e1noce v bunkru&#8230; P\u0159ij\u010fte s n\u00e1mi oslavit nejkr\u00e1sn\u011bj\u0161\u00ed sv\u00e1tky roku. Bunkr bude na \u0160t\u011bdr\u00fd den slavnostn\u011b vyzdoben, do rozhlasu pust\u00edme koledy, p\u0159ipijeme si pun\u010dem a ochutn\u00e1me Martinovo cukrov\u00ed \ud83d\ude42 M\u00e1me otev\u0159eno od 11.00 hodin, abyste stihli odpoledne je\u0161t\u011b posledn\u00ed p\u0159\u00edpravy (obalit a usma\u017eit kapra a roz\u017eehnout prskavky :)) Vo\u0148av\u00e1 prohl\u00eddka bunkru je vhodn\u00e1 pro v\u0161echny [&hellip;]<\/p>\n","protected":false},"author":3,"featured_media":6206,"comment_status":"closed","ping_status":"closed","sticky":false,"template":"","format":"standard","meta":{"_et_pb_use_builder":"on","_et_pb_old_content":"","_et_gb_content_width":"","footnotes":""},"categories":[1],"tags":[],"class_list":["post-6204","post","type-post","status-publish","format-standard","has-post-thumbnail","hentry","category-uncategorized-cs"],"_links":{"self":[{"href":"https:\/\/www.bunkrpraslavice.cz\/en\/wp-json\/wp\/v2\/posts\/6204","targetHints":{"allow":["GET"]}}],"collection":[{"href":"https:\/\/www.bunkrpraslavice.cz\/en\/wp-json\/wp\/v2\/posts"}],"about":[{"href":"https:\/\/www.bunkrpraslavice.cz\/en\/wp-json\/wp\/v2\/types\/post"}],"author":[{"embeddable":true,"href":"https:\/\/www.bunkrpraslavice.cz\/en\/wp-json\/wp\/v2\/users\/3"}],"replies":[{"embeddable":true,"href":"https:\/\/www.bunkrpraslavice.cz\/en\/wp-json\/wp\/v2\/comments?post=6204"}],"version-history":[{"count":0,"href":"https:\/\/www.bunkrpraslavice.cz\/en\/wp-json\/wp\/v2\/posts\/6204\/revisions"}],"wp:featuredmedia":[{"embeddable":true,"href":"https:\/\/www.bunkrpraslavice.cz\/en\/wp-json\/wp\/v2\/media\/6206"}],"wp:attachment":[{"href":"https:\/\/www.bunkrpraslavice.cz\/en\/wp-json\/wp\/v2\/media?parent=6204"}],"wp:term":[{"taxonomy":"category","embeddable":true,"href":"https:\/\/www.bunkrpraslavice.cz\/en\/wp-json\/wp\/v2\/categories?post=6204"},{"taxonomy":"post_tag","embeddable":true,"href":"https:\/\/www.bunkrpraslavice.cz\/en\/wp-json\/wp\/v2\/tags?post=6204"}],"curies":[{"name":"wp","href":"https:\/\/api.w.org\/{rel}","templated":true}]}}