{"id":6068,"date":"2023-11-28T08:25:15","date_gmt":"2023-11-28T07:25:15","guid":{"rendered":"https:\/\/www.bunkrpraslavice.cz\/?p=6068"},"modified":"2023-12-08T08:07:02","modified_gmt":"2023-12-08T07:07:02","slug":"pekelne-ostra-prohlidka-bunkru-8-12","status":"publish","type":"post","link":"https:\/\/www.bunkrpraslavice.cz\/en\/pekelne-ostra-prohlidka-bunkru-8-12\/","title":{"rendered":"Pekeln\u011b ostr\u00e1 prohl\u00eddka bunkru 8.12."},"content":{"rendered":"\n[et_pb_section fb_built=&#8221;1&#8243; _builder_version=&#8221;4.22.2&#8243; _module_preset=&#8221;default&#8221; global_colors_info=&#8221;{}&#8221; theme_builder_area=&#8221;et_body_layout&#8221;][et_pb_row column_structure=&#8221;1_2,1_2&#8243; _builder_version=&#8221;4.23.1&#8243; _module_preset=&#8221;default&#8221; hover_enabled=&#8221;0&#8243; global_colors_info=&#8221;{}&#8221; theme_builder_area=&#8221;et_body_layout&#8221; sticky_enabled=&#8221;0&#8243;][et_pb_column type=&#8221;1_2&#8243; _builder_version=&#8221;4.22.2&#8243; _module_preset=&#8221;default&#8221; global_colors_info=&#8221;{}&#8221; theme_builder_area=&#8221;et_body_layout&#8221;][et_pb_image src=&#8221;https:\/\/www.bunkrpraslavice.cz\/wp-content\/uploads\/2023\/11\/Obrazek-WhatsApp-2023-11-03-v-18.22.44_8092c342.jpg&#8221; _builder_version=&#8221;4.23.1&#8243; _module_preset=&#8221;default&#8221; hover_enabled=&#8221;0&#8243; global_colors_info=&#8221;{}&#8221; theme_builder_area=&#8221;et_body_layout&#8221; title_text=&#8221;Obr\u00e1zek WhatsApp, 2023-11-03 v 18.22.44_8092c342&#8243; sticky_enabled=&#8221;0&#8243;][\/et_pb_image][\/et_pb_column][et_pb_column type=&#8221;1_2&#8243; _builder_version=&#8221;4.22.2&#8243; _module_preset=&#8221;default&#8221; global_colors_info=&#8221;{}&#8221; theme_builder_area=&#8221;et_body_layout&#8221;][et_pb_text _builder_version=&#8221;4.22.2&#8243; _module_preset=&#8221;default&#8221; global_colors_info=&#8221;{}&#8221; theme_builder_area=&#8221;et_body_layout&#8221;]<div class=\"x11i5rnm xat24cr x1mh8g0r x1vvkbs xtlvy1s\"><\/div>\n<div class=\"x11i5rnm xat24cr x1mh8g0r x1vvkbs xtlvy1s\"><\/div>\n<div class=\"x11i5rnm xat24cr x1mh8g0r x1vvkbs xtlvy1s\"><\/div>\n<div class=\"x11i5rnm xat24cr x1mh8g0r x1vvkbs xtlvy1s\"><\/div>\n<div class=\"x11i5rnm xat24cr x1mh8g0r x1vvkbs xtlvy1s\"><\/div>\n<div class=\"x11i5rnm xat24cr x1mh8g0r x1vvkbs xtlvy1s\"><strong>Peklo v bunkru<\/strong> &#8230; s\u00edra, smr\u00e1dek, rohat\u00ed&#8230;<\/div>\n<div class=\"x11i5rnm xat24cr x1mh8g0r x1vvkbs xtlvy1s\">V\u0161echno bude na Pekeln\u011b ostr\u00e9 prohl\u00eddce bunkrem ve ve\u010dern\u00edch hodin\u00e1ch 8.12. Zveme V\u00e1s na netradi\u010dn\u00ed oslavu sv\u00e1tku sv. Mikul\u00e1\u0161e.<\/div>\n<div class=\"x11i5rnm xat24cr x1mh8g0r x1vvkbs xtlvy1s\"><\/div>\n<div class=\"x11i5rnm xat24cr x1mh8g0r x1vvkbs xtlvy1s\"><\/div>\n<div class=\"x11i5rnm xat24cr x1mh8g0r x1vvkbs xtlvy1s\"><\/div>\n<div class=\"x11i5rnm xat24cr x1mh8g0r x1vvkbs xtlvy1s\"><\/div>\n<div class=\"x11i5rnm xat24cr x1mh8g0r x1vvkbs xtlvy1s\"><\/div>\n<div class=\"x11i5rnm xat24cr x1mh8g0r x1vvkbs xtlvy1s\"><\/div>\n<div class=\"x11i5rnm xat24cr x1mh8g0r x1vvkbs xtlvy1s\">Prohl\u00eddka bunkru bude pouze za svitu baterek (nejl\u00e9pe Va\u0161ich vlastn\u00edch), sem tam dopln\u00edme vizu\u00e1ln\u00ed \u010di audiovizu\u00e1ln\u00ed prvek. Nav\u0161t\u00edv\u00ed n\u00e1s pekeln\u00e9 bytosti, kter\u00e9 se pokus\u00ed o nemo\u017en\u00e9: <strong>Napravit opravdu hodn\u011b zlobiv\u00e9 d\u011bti<\/strong>!<\/div>\n<div class=\"x11i5rnm xat24cr x1mh8g0r x1vvkbs xtlvy1s\">Tak p\u0159ij\u010fte. T\u011b\u0161\u00edme se na v\u00e1s. My z bunkru \u2764\ufe0f<\/div>\n<div class=\"x11i5rnm xat24cr x1mh8g0r x1vvkbs xtlvy1s\"><\/div>\n<div><\/div>\n<div class=\"x11i5rnm xat24cr x1mh8g0r x1vvkbs xtlvy1s\">Za\u010d\u00edn\u00e1me p\u0159esn\u011b v 18:00 hodin<\/div>\n<div class=\"x11i5rnm xat24cr x1mh8g0r x1vvkbs xtlvy1s\">Parkov\u00e1n\u00ed je mo\u017en\u00e9 v are\u00e1lu zdarma.<\/div>\n<div class=\"x11i5rnm xat24cr x1mh8g0r x1vvkbs xtlvy1s\">Dom\u00e1c\u00ed mazl\u00ed\u010dky nechte, pros\u00edm, doma.<\/div>\n<div class=\"x11i5rnm xat24cr x1mh8g0r x1vvkbs xtlvy1s\">D\u011bti, babi\u010dky a d\u011bde\u010dky naopak klidn\u011b vezm\u011bte s sebou. Pekeln\u011b ostr\u00e1 prohl\u00eddka bunkru je vhodn\u00e1 pro v\u0161echny v\u011bkov\u00e9 skupiny vyjma mal\u00fdch a velmi boj\u00e1cn\u00fdch d\u011bt\u00ed. Vstupenky<a href=\"https:\/\/rezervace.bunkrpraslavice.cz\/\" target=\"_blank\" rel=\"noopener\"><span>\u00a0<\/span>zde<\/a>.<\/div>[\/et_pb_text][\/et_pb_column][\/et_pb_row][\/et_pb_section]\n","protected":false},"excerpt":{"rendered":"<p>Peklo v bunkru &#8230; s\u00edra, smr\u00e1dek, rohat\u00ed&#8230; V\u0161echno bude na Pekeln\u011b ostr\u00e9 prohl\u00eddce bunkrem ve ve\u010dern\u00edch hodin\u00e1ch 8.12. Zveme V\u00e1s na netradi\u010dn\u00ed oslavu sv\u00e1tku sv. Mikul\u00e1\u0161e. Prohl\u00eddka bunkru bude pouze za svitu baterek (nejl\u00e9pe Va\u0161ich vlastn\u00edch), sem tam dopln\u00edme vizu\u00e1ln\u00ed \u010di audiovizu\u00e1ln\u00ed prvek. Nav\u0161t\u00edv\u00ed n\u00e1s pekeln\u00e9 bytosti, kter\u00e9 se pokus\u00ed o nemo\u017en\u00e9: Napravit opravdu hodn\u011b [&hellip;]<\/p>\n","protected":false},"author":3,"featured_media":6065,"comment_status":"closed","ping_status":"closed","sticky":false,"template":"","format":"standard","meta":{"_et_pb_use_builder":"on","_et_pb_old_content":"","_et_gb_content_width":"","footnotes":""},"categories":[1],"tags":[],"class_list":["post-6068","post","type-post","status-publish","format-standard","has-post-thumbnail","hentry","category-uncategorized-cs"],"_links":{"self":[{"href":"https:\/\/www.bunkrpraslavice.cz\/en\/wp-json\/wp\/v2\/posts\/6068","targetHints":{"allow":["GET"]}}],"collection":[{"href":"https:\/\/www.bunkrpraslavice.cz\/en\/wp-json\/wp\/v2\/posts"}],"about":[{"href":"https:\/\/www.bunkrpraslavice.cz\/en\/wp-json\/wp\/v2\/types\/post"}],"author":[{"embeddable":true,"href":"https:\/\/www.bunkrpraslavice.cz\/en\/wp-json\/wp\/v2\/users\/3"}],"replies":[{"embeddable":true,"href":"https:\/\/www.bunkrpraslavice.cz\/en\/wp-json\/wp\/v2\/comments?post=6068"}],"version-history":[{"count":0,"href":"https:\/\/www.bunkrpraslavice.cz\/en\/wp-json\/wp\/v2\/posts\/6068\/revisions"}],"wp:featuredmedia":[{"embeddable":true,"href":"https:\/\/www.bunkrpraslavice.cz\/en\/wp-json\/wp\/v2\/media\/6065"}],"wp:attachment":[{"href":"https:\/\/www.bunkrpraslavice.cz\/en\/wp-json\/wp\/v2\/media?parent=6068"}],"wp:term":[{"taxonomy":"category","embeddable":true,"href":"https:\/\/www.bunkrpraslavice.cz\/en\/wp-json\/wp\/v2\/categories?post=6068"},{"taxonomy":"post_tag","embeddable":true,"href":"https:\/\/www.bunkrpraslavice.cz\/en\/wp-json\/wp\/v2\/tags?post=6068"}],"curies":[{"name":"wp","href":"https:\/\/api.w.org\/{rel}","templated":true}]}}