{"id":4317,"date":"2023-05-31T10:13:00","date_gmt":"2023-05-31T09:13:00","guid":{"rendered":"https:\/\/www.bunkrpraslavice.cz\/?p=4317"},"modified":"2023-11-12T17:14:21","modified_gmt":"2023-11-12T16:14:21","slug":"slavime-prvni-vyroci-zpristupneni-bunkru-verejnosti","status":"publish","type":"post","link":"https:\/\/www.bunkrpraslavice.cz\/en\/slavime-prvni-vyroci-zpristupneni-bunkru-verejnosti\/","title":{"rendered":"Slav\u00edme prvn\u00ed v\u00fdro\u010d\u00ed zp\u0159\u00edstupn\u011bn\u00ed bunkru ve\u0159ejnosti"},"content":{"rendered":"\n[et_pb_section fb_built=&#8221;1&#8243; theme_builder_area=&#8221;post_content&#8221; _builder_version=&#8221;4.22.2&#8243; _module_preset=&#8221;default&#8221;][et_pb_row _builder_version=&#8221;4.22.2&#8243; _module_preset=&#8221;default&#8221; theme_builder_area=&#8221;post_content&#8221;][et_pb_column _builder_version=&#8221;4.22.2&#8243; _module_preset=&#8221;default&#8221; type=&#8221;4_4&#8243; theme_builder_area=&#8221;post_content&#8221;][et_pb_text _builder_version=&#8221;4.22.2&#8243; _module_preset=&#8221;default&#8221; theme_builder_area=&#8221;post_content&#8221; hover_enabled=&#8221;0&#8243; sticky_enabled=&#8221;0&#8243;]<p>Je tomu pr\u00e1v\u011b rok, co jsme poprv\u00e9 otev\u0159eli dve\u0159e historick\u00e9ho bunkru v P\u0159\u00e1slavic\u00edch pro ve\u0159ejnost. Toto v\u00fdro\u010d\u00ed chceme oslavit s v\u00e1mi, na\u0161imi mil\u00fdmi n\u00e1v\u0161t\u011bvn\u00edky, kte\u0159\u00ed jste sou\u010d\u00e1st\u00ed na\u0161\u00ed cesty.<\/p>\n<p>V\u00edkend 3.- 4. \u010dervna 2023 bude ve znamen\u00ed slavnostn\u00edch prohl\u00eddek, p\u0159i kter\u00fdch si budete moci prohl\u00e9dnout v\u0161echny z\u00e1kout\u00ed bunkru a sezn\u00e1mit se s jeho bohatou histori\u00ed. Prohl\u00eddkov\u00e1 trasa dlouh\u00e1 60 minut v\u00e1s provede r\u016fzn\u00fdmi \u010d\u00e1stmi bunkru, kde se dozv\u00edte o jeho minulosti, sou\u010dasnosti i budoucnosti.<\/p>\n<p>A to nen\u00ed v\u0161echno. Na konci prohl\u00eddky pro v\u00e1s m\u00e1me p\u0159ipraveno mal\u00e9 p\u0159ekvapen\u00ed jako pod\u011bkov\u00e1n\u00ed za va\u0161i podporu a z\u00e1jem.<\/p>\n<p>Jako bonus pro tento slavnostn\u00ed v\u00edkend jsme rozhodli sn\u00ed\u017eit vstupn\u00e9 pro v\u0161echny na\u0161e n\u00e1v\u0161t\u011bvn\u00edky. Je to n\u00e1\u0161 zp\u016fsob, jak \u0159\u00edci d\u011bkuji za va\u0161i laskavost a podporu, kter\u00e9 n\u00e1m pomohly v na\u0161\u00ed cest\u011b a\u017e sem.<\/p>\n<p>Zveme v\u00e1s, abyste se k n\u00e1m p\u0159ipojili a oslavili toto speci\u00e1ln\u00ed v\u00fdro\u010d\u00ed. Vstupte do historie, prozkoumejte bunkr v P\u0159\u00e1slavic\u00edch a bu\u010fte sou\u010d\u00e1st\u00ed t\u00e9to vzru\u0161uj\u00edc\u00ed oslavy.<\/p>\n<p>T\u011b\u0161\u00edme se na setk\u00e1n\u00ed s v\u00e1mi.<\/p>\n<p>My z bunkru<br \/>T\u00fdm Historie a D\u011bdictv\u00ed P\u0159\u00e1slavic.<\/p>[\/et_pb_text][et_pb_image src=&#8221;https:\/\/www.bunkrpraslavice.cz\/wp-content\/uploads\/2023\/11\/pametnilist-300&#215;212-1.jpg&#8221; _builder_version=&#8221;4.22.2&#8243; _module_preset=&#8221;default&#8221; theme_builder_area=&#8221;post_content&#8221; title_text=&#8221;pametnilist-300&#215;212-1&#8243; hover_enabled=&#8221;0&#8243; sticky_enabled=&#8221;0&#8243;][\/et_pb_image][\/et_pb_column][\/et_pb_row][\/et_pb_section]\n","protected":false},"excerpt":{"rendered":"<p>Je tomu pr\u00e1v\u011b rok, co jsme poprv\u00e9 otev\u0159eli dve\u0159e historick\u00e9ho bunkru v P\u0159\u00e1slavic\u00edch pro ve\u0159ejnost. Toto v\u00fdro\u010d\u00ed chceme oslavit s v\u00e1mi, na\u0161imi mil\u00fdmi n\u00e1v\u0161t\u011bvn\u00edky, kte\u0159\u00ed jste sou\u010d\u00e1st\u00ed na\u0161\u00ed cesty. V\u00edkend 3.- 4. \u010dervna 2023 bude ve znamen\u00ed slavnostn\u00edch prohl\u00eddek, p\u0159i kter\u00fdch si budete moci prohl\u00e9dnout v\u0161echny z\u00e1kout\u00ed bunkru a sezn\u00e1mit se s jeho bohatou histori\u00ed. [&hellip;]<\/p>\n","protected":false},"author":1,"featured_media":4318,"comment_status":"open","ping_status":"open","sticky":false,"template":"","format":"standard","meta":{"_et_pb_use_builder":"on","_et_pb_old_content":"","_et_gb_content_width":"","footnotes":""},"categories":[1],"tags":[],"class_list":["post-4317","post","type-post","status-publish","format-standard","has-post-thumbnail","hentry","category-uncategorized-cs"],"_links":{"self":[{"href":"https:\/\/www.bunkrpraslavice.cz\/en\/wp-json\/wp\/v2\/posts\/4317","targetHints":{"allow":["GET"]}}],"collection":[{"href":"https:\/\/www.bunkrpraslavice.cz\/en\/wp-json\/wp\/v2\/posts"}],"about":[{"href":"https:\/\/www.bunkrpraslavice.cz\/en\/wp-json\/wp\/v2\/types\/post"}],"author":[{"embeddable":true,"href":"https:\/\/www.bunkrpraslavice.cz\/en\/wp-json\/wp\/v2\/users\/1"}],"replies":[{"embeddable":true,"href":"https:\/\/www.bunkrpraslavice.cz\/en\/wp-json\/wp\/v2\/comments?post=4317"}],"version-history":[{"count":0,"href":"https:\/\/www.bunkrpraslavice.cz\/en\/wp-json\/wp\/v2\/posts\/4317\/revisions"}],"wp:featuredmedia":[{"embeddable":true,"href":"https:\/\/www.bunkrpraslavice.cz\/en\/wp-json\/wp\/v2\/media\/4318"}],"wp:attachment":[{"href":"https:\/\/www.bunkrpraslavice.cz\/en\/wp-json\/wp\/v2\/media?parent=4317"}],"wp:term":[{"taxonomy":"category","embeddable":true,"href":"https:\/\/www.bunkrpraslavice.cz\/en\/wp-json\/wp\/v2\/categories?post=4317"},{"taxonomy":"post_tag","embeddable":true,"href":"https:\/\/www.bunkrpraslavice.cz\/en\/wp-json\/wp\/v2\/tags?post=4317"}],"curies":[{"name":"wp","href":"https:\/\/api.w.org\/{rel}","templated":true}]}}