{"id":4306,"date":"2023-05-30T10:37:00","date_gmt":"2023-05-30T09:37:00","guid":{"rendered":"https:\/\/www.bunkrpraslavice.cz\/?p=4306"},"modified":"2023-11-12T17:08:33","modified_gmt":"2023-11-12T16:08:33","slug":"vyzva-pro-pametniky","status":"publish","type":"post","link":"https:\/\/www.bunkrpraslavice.cz\/en\/vyzva-pro-pametniky\/","title":{"rendered":"V\u00fdzva pro pam\u011btn\u00edky"},"content":{"rendered":"<p>[et_pb_section fb_built=&#8221;1&#8243; theme_builder_area=&#8221;post_content&#8221; _builder_version=&#8221;4.22.2&#8243; _module_preset=&#8221;default&#8221;][et_pb_row _builder_version=&#8221;4.22.2&#8243; _module_preset=&#8221;default&#8221; theme_builder_area=&#8221;post_content&#8221;][et_pb_column _builder_version=&#8221;4.22.2&#8243; _module_preset=&#8221;default&#8221; type=&#8221;4_4&#8243; theme_builder_area=&#8221;post_content&#8221;][et_pb_text _builder_version=&#8221;4.22.2&#8243; _module_preset=&#8221;default&#8221; theme_builder_area=&#8221;post_content&#8221; hover_enabled=&#8221;0&#8243; sticky_enabled=&#8221;0&#8243;]<\/p>\n<p>Bunkr P\u0159\u00e1slavice se obrac\u00ed na v\u0161echny, kdo maj\u00ed n\u011bjakou spojitost s objektem bunkru v P\u0159\u00e1slavic\u00edch. Chceme sesb\u00edrat vzpom\u00ednky a p\u0159\u00edb\u011bhy spojen\u00e9 s t\u00edmto historick\u00fdm objektem a zdokumentovat je pro budouc\u00ed generace.<\/p>\n<p>M\u00e1me z\u00e1jem o ty z v\u00e1s, kte\u0159\u00ed pamatujete dobu, kdy byl bunkr v P\u0159\u00e1slavic\u00edch je\u0161t\u011b aktivn\u011b vyu\u017e\u00edv\u00e1n. Nebo je\u0161t\u011b l\u00e9pe budov\u00e1n. Vy, kdo jste p\u0159\u00e1slavick\u00fdm bunkrem pro\u0161li jako vojen\u0161t\u00ed \u010di civiln\u00ed zam\u011bstnanci, ozv\u011bte se n\u00e1m, pros\u00edm.<\/p>\n<p>Je d\u016fle\u017eit\u00e9 zachovat vzpom\u00ednky na tento unik\u00e1tn\u00ed objekt a zaznamenat je pro budouc\u00ed generace, aby mohly pochopit jeho historii. Va\u0161e zku\u0161enosti a vzpom\u00ednky jsou neoceniteln\u00e9 a p\u0159edstavuj\u00ed nezam\u011bnitelnou \u010d\u00e1st na\u0161eho d\u011bdictv\u00ed.<\/p>\n<p>Pokud jste b\u00fdval\u00fdm pracovn\u00edkem, kter\u00fd se pod\u00edlel na stavb\u011b nebo provozu bunkru, nebo jste m\u011bli mo\u017enost pozorovat a za\u017e\u00edt jak\u00e9koli ud\u00e1losti spojen\u00e9 s t\u00edmto m\u00edstem, r\u00e1di bychom sly\u0161eli va\u0161e p\u0159\u00edb\u011bhy.<\/p>\n<p>Pokud jste ochotni se pod\u011blit o sv\u00e9 z\u00e1\u017eitky a p\u0159\u00edb\u011bhy, nev\u00e1hejte n\u00e1s kontaktovat na emailu: bunkr@flenexa.com.<\/p>\n<p>T\u011b\u0161\u00edme se na setk\u00e1n\u00ed s v\u00e1mi a na v\u0161echno, co n\u00e1m m\u016f\u017eete pov\u011bd\u011bt o historii bunkru v P\u0159\u00e1slavic\u00edch.<\/p>\n<p>D\u011bkujeme v\u00e1m za va\u0161i spolupr\u00e1ci a t\u011b\u0161\u00edme se na setk\u00e1n\u00ed s v\u00e1mi!<\/p>\n<p>[\/et_pb_text][et_pb_image src=&#8221;https:\/\/www.bunkrpraslavice.cz\/wp-content\/uploads\/2023\/11\/znak-261&#215;300-1.jpg&#8221; _builder_version=&#8221;4.22.2&#8243; _module_preset=&#8221;default&#8221; theme_builder_area=&#8221;post_content&#8221; title_text=&#8221;znak-261&#215;300-1&#8243; hover_enabled=&#8221;0&#8243; sticky_enabled=&#8221;0&#8243;][\/et_pb_image][\/et_pb_column][\/et_pb_row][\/et_pb_section]<\/p>\n","protected":false},"excerpt":{"rendered":"<p>Bunkr P\u0159\u00e1slavice se obrac\u00ed na v\u0161echny, kdo maj\u00ed n\u011bjakou spojitost s objektem bunkru v P\u0159\u00e1slavic\u00edch. Chceme sesb\u00edrat vzpom\u00ednky a p\u0159\u00edb\u011bhy spojen\u00e9 s t\u00edmto historick\u00fdm objektem a zdokumentovat je pro budouc\u00ed generace. M\u00e1me z\u00e1jem o ty z v\u00e1s, kte\u0159\u00ed pamatujete dobu, kdy byl bunkr v P\u0159\u00e1slavic\u00edch je\u0161t\u011b aktivn\u011b vyu\u017e\u00edv\u00e1n. Nebo je\u0161t\u011b l\u00e9pe budov\u00e1n. Vy, kdo jste [&hellip;]<\/p>\n","protected":false},"author":1,"featured_media":4308,"comment_status":"open","ping_status":"open","sticky":false,"template":"","format":"standard","meta":{"_et_pb_use_builder":"on","_et_pb_old_content":"","_et_gb_content_width":"","footnotes":""},"categories":[1],"tags":[],"class_list":["post-4306","post","type-post","status-publish","format-standard","has-post-thumbnail","hentry","category-uncategorized-cs"],"_links":{"self":[{"href":"https:\/\/www.bunkrpraslavice.cz\/en\/wp-json\/wp\/v2\/posts\/4306","targetHints":{"allow":["GET"]}}],"collection":[{"href":"https:\/\/www.bunkrpraslavice.cz\/en\/wp-json\/wp\/v2\/posts"}],"about":[{"href":"https:\/\/www.bunkrpraslavice.cz\/en\/wp-json\/wp\/v2\/types\/post"}],"author":[{"embeddable":true,"href":"https:\/\/www.bunkrpraslavice.cz\/en\/wp-json\/wp\/v2\/users\/1"}],"replies":[{"embeddable":true,"href":"https:\/\/www.bunkrpraslavice.cz\/en\/wp-json\/wp\/v2\/comments?post=4306"}],"version-history":[{"count":0,"href":"https:\/\/www.bunkrpraslavice.cz\/en\/wp-json\/wp\/v2\/posts\/4306\/revisions"}],"wp:featuredmedia":[{"embeddable":true,"href":"https:\/\/www.bunkrpraslavice.cz\/en\/wp-json\/wp\/v2\/media\/4308"}],"wp:attachment":[{"href":"https:\/\/www.bunkrpraslavice.cz\/en\/wp-json\/wp\/v2\/media?parent=4306"}],"wp:term":[{"taxonomy":"category","embeddable":true,"href":"https:\/\/www.bunkrpraslavice.cz\/en\/wp-json\/wp\/v2\/categories?post=4306"},{"taxonomy":"post_tag","embeddable":true,"href":"https:\/\/www.bunkrpraslavice.cz\/en\/wp-json\/wp\/v2\/tags?post=4306"}],"curies":[{"name":"wp","href":"https:\/\/api.w.org\/{rel}","templated":true}]}}