{"id":4292,"date":"2023-07-01T15:34:00","date_gmt":"2023-07-01T14:34:00","guid":{"rendered":"https:\/\/www.bunkrpraslavice.cz\/?p=4292"},"modified":"2023-11-12T17:02:30","modified_gmt":"2023-11-12T16:02:30","slug":"prazdninova-oteviraci-doba","status":"publish","type":"post","link":"https:\/\/www.bunkrpraslavice.cz\/en\/prazdninova-oteviraci-doba\/","title":{"rendered":"Pr\u00e1zdninov\u00e1 otev\u00edrac\u00ed doba"},"content":{"rendered":"\n[et_pb_section fb_built=&#8221;1&#8243; theme_builder_area=&#8221;post_content&#8221; _builder_version=&#8221;4.22.2&#8243; _module_preset=&#8221;default&#8221;][et_pb_row _builder_version=&#8221;4.22.2&#8243; _module_preset=&#8221;default&#8221; theme_builder_area=&#8221;post_content&#8221;][et_pb_column _builder_version=&#8221;4.22.2&#8243; _module_preset=&#8221;default&#8221; type=&#8221;4_4&#8243; theme_builder_area=&#8221;post_content&#8221;][et_pb_text _builder_version=&#8221;4.22.2&#8243; _module_preset=&#8221;default&#8221; theme_builder_area=&#8221;post_content&#8221; hover_enabled=&#8221;0&#8243; sticky_enabled=&#8221;0&#8243;]<p>Hur\u00e1, je l\u00e9to, doba dovolen\u00fdch a \u0161koln\u00edch pr\u00e1zdnin. Abychom zareagovali na zv\u00fd\u0161en\u00fd pohyb turist\u016f po na\u0161\u00ed kr\u00e1sn\u00e9 vlasti, p\u0159idali jsme pravideln\u00e9 prohl\u00eddky i na st\u0159edu odpoledne.<\/p>\n<p>Krom\u011b v\u00edkend\u016f k n\u00e1m tedy m\u016f\u017eete zav\u00edtat i v t\u00fddnu. Nav\u00edc p\u0159ipravujeme i speci\u00e1ln\u00ed pr\u00e1zdninov\u00e9 akce, jako nap\u0159\u00edklad temn\u00e1 ve\u010dern\u00ed prohl\u00eddka bunkrem.<\/p>\n<p>Pro mal\u00e9 n\u00e1v\u0161t\u011bvn\u00edky budeme m\u00edt po cel\u00e9 letn\u00ed pr\u00e1zdniny v nab\u00eddce ned\u011bln\u00ed poh\u00e1dkov\u00e9 prohl\u00eddky na t\u00e9ma: &#8220;M\u00e1me v bot\u00e1ch kocoura?&#8221;<\/p>\n<p>P\u0159ij\u010fte se k n\u00e1m pod\u00edvat. T\u011b\u0161\u00edme se na ka\u017ed\u00e9ho z v\u00e1s.<\/p>[\/et_pb_text][et_pb_image src=&#8221;https:\/\/www.bunkrpraslavice.cz\/wp-content\/uploads\/2023\/10\/img-4785-scaled-1.jpeg&#8221; _builder_version=&#8221;4.22.2&#8243; _module_preset=&#8221;default&#8221; theme_builder_area=&#8221;post_content&#8221; title_text=&#8221;Holiny, kter\u00e9 n\u00e1m slou\u017e\u00ed pro legr\u00e1cky b\u011bhem prohl\u00eddek&#8221; hover_enabled=&#8221;0&#8243; sticky_enabled=&#8221;0&#8243; width=&#8221;39%&#8221;][\/et_pb_image][\/et_pb_column][\/et_pb_row][\/et_pb_section]\n","protected":false},"excerpt":{"rendered":"<p>Hur\u00e1, je l\u00e9to, doba dovolen\u00fdch a \u0161koln\u00edch pr\u00e1zdnin. Abychom zareagovali na zv\u00fd\u0161en\u00fd pohyb turist\u016f po na\u0161\u00ed kr\u00e1sn\u00e9 vlasti, p\u0159idali jsme pravideln\u00e9 prohl\u00eddky i na st\u0159edu odpoledne. Krom\u011b v\u00edkend\u016f k n\u00e1m tedy m\u016f\u017eete zav\u00edtat i v t\u00fddnu. Nav\u00edc p\u0159ipravujeme i speci\u00e1ln\u00ed pr\u00e1zdninov\u00e9 akce, jako nap\u0159\u00edklad temn\u00e1 ve\u010dern\u00ed prohl\u00eddka bunkrem. Pro mal\u00e9 n\u00e1v\u0161t\u011bvn\u00edky budeme m\u00edt po cel\u00e9 [&hellip;]<\/p>\n","protected":false},"author":1,"featured_media":4296,"comment_status":"open","ping_status":"open","sticky":false,"template":"","format":"standard","meta":{"_et_pb_use_builder":"on","_et_pb_old_content":"","_et_gb_content_width":"","footnotes":""},"categories":[1],"tags":[],"class_list":["post-4292","post","type-post","status-publish","format-standard","has-post-thumbnail","hentry","category-uncategorized-cs"],"_links":{"self":[{"href":"https:\/\/www.bunkrpraslavice.cz\/en\/wp-json\/wp\/v2\/posts\/4292","targetHints":{"allow":["GET"]}}],"collection":[{"href":"https:\/\/www.bunkrpraslavice.cz\/en\/wp-json\/wp\/v2\/posts"}],"about":[{"href":"https:\/\/www.bunkrpraslavice.cz\/en\/wp-json\/wp\/v2\/types\/post"}],"author":[{"embeddable":true,"href":"https:\/\/www.bunkrpraslavice.cz\/en\/wp-json\/wp\/v2\/users\/1"}],"replies":[{"embeddable":true,"href":"https:\/\/www.bunkrpraslavice.cz\/en\/wp-json\/wp\/v2\/comments?post=4292"}],"version-history":[{"count":0,"href":"https:\/\/www.bunkrpraslavice.cz\/en\/wp-json\/wp\/v2\/posts\/4292\/revisions"}],"wp:featuredmedia":[{"embeddable":true,"href":"https:\/\/www.bunkrpraslavice.cz\/en\/wp-json\/wp\/v2\/media\/4296"}],"wp:attachment":[{"href":"https:\/\/www.bunkrpraslavice.cz\/en\/wp-json\/wp\/v2\/media?parent=4292"}],"wp:term":[{"taxonomy":"category","embeddable":true,"href":"https:\/\/www.bunkrpraslavice.cz\/en\/wp-json\/wp\/v2\/categories?post=4292"},{"taxonomy":"post_tag","embeddable":true,"href":"https:\/\/www.bunkrpraslavice.cz\/en\/wp-json\/wp\/v2\/tags?post=4292"}],"curies":[{"name":"wp","href":"https:\/\/api.w.org\/{rel}","templated":true}]}}