{"id":4277,"date":"2023-08-08T14:45:00","date_gmt":"2023-08-08T13:45:00","guid":{"rendered":"https:\/\/www.bunkrpraslavice.cz\/?p=4277"},"modified":"2023-11-12T16:56:12","modified_gmt":"2023-11-12T15:56:12","slug":"temna-hororova-prohlidka-16-8","status":"publish","type":"post","link":"https:\/\/www.bunkrpraslavice.cz\/en\/temna-hororova-prohlidka-16-8\/","title":{"rendered":"Temn\u00e1 hororov\u00e1 prohl\u00eddka 16.8."},"content":{"rendered":"\n[et_pb_section fb_built=&#8221;1&#8243; theme_builder_area=&#8221;post_content&#8221; _builder_version=&#8221;4.22.2&#8243; _module_preset=&#8221;default&#8221;][et_pb_row _builder_version=&#8221;4.22.2&#8243; _module_preset=&#8221;default&#8221; theme_builder_area=&#8221;post_content&#8221;][et_pb_column _builder_version=&#8221;4.22.2&#8243; _module_preset=&#8221;default&#8221; type=&#8221;4_4&#8243; theme_builder_area=&#8221;post_content&#8221;][et_pb_text _builder_version=&#8221;4.22.2&#8243; _module_preset=&#8221;default&#8221; theme_builder_area=&#8221;post_content&#8221; hover_enabled=&#8221;0&#8243; sticky_enabled=&#8221;0&#8243;]<p>Odv\u00e1\u017en\u00e9 dosp\u011bl\u00e1ky op\u011bt provedeme bunkrem pouze za svitu baterek. Ve st\u0159edu 16.8. od 21:00 hodin m\u00e1te mo\u017enost za\u017e\u00edt bunkr nejen o\u010dima, ale i u\u0161ima (ve tm\u011b zvuky uvnit\u0159 bunkru l\u00e9pe vyniknou).<\/p>\n<p>Mal\u00e9 d\u011bti vezm\u011bte, pros\u00edm, rad\u011bji na prohl\u00eddku jindy. Potemn\u011bl\u00fd bunkr by je mohl zbyte\u010dn\u011b vyd\u011bsit. D\u011bkujeme.<\/p>[\/et_pb_text][\/et_pb_column][\/et_pb_row][et_pb_row _builder_version=&#8221;4.22.2&#8243; _module_preset=&#8221;default&#8221; theme_builder_area=&#8221;post_content&#8221; column_structure=&#8221;1_4,1_4,1_4,1_4&#8243;][et_pb_column _builder_version=&#8221;4.22.2&#8243; _module_preset=&#8221;default&#8221; type=&#8221;1_4&#8243; theme_builder_area=&#8221;post_content&#8221;][et_pb_image src=&#8221;https:\/\/www.bunkrpraslavice.cz\/wp-content\/uploads\/2023\/11\/9e5649bf-c8c0-42fd-8979-416d915b314f-300&#215;169-1.jpg&#8221; _builder_version=&#8221;4.22.2&#8243; _module_preset=&#8221;default&#8221; theme_builder_area=&#8221;post_content&#8221; align=&#8221;center&#8221; title_text=&#8221;9e5649bf-c8c0-42fd-8979-416d915b314f-300&#215;169&#8243; hover_enabled=&#8221;0&#8243; sticky_enabled=&#8221;0&#8243;][\/et_pb_image][\/et_pb_column][et_pb_column _builder_version=&#8221;4.22.2&#8243; _module_preset=&#8221;default&#8221; type=&#8221;1_4&#8243; theme_builder_area=&#8221;post_content&#8221;][et_pb_image src=&#8221;https:\/\/www.bunkrpraslavice.cz\/wp-content\/uploads\/2023\/11\/67d36de2-b213-4982-87e8-3cdbe5284ff1-300&#215;169-1.jpg&#8221; _builder_version=&#8221;4.22.2&#8243; _module_preset=&#8221;default&#8221; theme_builder_area=&#8221;post_content&#8221; align=&#8221;center&#8221; title_text=&#8221;67d36de2-b213-4982-87e8-3cdbe5284ff1-300&#215;169&#8243; hover_enabled=&#8221;0&#8243; sticky_enabled=&#8221;0&#8243;][\/et_pb_image][\/et_pb_column][et_pb_column _builder_version=&#8221;4.22.2&#8243; _module_preset=&#8221;default&#8221; type=&#8221;1_4&#8243; theme_builder_area=&#8221;post_content&#8221;][et_pb_image src=&#8221;https:\/\/www.bunkrpraslavice.cz\/wp-content\/uploads\/2023\/11\/5775e8c7-ef72-4f0a-84c5-e80d1602da89-300&#215;169-1.jpg&#8221; _builder_version=&#8221;4.22.2&#8243; _module_preset=&#8221;default&#8221; theme_builder_area=&#8221;post_content&#8221; align=&#8221;center&#8221; title_text=&#8221;5775e8c7-ef72-4f0a-84c5-e80d1602da89-300&#215;169&#8243; hover_enabled=&#8221;0&#8243; sticky_enabled=&#8221;0&#8243;][\/et_pb_image][\/et_pb_column][et_pb_column _builder_version=&#8221;4.22.2&#8243; _module_preset=&#8221;default&#8221; type=&#8221;1_4&#8243; theme_builder_area=&#8221;post_content&#8221;][et_pb_image src=&#8221;https:\/\/www.bunkrpraslavice.cz\/wp-content\/uploads\/2023\/11\/872007aa-df2c-420b-949c-61b4f7855f2a-300&#215;169-1.jpg&#8221; _builder_version=&#8221;4.22.2&#8243; _module_preset=&#8221;default&#8221; theme_builder_area=&#8221;post_content&#8221; align=&#8221;center&#8221; title_text=&#8221;872007aa-df2c-420b-949c-61b4f7855f2a-300&#215;169&#8243; hover_enabled=&#8221;0&#8243; sticky_enabled=&#8221;0&#8243;][\/et_pb_image][\/et_pb_column][\/et_pb_row][\/et_pb_section]\n","protected":false},"excerpt":{"rendered":"<p>Odv\u00e1\u017en\u00e9 dosp\u011bl\u00e1ky op\u011bt provedeme bunkrem pouze za svitu baterek. Ve st\u0159edu 16.8. od 21:00 hodin m\u00e1te mo\u017enost za\u017e\u00edt bunkr nejen o\u010dima, ale i u\u0161ima (ve tm\u011b zvuky uvnit\u0159 bunkru l\u00e9pe vyniknou). Mal\u00e9 d\u011bti vezm\u011bte, pros\u00edm, rad\u011bji na prohl\u00eddku jindy. Potemn\u011bl\u00fd bunkr by je mohl zbyte\u010dn\u011b vyd\u011bsit. D\u011bkujeme.<\/p>\n","protected":false},"author":1,"featured_media":4280,"comment_status":"open","ping_status":"open","sticky":false,"template":"","format":"standard","meta":{"_et_pb_use_builder":"on","_et_pb_old_content":"","_et_gb_content_width":"","footnotes":""},"categories":[1],"tags":[],"class_list":["post-4277","post","type-post","status-publish","format-standard","has-post-thumbnail","hentry","category-uncategorized-cs"],"_links":{"self":[{"href":"https:\/\/www.bunkrpraslavice.cz\/en\/wp-json\/wp\/v2\/posts\/4277","targetHints":{"allow":["GET"]}}],"collection":[{"href":"https:\/\/www.bunkrpraslavice.cz\/en\/wp-json\/wp\/v2\/posts"}],"about":[{"href":"https:\/\/www.bunkrpraslavice.cz\/en\/wp-json\/wp\/v2\/types\/post"}],"author":[{"embeddable":true,"href":"https:\/\/www.bunkrpraslavice.cz\/en\/wp-json\/wp\/v2\/users\/1"}],"replies":[{"embeddable":true,"href":"https:\/\/www.bunkrpraslavice.cz\/en\/wp-json\/wp\/v2\/comments?post=4277"}],"version-history":[{"count":0,"href":"https:\/\/www.bunkrpraslavice.cz\/en\/wp-json\/wp\/v2\/posts\/4277\/revisions"}],"wp:featuredmedia":[{"embeddable":true,"href":"https:\/\/www.bunkrpraslavice.cz\/en\/wp-json\/wp\/v2\/media\/4280"}],"wp:attachment":[{"href":"https:\/\/www.bunkrpraslavice.cz\/en\/wp-json\/wp\/v2\/media?parent=4277"}],"wp:term":[{"taxonomy":"category","embeddable":true,"href":"https:\/\/www.bunkrpraslavice.cz\/en\/wp-json\/wp\/v2\/categories?post=4277"},{"taxonomy":"post_tag","embeddable":true,"href":"https:\/\/www.bunkrpraslavice.cz\/en\/wp-json\/wp\/v2\/tags?post=4277"}],"curies":[{"name":"wp","href":"https:\/\/api.w.org\/{rel}","templated":true}]}}