{"id":4264,"date":"2023-08-08T14:54:00","date_gmt":"2023-08-08T13:54:00","guid":{"rendered":"https:\/\/www.bunkrpraslavice.cz\/?p=4264"},"modified":"2023-11-12T16:51:42","modified_gmt":"2023-11-12T15:51:42","slug":"podzimni-kolecko-prednasek-v-knihovnach","status":"publish","type":"post","link":"https:\/\/www.bunkrpraslavice.cz\/en\/podzimni-kolecko-prednasek-v-knihovnach\/","title":{"rendered":"Podzimn\u00ed kole\u010dko p\u0159edn\u00e1\u0161ek v knihovn\u00e1ch"},"content":{"rendered":"\n[et_pb_section fb_built=&#8221;1&#8243; theme_builder_area=&#8221;post_content&#8221; _builder_version=&#8221;4.22.2&#8243; _module_preset=&#8221;default&#8221;][et_pb_row _builder_version=&#8221;4.22.2&#8243; _module_preset=&#8221;default&#8221; theme_builder_area=&#8221;post_content&#8221;][et_pb_column _builder_version=&#8221;4.22.2&#8243; _module_preset=&#8221;default&#8221; type=&#8221;4_4&#8243; theme_builder_area=&#8221;post_content&#8221;][et_pb_text _builder_version=&#8221;4.22.2&#8243; _module_preset=&#8221;default&#8221; theme_builder_area=&#8221;post_content&#8221; hover_enabled=&#8221;0&#8243; sticky_enabled=&#8221;0&#8243;]<p>Hranice, Ostrava, \u0160umperk&#8230; a mo\u017en\u00e1 je\u0161t\u011b do dal\u0161\u00edch m\u00edst zav\u00edt\u00e1me s p\u0159edn\u00e1\u0161kou o p\u0159\u00e1slavick\u00e9m bunkru.<\/p>\n<p>Po \u00fasp\u011b\u0161n\u00fdch jarn\u00edch p\u0159edn\u00e1\u0161k\u00e1ch pro \u010dten\u00e1\u0159e knihoven v Olomouck\u00e9m kraji jsme se rozhodli uspo\u0159\u00e1dat dal\u0161\u00ed kolo, tentokr\u00e1t podzimn\u00ed. P\u0159esn\u00e9 term\u00edny p\u0159edn\u00e1\u0161ek v\u010das zve\u0159ejn\u00edme zde i na na\u0161ich soci\u00e1ln\u00edch s\u00edt\u00edch.<\/p>[\/et_pb_text][\/et_pb_column][\/et_pb_row][et_pb_row _builder_version=&#8221;4.22.2&#8243; _module_preset=&#8221;default&#8221; theme_builder_area=&#8221;post_content&#8221; column_structure=&#8221;1_2,1_2&#8243; hover_enabled=&#8221;0&#8243; sticky_enabled=&#8221;0&#8243;][et_pb_column _builder_version=&#8221;4.22.2&#8243; _module_preset=&#8221;default&#8221; type=&#8221;1_2&#8243; theme_builder_area=&#8221;post_content&#8221;][et_pb_image src=&#8221;https:\/\/www.bunkrpraslavice.cz\/wp-content\/uploads\/2023\/11\/sal-knihovna-bez-lidi-300&#215;169-1.jpg&#8221; _builder_version=&#8221;4.22.2&#8243; _module_preset=&#8221;default&#8221; theme_builder_area=&#8221;post_content&#8221; title_text=&#8221;sal-knihovna-bez-lidi-300&#215;169&#8243; hover_enabled=&#8221;0&#8243; sticky_enabled=&#8221;0&#8243; align=&#8221;center&#8221;][\/et_pb_image][\/et_pb_column][et_pb_column _builder_version=&#8221;4.22.2&#8243; _module_preset=&#8221;default&#8221; type=&#8221;1_2&#8243; theme_builder_area=&#8221;post_content&#8221;][et_pb_image src=&#8221;https:\/\/www.bunkrpraslavice.cz\/wp-content\/uploads\/2023\/11\/sal-v-knihovne-s-lidmi-1-300&#215;169-1.jpg&#8221; _builder_version=&#8221;4.22.2&#8243; _module_preset=&#8221;default&#8221; theme_builder_area=&#8221;post_content&#8221; align=&#8221;center&#8221; title_text=&#8221;sal-v-knihovne-s-lidmi-1-300&#215;169&#8243; hover_enabled=&#8221;0&#8243; sticky_enabled=&#8221;0&#8243;][\/et_pb_image][\/et_pb_column][\/et_pb_row][\/et_pb_section]\n","protected":false},"excerpt":{"rendered":"<p>Hranice, Ostrava, \u0160umperk&#8230; a mo\u017en\u00e1 je\u0161t\u011b do dal\u0161\u00edch m\u00edst zav\u00edt\u00e1me s p\u0159edn\u00e1\u0161kou o p\u0159\u00e1slavick\u00e9m bunkru. Po \u00fasp\u011b\u0161n\u00fdch jarn\u00edch p\u0159edn\u00e1\u0161k\u00e1ch pro \u010dten\u00e1\u0159e knihoven v Olomouck\u00e9m kraji jsme se rozhodli uspo\u0159\u00e1dat dal\u0161\u00ed kolo, tentokr\u00e1t podzimn\u00ed. P\u0159esn\u00e9 term\u00edny p\u0159edn\u00e1\u0161ek v\u010das zve\u0159ejn\u00edme zde i na na\u0161ich soci\u00e1ln\u00edch s\u00edt\u00edch.<\/p>\n","protected":false},"author":1,"featured_media":4268,"comment_status":"open","ping_status":"open","sticky":false,"template":"","format":"standard","meta":{"_et_pb_use_builder":"on","_et_pb_old_content":"","_et_gb_content_width":"","footnotes":""},"categories":[1],"tags":[],"class_list":["post-4264","post","type-post","status-publish","format-standard","has-post-thumbnail","hentry","category-uncategorized-cs"],"_links":{"self":[{"href":"https:\/\/www.bunkrpraslavice.cz\/en\/wp-json\/wp\/v2\/posts\/4264","targetHints":{"allow":["GET"]}}],"collection":[{"href":"https:\/\/www.bunkrpraslavice.cz\/en\/wp-json\/wp\/v2\/posts"}],"about":[{"href":"https:\/\/www.bunkrpraslavice.cz\/en\/wp-json\/wp\/v2\/types\/post"}],"author":[{"embeddable":true,"href":"https:\/\/www.bunkrpraslavice.cz\/en\/wp-json\/wp\/v2\/users\/1"}],"replies":[{"embeddable":true,"href":"https:\/\/www.bunkrpraslavice.cz\/en\/wp-json\/wp\/v2\/comments?post=4264"}],"version-history":[{"count":0,"href":"https:\/\/www.bunkrpraslavice.cz\/en\/wp-json\/wp\/v2\/posts\/4264\/revisions"}],"wp:featuredmedia":[{"embeddable":true,"href":"https:\/\/www.bunkrpraslavice.cz\/en\/wp-json\/wp\/v2\/media\/4268"}],"wp:attachment":[{"href":"https:\/\/www.bunkrpraslavice.cz\/en\/wp-json\/wp\/v2\/media?parent=4264"}],"wp:term":[{"taxonomy":"category","embeddable":true,"href":"https:\/\/www.bunkrpraslavice.cz\/en\/wp-json\/wp\/v2\/categories?post=4264"},{"taxonomy":"post_tag","embeddable":true,"href":"https:\/\/www.bunkrpraslavice.cz\/en\/wp-json\/wp\/v2\/tags?post=4264"}],"curies":[{"name":"wp","href":"https:\/\/api.w.org\/{rel}","templated":true}]}}