{"id":4250,"date":"2023-09-19T12:43:00","date_gmt":"2023-09-19T11:43:00","guid":{"rendered":"https:\/\/www.bunkrpraslavice.cz\/?p=4250"},"modified":"2023-11-12T16:38:25","modified_gmt":"2023-11-12T15:38:25","slug":"noc-vedcu-v-praslavicich-tajemno-v-bunkru","status":"publish","type":"post","link":"https:\/\/www.bunkrpraslavice.cz\/en\/noc-vedcu-v-praslavicich-tajemno-v-bunkru\/","title":{"rendered":"Noc v\u011bdc\u016f v P\u0159\u00e1slavic\u00edch\u2026 Tajemno v bunkru"},"content":{"rendered":"<p>[et_pb_section fb_built=&#8221;1&#8243; theme_builder_area=&#8221;post_content&#8221; _builder_version=&#8221;4.22.2&#8243; _module_preset=&#8221;default&#8221;][et_pb_row _builder_version=&#8221;4.22.2&#8243; _module_preset=&#8221;default&#8221; theme_builder_area=&#8221;post_content&#8221;][et_pb_column _builder_version=&#8221;4.22.2&#8243; _module_preset=&#8221;default&#8221; type=&#8221;4_4&#8243; theme_builder_area=&#8221;post_content&#8221;][et_pb_text _builder_version=&#8221;4.22.2&#8243; _module_preset=&#8221;default&#8221; theme_builder_area=&#8221;post_content&#8221; hover_enabled=&#8221;0&#8243; sticky_enabled=&#8221;0&#8243;]<\/p>\n<p>Letos poprv\u00e9 jsme se stali partnerem celorepublikov\u00e9 akce Noc v\u011bdc\u016f. B\u011bhem n\u00ed se k n\u00e1m n\u00e1v\u0161t\u011bvn\u00edci mohou pod\u00edvat zcela zdarma a sice ve ve\u010dern\u00edch hodin\u00e1ch 6.10.2023. Akce nese n\u00e1zev:<\/p>\n<p><strong>&#8220;Tajemno v podzem\u00ed&#8221;<\/strong><span style=\"font-size: large;\"><br \/><\/span><\/p>\n<p>B\u011bhem prohl\u00eddky p\u0159\u00e1slavick\u00e9ho bunkru v d\u00e9lce cca 40 minut projdete n\u011bkolika podzemn\u00edmi patry, kde se nach\u00e1z\u00ed zachoval\u00e9, zcela p\u016fvodn\u00ed a autentick\u00e9 vybaven\u00ed. Pod\u00edvat se budete moci do s\u00e1l\u016f \u00fast\u0159eden, do tzv. baterkov\u00fdch s\u00e1l\u016f nebo do technologick\u00fdch prostor, kter\u00e9 slou\u017eily pro zachov\u00e1n\u00ed bojeschopnosti p\u0159i r\u016fzn\u00e9m stupni radiace v okol\u00ed. Prohl\u00e9dnete si m\u00edstnosti, odkud na komunikaci a d\u011bn\u00ed v bunkru dohl\u00ed\u017eela tajn\u00e1 policie. Nahl\u00e9dnete i do servisn\u00edch prostor pro person\u00e1l, jako je kuchy\u0148, lo\u017enice \u010di j\u00eddelna.<\/p>\n<p><b>Tajemno <\/b><b>v podzem\u00ed<\/b> si b\u011bhem Noci v\u011bdc\u016f za\u017eijete i potm\u011b. Nasajete atmosf\u00e9ru v bunkru nejen zrakem, ale p\u0159edev\u0161\u00edm sluchem. \u010c\u00e1st prohl\u00eddky bude toti\u017e t(aj)emn\u00e1. Proto doporu\u010dujeme vz\u00edt si <b>vlastn\u00ed baterku, nejl\u00e9pe \u010delovku<\/b>.<\/p>\n<p>\u00da\u010dast velmi mal\u00fdch d\u011bt\u00ed kv\u016fli charakteru akce, pros\u00edm, zva\u017ete. Uvnit\u0159 bunkru jsou schodi\u0161t\u011b, nen\u00ed mo\u017enost zajistit bezbari\u00e9rovost. D\u011bkujeme.<\/p>\n<p>Nutn\u00e1 je p\u0159edchoz\u00ed rezervace na prohl\u00eddky v r\u00e1mci <a href=\"https:\/\/www.nocvedcu.cz\/organizace\/bunkr-praslavice\" target=\"_blank\" rel=\"noopener\">Noci v\u011bdc\u016f<\/a>.<\/p>\n<p>[\/et_pb_text][\/et_pb_column][\/et_pb_row][\/et_pb_section]<\/p>\n","protected":false},"excerpt":{"rendered":"<p>Letos poprv\u00e9 jsme se stali partnerem celorepublikov\u00e9 akce Noc v\u011bdc\u016f. B\u011bhem n\u00ed se k n\u00e1m n\u00e1v\u0161t\u011bvn\u00edci mohou pod\u00edvat zcela zdarma a sice ve ve\u010dern\u00edch hodin\u00e1ch 6.10.2023. Akce nese n\u00e1zev: &#8220;Tajemno v podzem\u00ed&#8221; B\u011bhem prohl\u00eddky p\u0159\u00e1slavick\u00e9ho bunkru v d\u00e9lce cca 40 minut projdete n\u011bkolika podzemn\u00edmi patry, kde se nach\u00e1z\u00ed zachoval\u00e9, zcela p\u016fvodn\u00ed a autentick\u00e9 vybaven\u00ed. Pod\u00edvat [&hellip;]<\/p>\n","protected":false},"author":1,"featured_media":4251,"comment_status":"open","ping_status":"open","sticky":false,"template":"","format":"standard","meta":{"_et_pb_use_builder":"on","_et_pb_old_content":"","_et_gb_content_width":"","footnotes":""},"categories":[1],"tags":[],"class_list":["post-4250","post","type-post","status-publish","format-standard","has-post-thumbnail","hentry","category-uncategorized-cs"],"_links":{"self":[{"href":"https:\/\/www.bunkrpraslavice.cz\/en\/wp-json\/wp\/v2\/posts\/4250","targetHints":{"allow":["GET"]}}],"collection":[{"href":"https:\/\/www.bunkrpraslavice.cz\/en\/wp-json\/wp\/v2\/posts"}],"about":[{"href":"https:\/\/www.bunkrpraslavice.cz\/en\/wp-json\/wp\/v2\/types\/post"}],"author":[{"embeddable":true,"href":"https:\/\/www.bunkrpraslavice.cz\/en\/wp-json\/wp\/v2\/users\/1"}],"replies":[{"embeddable":true,"href":"https:\/\/www.bunkrpraslavice.cz\/en\/wp-json\/wp\/v2\/comments?post=4250"}],"version-history":[{"count":0,"href":"https:\/\/www.bunkrpraslavice.cz\/en\/wp-json\/wp\/v2\/posts\/4250\/revisions"}],"wp:featuredmedia":[{"embeddable":true,"href":"https:\/\/www.bunkrpraslavice.cz\/en\/wp-json\/wp\/v2\/media\/4251"}],"wp:attachment":[{"href":"https:\/\/www.bunkrpraslavice.cz\/en\/wp-json\/wp\/v2\/media?parent=4250"}],"wp:term":[{"taxonomy":"category","embeddable":true,"href":"https:\/\/www.bunkrpraslavice.cz\/en\/wp-json\/wp\/v2\/categories?post=4250"},{"taxonomy":"post_tag","embeddable":true,"href":"https:\/\/www.bunkrpraslavice.cz\/en\/wp-json\/wp\/v2\/tags?post=4250"}],"curies":[{"name":"wp","href":"https:\/\/api.w.org\/{rel}","templated":true}]}}