{"id":4244,"date":"2023-10-04T22:20:00","date_gmt":"2023-10-04T21:20:00","guid":{"rendered":"https:\/\/www.bunkrpraslavice.cz\/?p=4244"},"modified":"2023-11-12T16:33:02","modified_gmt":"2023-11-12T15:33:02","slug":"prednaska-o-bunkru-pro-ctenare-moravskoslezske-vedecke-knihovny-v-ostrave","status":"publish","type":"post","link":"https:\/\/www.bunkrpraslavice.cz\/en\/prednaska-o-bunkru-pro-ctenare-moravskoslezske-vedecke-knihovny-v-ostrave\/","title":{"rendered":"P\u0159edn\u00e1\u0161ka o bunkru pro \u010dten\u00e1\u0159e Moravskoslezsk\u00e9 v\u011bdeck\u00e9 knihovny v Ostrav\u011b"},"content":{"rendered":"\n[et_pb_section fb_built=&#8221;1&#8243; theme_builder_area=&#8221;post_content&#8221; _builder_version=&#8221;4.22.2&#8243; _module_preset=&#8221;default&#8221;][et_pb_row _builder_version=&#8221;4.22.2&#8243; _module_preset=&#8221;default&#8221; theme_builder_area=&#8221;post_content&#8221;][et_pb_column _builder_version=&#8221;4.22.2&#8243; _module_preset=&#8221;default&#8221; type=&#8221;4_4&#8243; theme_builder_area=&#8221;post_content&#8221;][et_pb_text _builder_version=&#8221;4.22.2&#8243; _module_preset=&#8221;default&#8221; theme_builder_area=&#8221;post_content&#8221; hover_enabled=&#8221;0&#8243; sticky_enabled=&#8221;0&#8243;]<p>Ve st\u0159edu 18. \u0159\u00edjna v\u00e1m p\u0159edstav\u00edme slovem i obrazem b\u00fdval\u00fd vojensk\u00fd objekt, kter\u00fd byl pln\u011b odtajn\u011bn teprve v roce 2016 a pro ve\u0159ejnost zp\u0159\u00edstupn\u011bn v \u010dervnu 2022. Mohutn\u00fd bunkr, kter\u00fd slou\u017eil jako z\u00e1lo\u017en\u00ed zesilovac\u00ed stanice na magistr\u00e1ln\u00ed telekomunika\u010dn\u00ed ose mezi v\u00fdchodem (Moskvou) a z\u00e1padem (Berl\u00ednem), by hr\u00e1l v p\u0159\u00edpad\u011b propuknut\u00ed 3. sv\u011btov\u00e9 v\u00e1lky st\u011b\u017eejn\u00ed roli pro zachov\u00e1n\u00ed v\u00e1le\u010dn\u00e9 komunikace. Pos\u00e1dka uvnit\u0159 by vydr\u017eela bez z\u00e1sahu zven\u010d\u00ed a\u017e 10 dn\u00ed a to i p\u0159i v\u00fdbuchu jadern\u00e9 zbran\u011b v bezprost\u0159edn\u00ed bl\u00edzkosti.<\/p>\n<p>B\u011bhem p\u0159edn\u00e1\u0161ky v\u00e1m zprost\u0159edkujeme nejen mohutnost objektu (zdi siln\u00e9 1,5m, \u010dty\u0159i podzemn\u00ed podla\u017e\u00ed o rozloze 10tis m2&#8230;), zachovalost vybaven\u00ed, ale i nad\u0161ence, kte\u0159\u00ed v bunkru pracuj\u00ed a sna\u017e\u00ed se historii z dob studen\u00e9 v\u00e1lky ukazovat ve\u0159ejnosti.<\/p>\n<p>V\u00edce informac\u00ed na <a href=\"https:\/\/www.msvk.cz\/o-knihovne\/kalendar-akci\/bunkr-v-praslavicich-u-olomouce-prednaska\" target=\"_blank\" rel=\"noopener\">webu knihovny<\/a>.<\/p>\n<p>Po skon\u010den\u00ed p\u0159edn\u00e1\u0161ky si host\u00e9 budou moci zakoupit vouchery na prohl\u00eddku bunkru.<\/p>[\/et_pb_text][et_pb_image src=&#8221;https:\/\/www.bunkrpraslavice.cz\/wp-content\/uploads\/2023\/11\/ostrava-300&#215;211-1.png&#8221; _builder_version=&#8221;4.22.2&#8243; _module_preset=&#8221;default&#8221; theme_builder_area=&#8221;post_content&#8221; title_text=&#8221;ostrava-300&#215;211-1&#8243; hover_enabled=&#8221;0&#8243; sticky_enabled=&#8221;0&#8243;][\/et_pb_image][\/et_pb_column][\/et_pb_row][\/et_pb_section]\n","protected":false},"excerpt":{"rendered":"<p>Ve st\u0159edu 18. \u0159\u00edjna v\u00e1m p\u0159edstav\u00edme slovem i obrazem b\u00fdval\u00fd vojensk\u00fd objekt, kter\u00fd byl pln\u011b odtajn\u011bn teprve v roce 2016 a pro ve\u0159ejnost zp\u0159\u00edstupn\u011bn v \u010dervnu 2022. Mohutn\u00fd bunkr, kter\u00fd slou\u017eil jako z\u00e1lo\u017en\u00ed zesilovac\u00ed stanice na magistr\u00e1ln\u00ed telekomunika\u010dn\u00ed ose mezi v\u00fdchodem (Moskvou) a z\u00e1padem (Berl\u00ednem), by hr\u00e1l v p\u0159\u00edpad\u011b propuknut\u00ed 3. sv\u011btov\u00e9 v\u00e1lky st\u011b\u017eejn\u00ed roli [&hellip;]<\/p>\n","protected":false},"author":1,"featured_media":4245,"comment_status":"open","ping_status":"open","sticky":false,"template":"","format":"standard","meta":{"_et_pb_use_builder":"on","_et_pb_old_content":"","_et_gb_content_width":"","footnotes":""},"categories":[1],"tags":[],"class_list":["post-4244","post","type-post","status-publish","format-standard","has-post-thumbnail","hentry","category-uncategorized-cs"],"_links":{"self":[{"href":"https:\/\/www.bunkrpraslavice.cz\/en\/wp-json\/wp\/v2\/posts\/4244","targetHints":{"allow":["GET"]}}],"collection":[{"href":"https:\/\/www.bunkrpraslavice.cz\/en\/wp-json\/wp\/v2\/posts"}],"about":[{"href":"https:\/\/www.bunkrpraslavice.cz\/en\/wp-json\/wp\/v2\/types\/post"}],"author":[{"embeddable":true,"href":"https:\/\/www.bunkrpraslavice.cz\/en\/wp-json\/wp\/v2\/users\/1"}],"replies":[{"embeddable":true,"href":"https:\/\/www.bunkrpraslavice.cz\/en\/wp-json\/wp\/v2\/comments?post=4244"}],"version-history":[{"count":0,"href":"https:\/\/www.bunkrpraslavice.cz\/en\/wp-json\/wp\/v2\/posts\/4244\/revisions"}],"wp:featuredmedia":[{"embeddable":true,"href":"https:\/\/www.bunkrpraslavice.cz\/en\/wp-json\/wp\/v2\/media\/4245"}],"wp:attachment":[{"href":"https:\/\/www.bunkrpraslavice.cz\/en\/wp-json\/wp\/v2\/media?parent=4244"}],"wp:term":[{"taxonomy":"category","embeddable":true,"href":"https:\/\/www.bunkrpraslavice.cz\/en\/wp-json\/wp\/v2\/categories?post=4244"},{"taxonomy":"post_tag","embeddable":true,"href":"https:\/\/www.bunkrpraslavice.cz\/en\/wp-json\/wp\/v2\/tags?post=4244"}],"curies":[{"name":"wp","href":"https:\/\/api.w.org\/{rel}","templated":true}]}}