{"id":4217,"date":"2023-10-10T15:08:00","date_gmt":"2023-10-10T14:08:00","guid":{"rendered":"https:\/\/www.bunkrpraslavice.cz\/?p=4217"},"modified":"2023-11-12T16:22:33","modified_gmt":"2023-11-12T15:22:33","slug":"bunkr-jako-oblibeny-cil-motorkaru","status":"publish","type":"post","link":"https:\/\/www.bunkrpraslavice.cz\/en\/bunkr-jako-oblibeny-cil-motorkaru\/","title":{"rendered":"Bunkr jako obl\u00edben\u00fd c\u00edl motork\u00e1\u0159\u016f"},"content":{"rendered":"\n[et_pb_section fb_built=&#8221;1&#8243; theme_builder_area=&#8221;post_content&#8221; _builder_version=&#8221;4.22.2&#8243; _module_preset=&#8221;default&#8221;][et_pb_row _builder_version=&#8221;4.22.2&#8243; _module_preset=&#8221;default&#8221; theme_builder_area=&#8221;post_content&#8221;][et_pb_column _builder_version=&#8221;4.22.2&#8243; _module_preset=&#8221;default&#8221; type=&#8221;4_4&#8243; theme_builder_area=&#8221;post_content&#8221;][et_pb_text _builder_version=&#8221;4.22.2&#8243; _module_preset=&#8221;default&#8221; theme_builder_area=&#8221;post_content&#8221; hover_enabled=&#8221;0&#8243; sticky_enabled=&#8221;0&#8243;]<div class=\"xdj266r x11i5rnm xat24cr x1mh8g0r x1vvkbs x126k92a\">\n<h2 dir=\"auto\">P\u0159\u00e1slavick\u00fd bunkr je bezvadn\u00fdm m\u00edstem pro v\u00edkendov\u00fd spole\u010dn\u00fd moto v\u00fdlet. Pro\u010d?<\/h2>\n<\/div>\n<div class=\"x11i5rnm xat24cr x1mh8g0r x1vvkbs xtlvy1s x126k92a\">\n<p>Geograficky je skv\u011ble um\u00edst\u011bn <strong>v centru Moravy<\/strong>. Ze v\u0161ech velk\u00fdch m\u011bst (Olomouc, Ostrava, Zl\u00edn, Brno) je to k n\u00e1m na jednodenn\u00ed v\u00fdlet p\u0159ijateln\u011b daleko (bl\u00edzko).<\/p>\n<\/div>\n<p dir=\"auto\">Are\u00e1l bunkru je dostate\u010dn\u011b prostorn\u00fd, aby u n\u00e1s <strong>zaparkovaly<\/strong> i des\u00edtky stroj\u016f.<\/p>\n<p dir=\"auto\">Prohl\u00eddku bunkru um\u00edme zrealizovat kdykoliv, <strong>dopoledne i odpoledne<\/strong>. V\u011bt\u0161\u00ed skupinu \u010d\u00edtaj\u00edc\u00ed nad 25 osob, rozd\u011bl\u00edme na dv\u011b men\u0161\u00ed, kter\u00e9 bunkrem provedeme s lehk\u00fdm \u010dasov\u00fdm rozestupem. Ale tak, aby jedna skupina na druhou nemusela dlouho \u010dekat.<\/p>\n<p dir=\"auto\">M\u00e1me otev\u0159eno <strong>po cel\u00fd rok<\/strong>. V l\u00e9t\u011b se u n\u00e1s ochlad\u00edte a v zim\u011b oh\u0159ejete. Uvnit\u0159 bunkru je st\u00e1l\u00e1 <strong>teplota 17\u00b0C<\/strong>.<\/p>\n<p dir=\"auto\">Na\u0161i pr\u016fvodci um\u00ed z prohl\u00eddky ud\u011blat <strong>neopakovateln\u00fd z\u00e1\u017eitek<\/strong>.<\/p>\n<p dir=\"auto\">Nev\u00e1hejte a domluvte si u n\u00e1s <strong>individu\u00e1ln\u00ed prohl\u00eddku<\/strong>.<\/p>\n<div class=\"x11i5rnm xat24cr x1mh8g0r x1vvkbs xtlvy1s x126k92a\">\n<p dir=\"auto\">T\u011b\u0161\u00edme se na v\u00e1s.<\/p>\n<\/div>[\/et_pb_text][\/et_pb_column][\/et_pb_row][et_pb_row _builder_version=&#8221;4.22.2&#8243; _module_preset=&#8221;default&#8221; theme_builder_area=&#8221;post_content&#8221; column_structure=&#8221;1_2,1_2&#8243;][et_pb_column _builder_version=&#8221;4.22.2&#8243; _module_preset=&#8221;default&#8221; type=&#8221;1_2&#8243; theme_builder_area=&#8221;post_content&#8221;][et_pb_image src=&#8221;https:\/\/www.bunkrpraslavice.cz\/wp-content\/uploads\/2023\/11\/obrazek-whatsapp-2023-10-07-v-145338-50364836-300&#215;169-1.jpg&#8221; _builder_version=&#8221;4.22.2&#8243; _module_preset=&#8221;default&#8221; theme_builder_area=&#8221;post_content&#8221; title_text=&#8221;obrazek-whatsapp-2023-10-07-v-145338-50364836-300&#215;169&#8243; align=&#8221;center&#8221; hover_enabled=&#8221;0&#8243; sticky_enabled=&#8221;0&#8243;][\/et_pb_image][\/et_pb_column][et_pb_column _builder_version=&#8221;4.22.2&#8243; _module_preset=&#8221;default&#8221; type=&#8221;1_2&#8243; theme_builder_area=&#8221;post_content&#8221;][et_pb_image src=&#8221;https:\/\/www.bunkrpraslavice.cz\/wp-content\/uploads\/2023\/11\/obrazek-whatsapp-2023-10-07-v-145343-0d865a7b-300&#215;169-1.jpg&#8221; _builder_version=&#8221;4.22.2&#8243; _module_preset=&#8221;default&#8221; theme_builder_area=&#8221;post_content&#8221; title_text=&#8221;obrazek-whatsapp-2023-10-07-v-145343-0d865a7b-300&#215;169&#8243; align=&#8221;center&#8221; hover_enabled=&#8221;0&#8243; sticky_enabled=&#8221;0&#8243;][\/et_pb_image][\/et_pb_column][\/et_pb_row][\/et_pb_section]\n","protected":false},"excerpt":{"rendered":"<p>P\u0159\u00e1slavick\u00fd bunkr je bezvadn\u00fdm m\u00edstem pro v\u00edkendov\u00fd spole\u010dn\u00fd moto v\u00fdlet. Pro\u010d? Geograficky je skv\u011ble um\u00edst\u011bn v centru Moravy. Ze v\u0161ech velk\u00fdch m\u011bst (Olomouc, Ostrava, Zl\u00edn, Brno) je to k n\u00e1m na jednodenn\u00ed v\u00fdlet p\u0159ijateln\u011b daleko (bl\u00edzko). Are\u00e1l bunkru je dostate\u010dn\u011b prostorn\u00fd, aby u n\u00e1s zaparkovaly i des\u00edtky stroj\u016f. Prohl\u00eddku bunkru um\u00edme zrealizovat kdykoliv, dopoledne i [&hellip;]<\/p>\n","protected":false},"author":1,"featured_media":4225,"comment_status":"open","ping_status":"open","sticky":false,"template":"","format":"standard","meta":{"_et_pb_use_builder":"on","_et_pb_old_content":"","_et_gb_content_width":"","footnotes":""},"categories":[1],"tags":[],"class_list":["post-4217","post","type-post","status-publish","format-standard","has-post-thumbnail","hentry","category-uncategorized-cs"],"_links":{"self":[{"href":"https:\/\/www.bunkrpraslavice.cz\/en\/wp-json\/wp\/v2\/posts\/4217","targetHints":{"allow":["GET"]}}],"collection":[{"href":"https:\/\/www.bunkrpraslavice.cz\/en\/wp-json\/wp\/v2\/posts"}],"about":[{"href":"https:\/\/www.bunkrpraslavice.cz\/en\/wp-json\/wp\/v2\/types\/post"}],"author":[{"embeddable":true,"href":"https:\/\/www.bunkrpraslavice.cz\/en\/wp-json\/wp\/v2\/users\/1"}],"replies":[{"embeddable":true,"href":"https:\/\/www.bunkrpraslavice.cz\/en\/wp-json\/wp\/v2\/comments?post=4217"}],"version-history":[{"count":0,"href":"https:\/\/www.bunkrpraslavice.cz\/en\/wp-json\/wp\/v2\/posts\/4217\/revisions"}],"wp:featuredmedia":[{"embeddable":true,"href":"https:\/\/www.bunkrpraslavice.cz\/en\/wp-json\/wp\/v2\/media\/4225"}],"wp:attachment":[{"href":"https:\/\/www.bunkrpraslavice.cz\/en\/wp-json\/wp\/v2\/media?parent=4217"}],"wp:term":[{"taxonomy":"category","embeddable":true,"href":"https:\/\/www.bunkrpraslavice.cz\/en\/wp-json\/wp\/v2\/categories?post=4217"},{"taxonomy":"post_tag","embeddable":true,"href":"https:\/\/www.bunkrpraslavice.cz\/en\/wp-json\/wp\/v2\/tags?post=4217"}],"curies":[{"name":"wp","href":"https:\/\/api.w.org\/{rel}","templated":true}]}}