{"id":4209,"date":"2023-10-18T16:42:00","date_gmt":"2023-10-18T15:42:00","guid":{"rendered":"https:\/\/www.bunkrpraslavice.cz\/?p=4209"},"modified":"2023-11-12T16:34:03","modified_gmt":"2023-11-12T15:34:03","slug":"podzeimni-prazdniny-v-bunkru","status":"publish","type":"post","link":"https:\/\/www.bunkrpraslavice.cz\/en\/podzeimni-prazdniny-v-bunkru\/","title":{"rendered":"Podze(i)mn\u00ed pr\u00e1zdniny v bunkru"},"content":{"rendered":"\n[et_pb_section fb_built=&#8221;1&#8243; theme_builder_area=&#8221;post_content&#8221; _builder_version=&#8221;4.22.2&#8243; _module_preset=&#8221;default&#8221;][et_pb_row _builder_version=&#8221;4.22.2&#8243; _module_preset=&#8221;default&#8221; theme_builder_area=&#8221;post_content&#8221;][et_pb_column _builder_version=&#8221;4.22.2&#8243; _module_preset=&#8221;default&#8221; type=&#8221;4_4&#8243; theme_builder_area=&#8221;post_content&#8221;][et_pb_text _builder_version=&#8221;4.22.2&#8243; _module_preset=&#8221;default&#8221; theme_builder_area=&#8221;post_content&#8221; hover_enabled=&#8221;0&#8243; sticky_enabled=&#8221;0&#8243;]<p>Od st\u0159edy 25. do ned\u011ble 29.\u0159\u00edjna budeme v bunkru prov\u00e1d\u011bt v r\u00e1mci akce Podze(i)mn\u00ed pr\u00e1zdniny v bunkru.<\/p>\n<p>Na v\u0161echny \u00fa\u010dastn\u00edky \u010dek\u00e1 jako v\u017edy z\u00e1\u017eitek z dob studen\u00e9 v\u00e1lky. Odborn\u00fd v\u00fdklad na\u0161ich pr\u016fvodc\u016f oko\u0159en\u011bn\u00fd vt\u00edpkem nebo legr\u00e1ckou.<\/p>\n<p>Jestli chcete za\u017e\u00edt autentickou atmosf\u00e9ru vojensk\u00e9ho objektu, kter\u00fd byl budov\u00e1n pod kryc\u00edm n\u00e1zvem Akce 025 v re\u017eimu nejp\u0159\u00edsn\u011bj\u0161\u00edho utajen\u00ed, stavte se.<\/p>\n<p>&nbsp;<\/p>[\/et_pb_text][et_pb_image src=&#8221;https:\/\/www.bunkrpraslavice.cz\/wp-content\/uploads\/2023\/11\/strilna-s-cervenymi-sipky-300&#215;225-1.jpg&#8221; _builder_version=&#8221;4.22.2&#8243; _module_preset=&#8221;default&#8221; theme_builder_area=&#8221;post_content&#8221; title_text=&#8221;strilna-s-cervenymi-sipky-300&#215;225&#8243; hover_enabled=&#8221;0&#8243; sticky_enabled=&#8221;0&#8243;][\/et_pb_image][\/et_pb_column][\/et_pb_row][\/et_pb_section]\n","protected":false},"excerpt":{"rendered":"<p>Od st\u0159edy 25. do ned\u011ble 29.\u0159\u00edjna budeme v bunkru prov\u00e1d\u011bt v r\u00e1mci akce Podze(i)mn\u00ed pr\u00e1zdniny v bunkru. Na v\u0161echny \u00fa\u010dastn\u00edky \u010dek\u00e1 jako v\u017edy z\u00e1\u017eitek z dob studen\u00e9 v\u00e1lky. Odborn\u00fd v\u00fdklad na\u0161ich pr\u016fvodc\u016f oko\u0159en\u011bn\u00fd vt\u00edpkem nebo legr\u00e1ckou. Jestli chcete za\u017e\u00edt autentickou atmosf\u00e9ru vojensk\u00e9ho objektu, kter\u00fd byl budov\u00e1n pod kryc\u00edm n\u00e1zvem Akce 025 v re\u017eimu nejp\u0159\u00edsn\u011bj\u0161\u00edho utajen\u00ed, [&hellip;]<\/p>\n","protected":false},"author":1,"featured_media":4249,"comment_status":"open","ping_status":"open","sticky":false,"template":"","format":"standard","meta":{"_et_pb_use_builder":"on","_et_pb_old_content":"","_et_gb_content_width":"","footnotes":""},"categories":[1],"tags":[],"class_list":["post-4209","post","type-post","status-publish","format-standard","has-post-thumbnail","hentry","category-uncategorized-cs"],"_links":{"self":[{"href":"https:\/\/www.bunkrpraslavice.cz\/en\/wp-json\/wp\/v2\/posts\/4209","targetHints":{"allow":["GET"]}}],"collection":[{"href":"https:\/\/www.bunkrpraslavice.cz\/en\/wp-json\/wp\/v2\/posts"}],"about":[{"href":"https:\/\/www.bunkrpraslavice.cz\/en\/wp-json\/wp\/v2\/types\/post"}],"author":[{"embeddable":true,"href":"https:\/\/www.bunkrpraslavice.cz\/en\/wp-json\/wp\/v2\/users\/1"}],"replies":[{"embeddable":true,"href":"https:\/\/www.bunkrpraslavice.cz\/en\/wp-json\/wp\/v2\/comments?post=4209"}],"version-history":[{"count":0,"href":"https:\/\/www.bunkrpraslavice.cz\/en\/wp-json\/wp\/v2\/posts\/4209\/revisions"}],"wp:featuredmedia":[{"embeddable":true,"href":"https:\/\/www.bunkrpraslavice.cz\/en\/wp-json\/wp\/v2\/media\/4249"}],"wp:attachment":[{"href":"https:\/\/www.bunkrpraslavice.cz\/en\/wp-json\/wp\/v2\/media?parent=4209"}],"wp:term":[{"taxonomy":"category","embeddable":true,"href":"https:\/\/www.bunkrpraslavice.cz\/en\/wp-json\/wp\/v2\/categories?post=4209"},{"taxonomy":"post_tag","embeddable":true,"href":"https:\/\/www.bunkrpraslavice.cz\/en\/wp-json\/wp\/v2\/tags?post=4209"}],"curies":[{"name":"wp","href":"https:\/\/api.w.org\/{rel}","templated":true}]}}