{"id":4203,"date":"2023-10-30T20:37:00","date_gmt":"2023-10-30T19:37:00","guid":{"rendered":"https:\/\/www.bunkrpraslavice.cz\/?p=4203"},"modified":"2023-11-21T21:53:26","modified_gmt":"2023-11-21T20:53:26","slug":"temna-dusickova-prohlidka-pro-odvazlivce","status":"publish","type":"post","link":"https:\/\/www.bunkrpraslavice.cz\/en\/temna-dusickova-prohlidka-pro-odvazlivce\/","title":{"rendered":"Temn\u00e1 du\u0161i\u010dkov\u00e1 prohl\u00eddka pro odv\u00e1\u017elivce"},"content":{"rendered":"\n[et_pb_section fb_built=&#8221;1&#8243; theme_builder_area=&#8221;post_content&#8221; _builder_version=&#8221;4.22.2&#8243; _module_preset=&#8221;default&#8221;][et_pb_row _builder_version=&#8221;4.22.2&#8243; _module_preset=&#8221;default&#8221; theme_builder_area=&#8221;post_content&#8221; column_structure=&#8221;1_2,1_2&#8243;][et_pb_column _builder_version=&#8221;4.22.2&#8243; _module_preset=&#8221;default&#8221; type=&#8221;1_2&#8243; theme_builder_area=&#8221;post_content&#8221;][et_pb_image src=&#8221;https:\/\/www.bunkrpraslavice.cz\/wp-content\/uploads\/2023\/10\/whatsapp-image-2023-01-15-at-162741-300&#215;169-1.jpeg&#8221; _builder_version=&#8221;4.22.2&#8243; _module_preset=&#8221;default&#8221; theme_builder_area=&#8221;post_content&#8221; title_text=&#8221;whatsapp-image-2023-01-15-at-162741-300&#215;169&#8243; hover_enabled=&#8221;0&#8243; sticky_enabled=&#8221;0&#8243;][\/et_pb_image][\/et_pb_column][et_pb_column _builder_version=&#8221;4.22.2&#8243; _module_preset=&#8221;default&#8221; type=&#8221;1_2&#8243; theme_builder_area=&#8221;post_content&#8221;][et_pb_text _builder_version=&#8221;4.22.2&#8243; _module_preset=&#8221;default&#8221; theme_builder_area=&#8221;post_content&#8221; hover_enabled=&#8221;0&#8243; sticky_enabled=&#8221;0&#8243;]<p>Adrenalinov\u00e1 prohl\u00eddka p\u0159\u00e1slavick\u00e9ho bunkru v p\u00e1tek, 3.listopadu od 19.00 hodin. V\u0161echny odv\u00e1\u017en\u00e9 dosp\u011bl\u00e9 a star\u0161\u00ed d\u011bti vezmeme do podzem\u00ed pouze za svitu baterek. Boj\u00edte se r\u00e1di? P\u0159ij\u010fte, proto\u017ee bunkr si pov\u00edd\u00e1 svoj\u00ed vlastn\u00ed \u0159e\u010d\u00ed, kter\u00e9 se d\u00e1 nejl\u00e9pe rozum\u011bt pr\u00e1v\u011b za tmy.<\/p>\n<p>Zva\u017ete, pros\u00edm, \u00fa\u010dast velmi mal\u00fdch d\u011bt\u00ed. Mohly by se zbyte\u010dn\u011b polekat.<\/p>\n<p>Co si ale naopak nezapome\u0148te p\u0159ibalit je funguj\u00edc\u00ed baterka. Nejl\u00e9pe \u010delovka, abyste p\u0159i proch\u00e1zen\u00ed potemn\u011bl\u00fdm podzem\u00edm m\u011bli voln\u00e9 ruce.<span>\u00a0<\/span><a href=\"https:\/\/rezervace.bunkrpraslavice.cz\/\" target=\"_blank\" rel=\"noopener\">Vstupenky jsou k dispozici zde<\/a>.<\/p>\n<p>T\u011b\u0161\u00edme se na V\u00e1s. My z bunkru<\/p>[\/et_pb_text][\/et_pb_column][\/et_pb_row][\/et_pb_section]\n","protected":false},"excerpt":{"rendered":"<p>Adrenalinov\u00e1 prohl\u00eddka p\u0159\u00e1slavick\u00e9ho bunkru v p\u00e1tek, 3.listopadu od 19.00 hodin. V\u0161echny odv\u00e1\u017en\u00e9 dosp\u011bl\u00e9 a star\u0161\u00ed d\u011bti vezmeme do podzem\u00ed pouze za svitu baterek. Boj\u00edte se r\u00e1di? P\u0159ij\u010fte, proto\u017ee bunkr si pov\u00edd\u00e1 svoj\u00ed vlastn\u00ed \u0159e\u010d\u00ed, kter\u00e9 se d\u00e1 nejl\u00e9pe rozum\u011bt pr\u00e1v\u011b za tmy. Zva\u017ete, pros\u00edm, \u00fa\u010dast velmi mal\u00fdch d\u011bt\u00ed. Mohly by se zbyte\u010dn\u011b polekat. Co si [&hellip;]<\/p>\n","protected":false},"author":1,"featured_media":4207,"comment_status":"open","ping_status":"open","sticky":false,"template":"","format":"standard","meta":{"_et_pb_use_builder":"on","_et_pb_old_content":"","_et_gb_content_width":"","footnotes":""},"categories":[1],"tags":[],"class_list":["post-4203","post","type-post","status-publish","format-standard","has-post-thumbnail","hentry","category-uncategorized-cs"],"_links":{"self":[{"href":"https:\/\/www.bunkrpraslavice.cz\/en\/wp-json\/wp\/v2\/posts\/4203","targetHints":{"allow":["GET"]}}],"collection":[{"href":"https:\/\/www.bunkrpraslavice.cz\/en\/wp-json\/wp\/v2\/posts"}],"about":[{"href":"https:\/\/www.bunkrpraslavice.cz\/en\/wp-json\/wp\/v2\/types\/post"}],"author":[{"embeddable":true,"href":"https:\/\/www.bunkrpraslavice.cz\/en\/wp-json\/wp\/v2\/users\/1"}],"replies":[{"embeddable":true,"href":"https:\/\/www.bunkrpraslavice.cz\/en\/wp-json\/wp\/v2\/comments?post=4203"}],"version-history":[{"count":0,"href":"https:\/\/www.bunkrpraslavice.cz\/en\/wp-json\/wp\/v2\/posts\/4203\/revisions"}],"wp:featuredmedia":[{"embeddable":true,"href":"https:\/\/www.bunkrpraslavice.cz\/en\/wp-json\/wp\/v2\/media\/4207"}],"wp:attachment":[{"href":"https:\/\/www.bunkrpraslavice.cz\/en\/wp-json\/wp\/v2\/media?parent=4203"}],"wp:term":[{"taxonomy":"category","embeddable":true,"href":"https:\/\/www.bunkrpraslavice.cz\/en\/wp-json\/wp\/v2\/categories?post=4203"},{"taxonomy":"post_tag","embeddable":true,"href":"https:\/\/www.bunkrpraslavice.cz\/en\/wp-json\/wp\/v2\/tags?post=4203"}],"curies":[{"name":"wp","href":"https:\/\/api.w.org\/{rel}","templated":true}]}}