{"id":4193,"date":"2023-11-02T15:53:00","date_gmt":"2023-11-02T14:53:00","guid":{"rendered":"https:\/\/www.bunkrpraslavice.cz\/?p=4193"},"modified":"2023-11-12T16:11:50","modified_gmt":"2023-11-12T15:11:50","slug":"17-listopad-si-pripomeneme-na-sametove-prohlidce-bunkrem","status":"publish","type":"post","link":"https:\/\/www.bunkrpraslavice.cz\/en\/17-listopad-si-pripomeneme-na-sametove-prohlidce-bunkrem\/","title":{"rendered":"Sametov\u00e1 \u2026 slavnostn\u00ed prohl\u00eddka bunkru v Den boje za svobodu a nez\u00e1vislost"},"content":{"rendered":"\n[et_pb_section fb_built=&#8221;1&#8243; _builder_version=&#8221;4.22.2&#8243; _module_preset=&#8221;default&#8221; global_colors_info=&#8221;{}&#8221;][et_pb_row column_structure=&#8221;1_2,1_2&#8243; _builder_version=&#8221;4.22.2&#8243; _module_preset=&#8221;default&#8221; global_colors_info=&#8221;{}&#8221;][et_pb_column type=&#8221;1_2&#8243; _builder_version=&#8221;4.22.2&#8243; _module_preset=&#8221;default&#8221; global_colors_info=&#8221;{}&#8221;][et_pb_image src=&#8221;https:\/\/www.bunkrpraslavice.cz\/wp-content\/uploads\/2023\/10\/whatsapp-image-2022-10-16-at-164234.jpeg&#8221; title_text=&#8221;Du\u0161i\u010dkov\u00e1 prohl\u00eddka&#8221; _builder_version=&#8221;4.22.2&#8243; _module_preset=&#8221;default&#8221; global_colors_info=&#8221;{}&#8221;][\/et_pb_image][\/et_pb_column][et_pb_column type=&#8221;1_2&#8243; _builder_version=&#8221;4.22.2&#8243; _module_preset=&#8221;default&#8221; global_colors_info=&#8221;{}&#8221;][et_pb_text module_class=&#8221;et_custom_text&#8221; _builder_version=&#8221;4.22.2&#8243; _module_preset=&#8221;default&#8221; hover_enabled=&#8221;0&#8243; global_colors_info=&#8221;{}&#8221; sticky_enabled=&#8221;0&#8243;]<h1 class=\"xdj266r x11i5rnm xat24cr x1mh8g0r x1vvkbs\">17. listopad si p\u0159ipomeneme na <strong>Sametov\u00e9 prohl\u00eddce bunkrem<\/strong>.<\/h1>\n<ul>\n<li class=\"xdj266r x11i5rnm xat24cr x1mh8g0r x1vvkbs\">Vznikl za studen\u00e9 v\u00e1lky\u2026 nen\u00ed tedy pro n\u00e1\u0161 bunkr v\u00fdznamn\u011bj\u0161\u00ed sv\u00e1tek, ne\u017e je pr\u00e1v\u011b konec totalitn\u00edho re\u017eimu v \u010ceskoslovensku.<\/li>\n<li>M\u016f\u017eete se t\u011b\u0161it na<span>\u00a0<\/span><strong>80 minut v podzem\u00ed<\/strong><span>\u00a0<\/span>d\u0159\u00edve p\u0159\u00edsn\u011b tajn\u00e9ho objektu, do jeho\u017e \u00fatrob mohli vstupovat jen osoby s p\u0159\u00edsnou bezpe\u010dnostn\u00ed prov\u011brkou.<\/li>\n<li class=\"x11i5rnm xat24cr x1mh8g0r x1vvkbs xtlvy1s\">P\u0159ipomene si pojmy jako Var\u0161avsk\u00e1 smlouva,<span>\u00a0<\/span><strong>studen\u00e1 v\u00e1lka<\/strong>, v\u00fdchod vs. z\u00e1pad, kub\u00e1nsk\u00e1 krize\u2026<\/li>\n<li class=\"x11i5rnm xat24cr x1mh8g0r x1vvkbs xtlvy1s\">A jako bonus pr\u00e1v\u011b a pouze dne 17.11. si na prohl\u00eddce pust\u00edme<span>\u00a0<\/span><strong>kr\u00e1tk\u00e9 video<\/strong>, kter\u00e9 n\u00e1m p\u0159ipomene komunistick\u00fd re\u017eim a dobu socialismu \u2026 na\u0161i ned\u00e1vnou historii, na kterou bychom nem\u011bli zapomenout.<\/li>\n<\/ul>\n<div class=\"x11i5rnm xat24cr x1mh8g0r x1vvkbs xtlvy1s\">Jste srde\u010dn\u011b zv\u00e1ni. R\u00e1di s v\u00e1mi str\u00e1v\u00edme sv\u00e1te\u010dn\u00ed odpoledne v prostor\u00e1ch, kter\u00e9 jsou neodmysliteln\u011b spjaty s<span>\u00a0<\/span><strong>totalitn\u00edm re\u017eimem, \u017eeleznou oponou a v\u00fdchodn\u00edm blokem<\/strong>.<\/div>\n<div><\/div>\n<div><\/div>\n<div class=\"x11i5rnm xat24cr x1mh8g0r x1vvkbs xtlvy1s\">T\u011b\u0161\u00edme se na v\u00e1s. My z bunkru<\/div>\n<div><\/div>\n<div>Vstupenky zakupte, pros\u00edm, p\u0159edem<span>\u00a0<\/span><a href=\"https:\/\/rezervace.bunkrpraslavice.cz\/\" target=\"_blank\" rel=\"noopener\">zde<\/a><\/div>[\/et_pb_text][\/et_pb_column][\/et_pb_row][\/et_pb_section]\n","protected":false},"excerpt":{"rendered":"<p>17. listopad si p\u0159ipomeneme na Sametov\u00e9 prohl\u00eddce bunkrem. Vznikl za studen\u00e9 v\u00e1lky\u2026 nen\u00ed tedy pro n\u00e1\u0161 bunkr v\u00fdznamn\u011bj\u0161\u00ed sv\u00e1tek, ne\u017e je pr\u00e1v\u011b konec totalitn\u00edho re\u017eimu v \u010ceskoslovensku. M\u016f\u017eete se t\u011b\u0161it na\u00a080 minut v podzem\u00ed\u00a0d\u0159\u00edve p\u0159\u00edsn\u011b tajn\u00e9ho objektu, do jeho\u017e \u00fatrob mohli vstupovat jen osoby s p\u0159\u00edsnou bezpe\u010dnostn\u00ed prov\u011brkou. P\u0159ipomene si pojmy jako Var\u0161avsk\u00e1 smlouva,\u00a0studen\u00e1 v\u00e1lka, [&hellip;]<\/p>\n","protected":false},"author":1,"featured_media":4196,"comment_status":"open","ping_status":"open","sticky":false,"template":"","format":"standard","meta":{"_et_pb_use_builder":"on","_et_pb_old_content":"","_et_gb_content_width":"","footnotes":""},"categories":[1],"tags":[],"class_list":["post-4193","post","type-post","status-publish","format-standard","has-post-thumbnail","hentry","category-uncategorized-cs"],"_links":{"self":[{"href":"https:\/\/www.bunkrpraslavice.cz\/en\/wp-json\/wp\/v2\/posts\/4193","targetHints":{"allow":["GET"]}}],"collection":[{"href":"https:\/\/www.bunkrpraslavice.cz\/en\/wp-json\/wp\/v2\/posts"}],"about":[{"href":"https:\/\/www.bunkrpraslavice.cz\/en\/wp-json\/wp\/v2\/types\/post"}],"author":[{"embeddable":true,"href":"https:\/\/www.bunkrpraslavice.cz\/en\/wp-json\/wp\/v2\/users\/1"}],"replies":[{"embeddable":true,"href":"https:\/\/www.bunkrpraslavice.cz\/en\/wp-json\/wp\/v2\/comments?post=4193"}],"version-history":[{"count":0,"href":"https:\/\/www.bunkrpraslavice.cz\/en\/wp-json\/wp\/v2\/posts\/4193\/revisions"}],"wp:featuredmedia":[{"embeddable":true,"href":"https:\/\/www.bunkrpraslavice.cz\/en\/wp-json\/wp\/v2\/media\/4196"}],"wp:attachment":[{"href":"https:\/\/www.bunkrpraslavice.cz\/en\/wp-json\/wp\/v2\/media?parent=4193"}],"wp:term":[{"taxonomy":"category","embeddable":true,"href":"https:\/\/www.bunkrpraslavice.cz\/en\/wp-json\/wp\/v2\/categories?post=4193"},{"taxonomy":"post_tag","embeddable":true,"href":"https:\/\/www.bunkrpraslavice.cz\/en\/wp-json\/wp\/v2\/tags?post=4193"}],"curies":[{"name":"wp","href":"https:\/\/api.w.org\/{rel}","templated":true}]}}