{"id":4183,"date":"2023-11-08T15:48:00","date_gmt":"2023-11-08T14:48:00","guid":{"rendered":"https:\/\/www.bunkrpraslavice.cz\/?p=4183"},"modified":"2023-12-05T22:59:25","modified_gmt":"2023-12-05T21:59:25","slug":"martinuv-den-v-bunkru11-listopadu-slavimemozna-bude-i-kun","status":"publish","type":"post","link":"https:\/\/www.bunkrpraslavice.cz\/en\/martinuv-den-v-bunkru11-listopadu-slavimemozna-bude-i-kun\/","title":{"rendered":"Martin\u016fv den v bunkru\u202611.listopadu slav\u00edme\u2026mo\u017en\u00e1 bude i k\u016f\u0148"},"content":{"rendered":"<p>[et_pb_section fb_built=&#8221;1&#8243; _builder_version=&#8221;4.22.2&#8243; _module_preset=&#8221;default&#8221; global_colors_info=&#8221;{}&#8221; theme_builder_area=&#8221;post_content&#8221;][et_pb_row column_structure=&#8221;1_2,1_2&#8243; _builder_version=&#8221;4.22.2&#8243; _module_preset=&#8221;default&#8221; global_colors_info=&#8221;{}&#8221; theme_builder_area=&#8221;post_content&#8221;][et_pb_column type=&#8221;1_2&#8243; _builder_version=&#8221;4.22.2&#8243; _module_preset=&#8221;default&#8221; global_colors_info=&#8221;{}&#8221; theme_builder_area=&#8221;post_content&#8221;][et_pb_image src=&#8221;https:\/\/www.bunkrpraslavice.cz\/wp-content\/uploads\/2023\/11\/whatsapp-image-2023-02-19-at-090004-500&#215;889-1.jpeg&#8221; _builder_version=&#8221;4.22.2&#8243; _module_preset=&#8221;default&#8221; global_colors_info=&#8221;{}&#8221; theme_builder_area=&#8221;post_content&#8221;][\/et_pb_image][\/et_pb_column][et_pb_column type=&#8221;1_2&#8243; _builder_version=&#8221;4.22.2&#8243; _module_preset=&#8221;default&#8221; global_colors_info=&#8221;{}&#8221; theme_builder_area=&#8221;post_content&#8221;][et_pb_text _builder_version=&#8221;4.22.2&#8243; _module_preset=&#8221;default&#8221; global_colors_info=&#8221;{}&#8221; theme_builder_area=&#8221;post_content&#8221;]<\/p>\n<div class=\"xdj266r x11i5rnm xat24cr x1mh8g0r x1vvkbs\">Martin ze sv\u00e9ho kon\u011b spat\u0159il \u017eebr\u00e1ka\u2026 me\u010dem si roz\u0165al pl\u00e1\u0161\u0165 a polovinu mu daroval. To jedin\u00e9 pro toho nuz\u00e1ka mohl ud\u011blat. \u017divot tohoto dobrodince skon\u010dil p\u0159i misijn\u00ed cest\u011b v roce 397. Poh\u0159eb se konal<span>\u00a0<\/span><strong>11.11.<\/strong><span>\u00a0<\/span>a od t\u00e9 doby slav\u00edme v tento den<span>\u00a0<\/span><strong>Martin\u016fv sv\u00e1tek<\/strong>.<\/div>\n<div><\/div>\n<div class=\"x11i5rnm xat24cr x1mh8g0r x1vvkbs xtlvy1s\">V sobotu odpoledne si tuto legendu o Martinovi p\u0159ipomeneme p\u0159i prohl\u00eddk\u00e1ch p\u0159\u00e1slavick\u00e9ho bunkru. A s k\u00fdm jin\u00fdm, ne\u017e s Martinem? Mo\u017en\u00e1 bude i k\u016f\u0148\u2026<\/div>\n<div><\/div>\n<div class=\"x11i5rnm xat24cr x1mh8g0r x1vvkbs xtlvy1s\">Ob\u011b<span>\u00a0<\/span><strong>sobotn\u00ed prohl\u00eddky bunkru<\/strong><span>\u00a0<\/span>v P\u0159\u00e1slavic\u00edch u Olomouce budou standardn\u00ed, v d\u00e9lce trv\u00e1n\u00ed 60 minut. Prohl\u00e9dnete si v\u0161echny prostory na standardn\u00edm prohl\u00eddkov\u00e9m okruhu. A k tomu budete moci s pr\u016fvodcem Martinem oslavit jeho sv\u00e1tek. To u\u017e zn\u00ed jako pl\u00e1n, ne?<\/div>\n<div><\/div>\n<div class=\"x11i5rnm xat24cr x1mh8g0r x1vvkbs xtlvy1s\">Pro\u010d jsou zdi bunkru siln\u00e9 1,5 metru? Co to znamen\u00e1 dekontamina\u010dn\u00ed komora? Jak vypad\u00e1 z\u00e1lo\u017en\u00ed zdroj energie, kter\u00fd by bez probl\u00e9m\u016f vyrobil tolik elektrick\u00e9 energie, jako spot\u0159ebuje men\u0161\u00ed m\u011bsto? Pro\u010d byl objekt vybudov\u00e1n v megalomansk\u00e9m duchu? \u2026 na v\u0161echny tyto ot\u00e1zky zazn\u00ed p\u0159i prohl\u00eddce odpov\u011bdi. Tak p\u0159ij\u010fte.<\/div>\n<div><\/div>\n<div class=\"x11i5rnm xat24cr x1mh8g0r x1vvkbs xtlvy1s\">Parkov\u00e1n\u00ed je mo\u017en\u00e9 v are\u00e1lu zdarma. Dom\u00e1c\u00ed mazl\u00ed\u010dky nechte, pros\u00edm, doma. D\u011bti, babi\u010dky a d\u011bde\u010dky naopak klidn\u011b vezm\u011bte s sebou. Prohl\u00eddka bunkru je vhodn\u00e1 pro v\u0161echny v\u011bkov\u00e9 skupiny. Vstupenky<a href=\"https:\/\/rezervace.bunkrpraslavice.cz\/\" target=\"_blank\" rel=\"noopener\"><span>\u00a0<\/span>zde<\/a>.<\/div>\n<p>[\/et_pb_text][\/et_pb_column][\/et_pb_row][\/et_pb_section]<\/p>\n","protected":false},"excerpt":{"rendered":"<p>Martin ze sv\u00e9ho kon\u011b spat\u0159il \u017eebr\u00e1ka\u2026 me\u010dem si roz\u0165al pl\u00e1\u0161\u0165 a polovinu mu daroval. To jedin\u00e9 pro toho nuz\u00e1ka mohl ud\u011blat. \u017divot tohoto dobrodince skon\u010dil p\u0159i misijn\u00ed cest\u011b v roce 397. Poh\u0159eb se konal\u00a011.11.\u00a0a od t\u00e9 doby slav\u00edme v tento den\u00a0Martin\u016fv sv\u00e1tek. V sobotu odpoledne si tuto legendu o Martinovi p\u0159ipomeneme p\u0159i prohl\u00eddk\u00e1ch p\u0159\u00e1slavick\u00e9ho bunkru. [&hellip;]<\/p>\n","protected":false},"author":1,"featured_media":4191,"comment_status":"open","ping_status":"open","sticky":false,"template":"","format":"standard","meta":{"_et_pb_use_builder":"on","_et_pb_old_content":"","_et_gb_content_width":"","footnotes":""},"categories":[1],"tags":[],"class_list":["post-4183","post","type-post","status-publish","format-standard","has-post-thumbnail","hentry","category-uncategorized-cs"],"_links":{"self":[{"href":"https:\/\/www.bunkrpraslavice.cz\/en\/wp-json\/wp\/v2\/posts\/4183","targetHints":{"allow":["GET"]}}],"collection":[{"href":"https:\/\/www.bunkrpraslavice.cz\/en\/wp-json\/wp\/v2\/posts"}],"about":[{"href":"https:\/\/www.bunkrpraslavice.cz\/en\/wp-json\/wp\/v2\/types\/post"}],"author":[{"embeddable":true,"href":"https:\/\/www.bunkrpraslavice.cz\/en\/wp-json\/wp\/v2\/users\/1"}],"replies":[{"embeddable":true,"href":"https:\/\/www.bunkrpraslavice.cz\/en\/wp-json\/wp\/v2\/comments?post=4183"}],"version-history":[{"count":0,"href":"https:\/\/www.bunkrpraslavice.cz\/en\/wp-json\/wp\/v2\/posts\/4183\/revisions"}],"wp:featuredmedia":[{"embeddable":true,"href":"https:\/\/www.bunkrpraslavice.cz\/en\/wp-json\/wp\/v2\/media\/4191"}],"wp:attachment":[{"href":"https:\/\/www.bunkrpraslavice.cz\/en\/wp-json\/wp\/v2\/media?parent=4183"}],"wp:term":[{"taxonomy":"category","embeddable":true,"href":"https:\/\/www.bunkrpraslavice.cz\/en\/wp-json\/wp\/v2\/categories?post=4183"},{"taxonomy":"post_tag","embeddable":true,"href":"https:\/\/www.bunkrpraslavice.cz\/en\/wp-json\/wp\/v2\/tags?post=4183"}],"curies":[{"name":"wp","href":"https:\/\/api.w.org\/{rel}","templated":true}]}}