{"id":10186,"date":"2026-03-16T09:45:13","date_gmt":"2026-03-16T08:45:13","guid":{"rendered":"https:\/\/www.bunkrpraslavice.cz\/?p=10186"},"modified":"2026-03-16T09:45:15","modified_gmt":"2026-03-16T08:45:15","slug":"lyon-baterkova-a-experiment-v-breznu-to-v-bunkru-zije","status":"publish","type":"post","link":"https:\/\/www.bunkrpraslavice.cz\/en\/lyon-baterkova-a-experiment-v-breznu-to-v-bunkru-zije\/","title":{"rendered":"Lyon, baterkov\u00e1 a Experiment&#8230;v b\u0159eznu to v bunkru \u017eije"},"content":{"rendered":"<p>[et_pb_section fb_built=&#8221;1&#8243; _builder_version=&#8221;4.22.2&#8243; _module_preset=&#8221;default&#8221; da_disable_devices=&#8221;off|off|off&#8221; global_colors_info=&#8221;{}&#8221; theme_builder_area=&#8221;et_body_layout&#8221; da_is_popup=&#8221;off&#8221; da_exit_intent=&#8221;off&#8221; da_has_close=&#8221;on&#8221; da_alt_close=&#8221;off&#8221; da_dark_close=&#8221;off&#8221; da_not_modal=&#8221;on&#8221; da_is_singular=&#8221;off&#8221; da_with_loader=&#8221;off&#8221; da_has_shadow=&#8221;on&#8221;][et_pb_row column_structure=&#8221;1_2,1_2&#8243; _builder_version=&#8221;4.23.1&#8243; _module_preset=&#8221;default&#8221; global_colors_info=&#8221;{}&#8221; theme_builder_area=&#8221;et_body_layout&#8221;][et_pb_column type=&#8221;1_2&#8243; _builder_version=&#8221;4.22.2&#8243; _module_preset=&#8221;default&#8221; global_colors_info=&#8221;{}&#8221; theme_builder_area=&#8221;et_body_layout&#8221;][et_pb_image src=&#8221;https:\/\/www.bunkrpraslavice.cz\/wp-content\/uploads\/2026\/03\/IMG_3164-scaled.jpg&#8221; alt=&#8221;Noc v\u011bdc\u016f v bunkru P\u0159\u00e1slavice&#8221; title_text=&#8221;IMG_3164&#8243; url=&#8221;https:\/\/rezervace.bunkrpraslavice.cz\/cs\/codes&#8221; url_new_window=&#8221;on&#8221; _builder_version=&#8221;4.27.5&#8243; _module_preset=&#8221;default&#8221; hover_enabled=&#8221;0&#8243; global_colors_info=&#8221;{}&#8221; theme_builder_area=&#8221;et_body_layout&#8221; sticky_enabled=&#8221;0&#8243;][\/et_pb_image][et_pb_image src=&#8221;https:\/\/www.bunkrpraslavice.cz\/wp-content\/uploads\/2026\/03\/20260313_182950-scaled.jpg&#8221; alt=&#8221;Noc v\u011bdc\u016f v bunkru P\u0159\u00e1slavice&#8221; title_text=&#8221;20260313_182950&#8243; url=&#8221;https:\/\/rezervace.bunkrpraslavice.cz\/cs\/codes&#8221; url_new_window=&#8221;on&#8221; _builder_version=&#8221;4.27.5&#8243; _module_preset=&#8221;default&#8221; hover_enabled=&#8221;0&#8243; global_colors_info=&#8221;{}&#8221; theme_builder_area=&#8221;et_body_layout&#8221; sticky_enabled=&#8221;0&#8243;][\/et_pb_image][et_pb_image src=&#8221;https:\/\/www.bunkrpraslavice.cz\/wp-content\/uploads\/2026\/03\/IMG_20260212_183200-scaled.jpg&#8221; alt=&#8221;Noc v\u011bdc\u016f v bunkru P\u0159\u00e1slavice&#8221; title_text=&#8221;IMG_20260212_183200&#8243; url=&#8221;https:\/\/rezervace.bunkrpraslavice.cz\/cs\/codes&#8221; url_new_window=&#8221;on&#8221; _builder_version=&#8221;4.27.5&#8243; _module_preset=&#8221;default&#8221; hover_enabled=&#8221;0&#8243; global_colors_info=&#8221;{}&#8221; theme_builder_area=&#8221;et_body_layout&#8221; sticky_enabled=&#8221;0&#8243;][\/et_pb_image][\/et_pb_column][et_pb_column type=&#8221;1_2&#8243; _builder_version=&#8221;4.22.2&#8243; _module_preset=&#8221;default&#8221; global_colors_info=&#8221;{}&#8221; theme_builder_area=&#8221;et_body_layout&#8221;][et_pb_text _builder_version=&#8221;4.27.5&#8243; _module_preset=&#8221;default&#8221; custom_padding=&#8221;26px||9px|||&#8221; global_colors_info=&#8221;{}&#8221; theme_builder_area=&#8221;et_body_layout&#8221;]<\/p>\n<div class=\"x11i5rnm xat24cr x1mh8g0r x1vvkbs xtlvy1s\"><\/div>\n<div class=\"x11i5rnm xat24cr x1mh8g0r x1vvkbs xtlvy1s\">\n<div class=\"xdj266r x11i5rnm xat24cr x1mh8g0r x1vvkbs\">\n<div class=\"xdj266r x11i5rnm xat24cr x1mh8g0r x1vvkbs\">\n<div class=\"\" data-block=\"true\" data-editor=\"7o1r2\" data-offset-key=\"306of-0-0\">\n<div data-offset-key=\"306of-0-0\" class=\"_1mf _1mj\">\n<div class=\"x14z9mp xat24cr x1lziwak x1vvkbs xtlvy1s\"><\/div>\n<div class=\"x14z9mp xat24cr x1lziwak x1vvkbs xtlvy1s\"><\/div>\n<div class=\"x14z9mp xat24cr x1lziwak x1vvkbs xtlvy1s\"><\/div>\n<div class=\"x14z9mp xat24cr x1lziwak x1vvkbs xtlvy1s\"><\/div>\n<div class=\"xdj266r x14z9mp xat24cr x1lziwak x1vvkbs x126k92a\">\n<div dir=\"auto\"><strong><\/strong><\/div>\n<div dir=\"auto\">V b\u0159eznu je v bunkru velmi <strong>\u017dIVO<\/strong>!<span class=\"html-span xexx8yu xyri2b x18d9i69 x1c1uobl x1hl2dhg x16tdsg8 x1vvkbs x3nfvp2 x1j61x8r x1fcty0u xdj266r xat24cr xm2jcoa x1mpyi22 xxymvpz xlup9mm x1kky2od\"><\/span><\/div>\n<div dir=\"auto\"><\/div>\n<\/div>\n<p><span class=\"html-span xexx8yu xyri2b x18d9i69 x1c1uobl x1hl2dhg x16tdsg8 x1vvkbs x3nfvp2 x1j61x8r x1fcty0u xdj266r xat24cr xm2jcoa x1mpyi22 xxymvpz xlup9mm x1kky2od\" style=\"font-size: 14px;\"><\/span><\/p>\n<\/div>\n<div data-offset-key=\"306of-0-0\" class=\"_1mf _1mj\">\n<div class=\"x14z9mp xat24cr x1lziwak x1vvkbs xtlvy1s x126k92a\">\n<div dir=\"auto\">Nejen, \u017ee m\u00e1me pro n\u00e1v\u0161t\u011bvn\u00edky otev\u0159eno <strong>ka\u017ed\u00fd b\u0159eznov\u00fd v\u00edkend<\/strong>, kdy prob\u00edh\u00e1 obvykl\u00fd program (standardn\u00ed a VIP prohl\u00eddky pro ve\u0159ejnost), ale v nab\u00eddce m\u00e1me tak\u00e9 <strong>fajnovky<\/strong>!<\/div>\n<div dir=\"auto\">N\u011bkter\u00e9 z nich jsou zbrusu nov\u00e9!<\/div>\n<div dir=\"auto\">\u2705 Unik\u00e1tn\u00ed tematick\u00fd program \/ prohl\u00eddka s n\u00e1zvem <strong>&#8220;Za 9 dn\u00ed do Lyonu&#8221;<\/strong>, kter\u00e1 m\u011bla premi\u00e9ru v ned\u011bli 15.3. a kterou p\u0159ipravil n\u00e1\u0161 pr\u016fvodce Michal Berka! Prvn\u00ed repr\u00edza se uskute\u010dn\u00ed v ned\u011bli 22.3. a ur\u010dit\u011b to op\u011bt bude skv\u011bl\u00e1 j\u00edzda!<\/div>\n<div dir=\"auto\">\u2705 <strong>Obnoven\u00e1 premi\u00e9ra<\/strong> z\u00e1\u017eitkov\u00e9 prohl\u00eddky s p\u0159\u00edb\u011bhem <strong>Experiment 025<\/strong>. Do role Dr. Tich\u00e9ho vstoupil v p\u00e1tek 13.3. pr\u016fvodce Ond\u0159ej Gregorek a zhostil se j\u00ed skv\u011ble! Pokud jste to k n\u00e1m nestihli, <strong>p\u0159ij\u010fte na repr\u00edzu 1.4.<\/strong> Nen\u00ed to apr\u00edl! 1.dubna ve ve\u010dern\u00edch hodin\u00e1ch bude dal\u0161\u00ed Experiment 025&#8230; jedin\u011b v Bunkru P\u0159\u00e1slavice!<\/div>\n<div dir=\"auto\">\u2705 <strong>Ve\u010dern\u00ed baterkov\u00e9 prohl\u00eddky<\/strong> s podtitulem <strong>&#8220;Posvi\u0165 si na to!&#8221;<\/strong> Ty se konaj\u00ed tak\u00e9 ve v\u0161edn\u00ed dny ve\u010der. Nejbli\u017e\u0161\u00ed prob\u011bhne na sv\u00e1tek v\u0161ech Josef\u016f&#8230; ve \u010dtvrtek 19.3. od 18:00 hodin.<\/div>\n<div dir=\"auto\"><\/div>\n<div dir=\"auto\">Tak co? Vyberete si z na\u0161\u00ed b\u0159eznov\u00e9 nab\u00eddky i vy?<\/div>\n<div dir=\"auto\">T\u011b\u0161\u00edme se na Va\u0161i n\u00e1v\u0161t\u011bvu.<\/div>\n<div dir=\"auto\">My z bunkru \u2764\ufe0f<\/div>\n<div dir=\"auto\">PS: vstupenky na prohl\u00eddky zakoup\u00edte <a href=\"https:\/\/rezervace.bunkrpraslavice.cz\/cs\/terms\"><strong>ZDE<\/strong><\/a><\/div>\n<\/div>\n<\/div>\n<div data-offset-key=\"306of-0-0\" class=\"_1mf _1mj\">\n<div class=\"x14z9mp xat24cr x1lziwak x1vvkbs xtlvy1s x126k92a\"><\/div>\n<p>&nbsp;<\/p>\n<\/div>\n<\/div>\n<\/div>\n<div class=\"x11i5rnm xat24cr x1mh8g0r x1vvkbs xtlvy1s\"><\/div>\n<div class=\"x11i5rnm xat24cr x1mh8g0r x1vvkbs xtlvy1s\"><\/div>\n<\/div>\n<\/div>\n<div class=\"x11i5rnm xat24cr x1mh8g0r x1vvkbs xtlvy1s\"><b><\/b><\/div>\n<div class=\"x11i5rnm xat24cr x1mh8g0r x1vvkbs xtlvy1s\"><b><\/b><\/div>\n<blockquote><\/blockquote>\n<div class=\"x11i5rnm xat24cr x1mh8g0r x1vvkbs xtlvy1s\"><span style=\"font-size: 14px;\"><\/span><\/div>\n<div class=\"x11i5rnm xat24cr x1mh8g0r x1vvkbs xtlvy1s\"><span style=\"font-size: 14px;\"><\/span><\/div>\n<div class=\"x11i5rnm xat24cr x1mh8g0r x1vvkbs xtlvy1s\"><span style=\"font-size: 14px;\"><\/span><\/div>\n<div class=\"x11i5rnm xat24cr x1mh8g0r x1vvkbs xtlvy1s\"><span style=\"font-size: 14px;\"><\/span><\/div>\n<p>[\/et_pb_text][\/et_pb_column][\/et_pb_row][\/et_pb_section]<\/p>\n","protected":false},"excerpt":{"rendered":"<p>V b\u0159eznu je v bunkru velmi \u017dIVO! Nejen, \u017ee m\u00e1me pro n\u00e1v\u0161t\u011bvn\u00edky otev\u0159eno ka\u017ed\u00fd b\u0159eznov\u00fd v\u00edkend, kdy prob\u00edh\u00e1 obvykl\u00fd program (standardn\u00ed a VIP prohl\u00eddky pro ve\u0159ejnost), ale v nab\u00eddce m\u00e1me tak\u00e9 fajnovky! N\u011bkter\u00e9 z nich jsou zbrusu nov\u00e9! \u2705 Unik\u00e1tn\u00ed tematick\u00fd program \/ prohl\u00eddka s n\u00e1zvem &#8220;Za 9 dn\u00ed do Lyonu&#8221;, kter\u00e1 m\u011bla premi\u00e9ru v [&hellip;]<\/p>\n","protected":false},"author":3,"featured_media":10187,"comment_status":"closed","ping_status":"closed","sticky":false,"template":"","format":"standard","meta":{"_et_pb_use_builder":"on","_et_pb_old_content":"","_et_gb_content_width":"","footnotes":""},"categories":[1],"tags":[],"class_list":["post-10186","post","type-post","status-publish","format-standard","has-post-thumbnail","hentry","category-uncategorized-cs"],"_links":{"self":[{"href":"https:\/\/www.bunkrpraslavice.cz\/en\/wp-json\/wp\/v2\/posts\/10186","targetHints":{"allow":["GET"]}}],"collection":[{"href":"https:\/\/www.bunkrpraslavice.cz\/en\/wp-json\/wp\/v2\/posts"}],"about":[{"href":"https:\/\/www.bunkrpraslavice.cz\/en\/wp-json\/wp\/v2\/types\/post"}],"author":[{"embeddable":true,"href":"https:\/\/www.bunkrpraslavice.cz\/en\/wp-json\/wp\/v2\/users\/3"}],"replies":[{"embeddable":true,"href":"https:\/\/www.bunkrpraslavice.cz\/en\/wp-json\/wp\/v2\/comments?post=10186"}],"version-history":[{"count":3,"href":"https:\/\/www.bunkrpraslavice.cz\/en\/wp-json\/wp\/v2\/posts\/10186\/revisions"}],"predecessor-version":[{"id":10202,"href":"https:\/\/www.bunkrpraslavice.cz\/en\/wp-json\/wp\/v2\/posts\/10186\/revisions\/10202"}],"wp:featuredmedia":[{"embeddable":true,"href":"https:\/\/www.bunkrpraslavice.cz\/en\/wp-json\/wp\/v2\/media\/10187"}],"wp:attachment":[{"href":"https:\/\/www.bunkrpraslavice.cz\/en\/wp-json\/wp\/v2\/media?parent=10186"}],"wp:term":[{"taxonomy":"category","embeddable":true,"href":"https:\/\/www.bunkrpraslavice.cz\/en\/wp-json\/wp\/v2\/categories?post=10186"},{"taxonomy":"post_tag","embeddable":true,"href":"https:\/\/www.bunkrpraslavice.cz\/en\/wp-json\/wp\/v2\/tags?post=10186"}],"curies":[{"name":"wp","href":"https:\/\/api.w.org\/{rel}","templated":true}]}}