{"id":9884,"date":"2025-11-10T14:43:28","date_gmt":"2025-11-10T13:43:28","guid":{"rendered":"https:\/\/www.bunkrpraslavice.cz\/?p=9884"},"modified":"2025-11-10T14:54:00","modified_gmt":"2025-11-10T13:54:00","slug":"oblibena-svatecni-sametova-prohlidka-bude-opet-po-roce","status":"publish","type":"post","link":"https:\/\/www.bunkrpraslavice.cz\/de\/oblibena-svatecni-sametova-prohlidka-bude-opet-po-roce\/","title":{"rendered":"Obl\u00edben\u00e1 sv\u00e1te\u010dn\u00ed &#8222;sametov\u00e1&#8220; prohl\u00eddka bude op\u011bt po roce"},"content":{"rendered":"<p>[et_pb_section fb_built=&#8220;1&#8243; _builder_version=&#8220;4.22.2&#8243; _module_preset=&#8220;default&#8220; global_colors_info=&#8220;{}&#8220; theme_builder_area=&#8220;et_body_layout&#8220; da_is_popup=&#8220;off&#8220; da_exit_intent=&#8220;off&#8220; da_has_close=&#8220;on&#8220; da_alt_close=&#8220;off&#8220; da_dark_close=&#8220;off&#8220; da_not_modal=&#8220;on&#8220; da_is_singular=&#8220;off&#8220; da_with_loader=&#8220;off&#8220; da_has_shadow=&#8220;on&#8220; da_disable_devices=&#8220;off|off|off&#8220;][et_pb_row column_structure=&#8220;1_2,1_2&#8243; _builder_version=&#8220;4.23.1&#8243; _module_preset=&#8220;default&#8220; global_colors_info=&#8220;{}&#8220; theme_builder_area=&#8220;et_body_layout&#8220;][et_pb_column type=&#8220;1_2&#8243; _builder_version=&#8220;4.22.2&#8243; _module_preset=&#8220;default&#8220; global_colors_info=&#8220;{}&#8220; theme_builder_area=&#8220;et_body_layout&#8220;][et_pb_image src=&#8220;https:\/\/www.bunkrpraslavice.cz\/wp-content\/uploads\/2025\/11\/Sametova-svatecni-prohlidka-17.11.2025_udalost-FB.png&#8220; alt=&#8220;Noc v\u011bdc\u016f v bunkru P\u0159\u00e1slavice&#8220; title_text=&#8220;Sametov\u00e1 sv\u00e1te\u010dn\u00ed prohl\u00eddka 17.11.2025_ud\u00e1lost FB&#8220; _builder_version=&#8220;4.27.4&#8243; _module_preset=&#8220;default&#8220; hover_enabled=&#8220;0&#8243; global_colors_info=&#8220;{}&#8220; theme_builder_area=&#8220;et_body_layout&#8220; sticky_enabled=&#8220;0&#8243;][\/et_pb_image][et_pb_image src=&#8220;https:\/\/www.bunkrpraslavice.cz\/wp-content\/uploads\/2025\/11\/Obrazek-WhatsApp-2024-11-17-v-16.46.17_f848b30b.jpg&#8220; alt=&#8220;Noc v\u011bdc\u016f v bunkru P\u0159\u00e1slavice&#8220; title_text=&#8220;Obr\u00e1zek WhatsApp, 2024-11-17 v 16.46.17_f848b30b&#8220; _builder_version=&#8220;4.27.4&#8243; _module_preset=&#8220;default&#8220; hover_enabled=&#8220;0&#8243; global_colors_info=&#8220;{}&#8220; theme_builder_area=&#8220;et_body_layout&#8220; sticky_enabled=&#8220;0&#8243;][\/et_pb_image][\/et_pb_column][et_pb_column type=&#8220;1_2&#8243; _builder_version=&#8220;4.22.2&#8243; _module_preset=&#8220;default&#8220; global_colors_info=&#8220;{}&#8220; theme_builder_area=&#8220;et_body_layout&#8220;][et_pb_text _builder_version=&#8220;4.27.0&#8243; _module_preset=&#8220;default&#8220; custom_padding=&#8220;26px||9px|||&#8220; global_colors_info=&#8220;{}&#8220; theme_builder_area=&#8220;et_body_layout&#8220;]<\/p>\n<div class=\"x11i5rnm xat24cr x1mh8g0r x1vvkbs xtlvy1s\"><\/div>\n<div class=\"x11i5rnm xat24cr x1mh8g0r x1vvkbs xtlvy1s\">\n<div class=\"xdj266r x11i5rnm xat24cr x1mh8g0r x1vvkbs\">\n<div class=\"xdj266r x11i5rnm xat24cr x1mh8g0r x1vvkbs\">\n<div class=\"\" data-block=\"true\" data-editor=\"7o1r2\" data-offset-key=\"306of-0-0\">\n<div data-offset-key=\"306of-0-0\" class=\"_1mf _1mj\">\n<div class=\"x14z9mp xat24cr x1lziwak x1vvkbs xtlvy1s\"><\/div>\n<div class=\"x14z9mp xat24cr x1lziwak x1vvkbs xtlvy1s\"><\/div>\n<div class=\"x14z9mp xat24cr x1lziwak x1vvkbs xtlvy1s\"><\/div>\n<div class=\"x14z9mp xat24cr x1lziwak x1vvkbs xtlvy1s\"><\/div>\n<div class=\"x14z9mp xat24cr x1lziwak x1vvkbs xtlvy1s\">Nen\u00ed slavnostn\u011bj\u0161\u00ed den pro n\u00e1\u0161 bunkr ne\u017e je <strong>17.listopad<\/strong>.<\/div>\n<div class=\"x14z9mp xat24cr x1lziwak x1vvkbs xtlvy1s\"><\/div>\n<div class=\"x14z9mp xat24cr x1lziwak x1vvkbs xtlvy1s\"><\/div>\n<div class=\"x14z9mp xat24cr x1lziwak x1vvkbs xtlvy1s\"><\/div>\n<div class=\"x14z9mp xat24cr x1lziwak x1vvkbs xtlvy1s\"><\/div>\n<div class=\"x14z9mp xat24cr x1lziwak x1vvkbs xtlvy1s\"><\/div>\n<div class=\"x14z9mp xat24cr x1lziwak x1vvkbs xtlvy1s\">Ka\u017edoro\u010dn\u011b si p\u0159ipom\u00edn\u00e1me s n\u00e1v\u0161t\u011bvn\u00edky, kte\u0159\u00ed k n\u00e1m v tento den p\u0159ijdou na prohl\u00eddku, konec historick\u00e9 etapy, kter\u00e1 byla pro <strong>vybudov\u00e1n\u00ed bunkru<\/strong> z\u00e1sadn\u00ed.<\/div>\n<div class=\"x14z9mp xat24cr x1lziwak x1vvkbs xtlvy1s\"><\/div>\n<div class=\"x14z9mp xat24cr x1lziwak x1vvkbs xtlvy1s\"><\/div>\n<div class=\"x14z9mp xat24cr x1lziwak x1vvkbs xtlvy1s\"><\/div>\n<div class=\"x14z9mp xat24cr x1lziwak x1vvkbs xtlvy1s\"><\/div>\n<div class=\"x14z9mp xat24cr x1lziwak x1vvkbs xtlvy1s\"><\/div>\n<div class=\"x14z9mp xat24cr x1lziwak x1vvkbs xtlvy1s\"><\/div>\n<div class=\"x14z9mp xat24cr x1lziwak x1vvkbs xtlvy1s\">Kdyby nebylo komunismu, nebyl by ani n\u00e1\u0161 bunkr.<\/div>\n<div class=\"x14z9mp xat24cr x1lziwak x1vvkbs xtlvy1s\"><\/div>\n<div class=\"x14z9mp xat24cr x1lziwak x1vvkbs xtlvy1s\"><a href=\"https:\/\/rezervace.bunkrpraslavice.cz\/cs\/terms\"><strong>Roz\u0161\u00ed\u0159en\u00e1 slavnostn\u00ed &#8222;sametov\u00e1&#8220; prohl\u00eddka za\u010d\u00edn\u00e1 v pond\u011bl\u00ed 17.11. ve 14:00 hodin<\/strong><\/a>.<\/div>\n<div class=\"x14z9mp xat24cr x1lziwak x1vvkbs xtlvy1s\"><\/div>\n<div class=\"x14z9mp xat24cr x1lziwak x1vvkbs xtlvy1s\"><\/div>\n<div class=\"x14z9mp xat24cr x1lziwak x1vvkbs xtlvy1s\">Nab\u00eddneme V\u00e1m <strong>dv\u011b hodiny<\/strong> historick\u00e9ho v\u00fdkladu nejen o studen\u00e9 v\u00e1lce a roli bunkru P\u0159\u00e1slavice b\u011bhem let, kdy trvala.<\/div>\n<div class=\"x14z9mp xat24cr x1lziwak x1vvkbs xtlvy1s\">Budete moci ochutnat bunkr jinak, jak ho m\u00e1te mo\u017enost uvid\u011bt pouze <strong>jednou za rok<\/strong>.<\/div>\n<div class=\"x14z9mp xat24cr x1lziwak x1vvkbs xtlvy1s\">Se sv\u00ed\u010dkami, s na\u0161\u00ed n\u00e1dhernou hymnou a s hrdost\u00ed na to, \u017ee jsme sou\u010d\u00e1st\u00ed \u010desk\u00e9ho n\u00e1roda, na\u0161\u00ed vlasti.<\/div>\n<div class=\"x14z9mp xat24cr x1lziwak x1vvkbs xtlvy1s\"><span style=\"font-size: 14px;\"><\/span><a href=\"https:\/\/rezervace.bunkrpraslavice.cz\/\" style=\"font-size: 14px;\"><strong>P\u0159ij\u010fte do bunkru P\u0159\u00e1slavice. <\/strong><\/a><span style=\"font-size: 14px;\">T\u011b\u0161\u00edme se na V\u00e1s.<\/span><\/div>\n<div class=\"x14z9mp xat24cr x1lziwak x1vvkbs xtlvy1s\">My z bunkru<span>\u00a0<\/span><span class=\"html-span xexx8yu xyri2b x18d9i69 x1c1uobl x1hl2dhg x16tdsg8 x1vvkbs x3nfvp2 x1j61x8r x1fcty0u xdj266r xat24cr xm2jcoa x1mpyi22 xxymvpz xlup9mm x1kky2od\"><img loading=\"lazy\" decoding=\"async\" height=\"16\" width=\"16\" class=\"xz74otr x15mokao x1ga7v0g x16uus16 xbiv7yw\" alt=\"\u2764\ufe0f\" referrerpolicy=\"origin-when-cross-origin\" src=\"https:\/\/static.xx.fbcdn.net\/images\/emoji.php\/v9\/t6c\/1\/16\/2764.png\" \/><\/span><\/div>\n<div class=\"x14z9mp xat24cr x1lziwak x1vvkbs xtlvy1s x126k92a\"><\/div>\n<p>&nbsp;<\/p>\n<\/div>\n<\/div>\n<\/div>\n<div class=\"x11i5rnm xat24cr x1mh8g0r x1vvkbs xtlvy1s\"><\/div>\n<div class=\"x11i5rnm xat24cr x1mh8g0r x1vvkbs xtlvy1s\"><\/div>\n<\/div>\n<\/div>\n<div class=\"x11i5rnm xat24cr x1mh8g0r x1vvkbs xtlvy1s\"><b><\/b><\/div>\n<div class=\"x11i5rnm xat24cr x1mh8g0r x1vvkbs xtlvy1s\"><b><\/b><\/div>\n<blockquote><\/blockquote>\n<div class=\"x11i5rnm xat24cr x1mh8g0r x1vvkbs xtlvy1s\"><span style=\"font-size: 14px;\"><\/span><\/div>\n<div class=\"x11i5rnm xat24cr x1mh8g0r x1vvkbs xtlvy1s\"><span style=\"font-size: 14px;\"><\/span><\/div>\n<div class=\"x11i5rnm xat24cr x1mh8g0r x1vvkbs xtlvy1s\"><span style=\"font-size: 14px;\"><\/span><\/div>\n<div class=\"x11i5rnm xat24cr x1mh8g0r x1vvkbs xtlvy1s\"><span style=\"font-size: 14px;\"><\/span><\/div>\n<p>[\/et_pb_text][\/et_pb_column][\/et_pb_row][\/et_pb_section]<\/p>\n","protected":false},"excerpt":{"rendered":"<p>Nen\u00ed slavnostn\u011bj\u0161\u00ed den pro n\u00e1\u0161 bunkr ne\u017e je 17.listopad. Ka\u017edoro\u010dn\u011b si p\u0159ipom\u00edn\u00e1me s n\u00e1v\u0161t\u011bvn\u00edky, kte\u0159\u00ed k n\u00e1m v tento den p\u0159ijdou na prohl\u00eddku, konec historick\u00e9 etapy, kter\u00e1 byla pro vybudov\u00e1n\u00ed bunkru z\u00e1sadn\u00ed. Kdyby nebylo komunismu, nebyl by ani n\u00e1\u0161 bunkr. Roz\u0161\u00ed\u0159en\u00e1 slavnostn\u00ed &#8222;sametov\u00e1&#8220; prohl\u00eddka za\u010d\u00edn\u00e1 v pond\u011bl\u00ed 17.11. ve 14:00 hodin. Nab\u00eddneme V\u00e1m dv\u011b hodiny [&hellip;]<\/p>\n","protected":false},"author":3,"featured_media":9893,"comment_status":"closed","ping_status":"closed","sticky":false,"template":"","format":"standard","meta":{"_et_pb_use_builder":"on","_et_pb_old_content":"","_et_gb_content_width":"","footnotes":""},"categories":[1],"tags":[],"class_list":["post-9884","post","type-post","status-publish","format-standard","has-post-thumbnail","hentry","category-uncategorized-cs"],"_links":{"self":[{"href":"https:\/\/www.bunkrpraslavice.cz\/de\/wp-json\/wp\/v2\/posts\/9884","targetHints":{"allow":["GET"]}}],"collection":[{"href":"https:\/\/www.bunkrpraslavice.cz\/de\/wp-json\/wp\/v2\/posts"}],"about":[{"href":"https:\/\/www.bunkrpraslavice.cz\/de\/wp-json\/wp\/v2\/types\/post"}],"author":[{"embeddable":true,"href":"https:\/\/www.bunkrpraslavice.cz\/de\/wp-json\/wp\/v2\/users\/3"}],"replies":[{"embeddable":true,"href":"https:\/\/www.bunkrpraslavice.cz\/de\/wp-json\/wp\/v2\/comments?post=9884"}],"version-history":[{"count":0,"href":"https:\/\/www.bunkrpraslavice.cz\/de\/wp-json\/wp\/v2\/posts\/9884\/revisions"}],"wp:featuredmedia":[{"embeddable":true,"href":"https:\/\/www.bunkrpraslavice.cz\/de\/wp-json\/wp\/v2\/media\/9893"}],"wp:attachment":[{"href":"https:\/\/www.bunkrpraslavice.cz\/de\/wp-json\/wp\/v2\/media?parent=9884"}],"wp:term":[{"taxonomy":"category","embeddable":true,"href":"https:\/\/www.bunkrpraslavice.cz\/de\/wp-json\/wp\/v2\/categories?post=9884"},{"taxonomy":"post_tag","embeddable":true,"href":"https:\/\/www.bunkrpraslavice.cz\/de\/wp-json\/wp\/v2\/tags?post=9884"}],"curies":[{"name":"wp","href":"https:\/\/api.w.org\/{rel}","templated":true}]}}