{"id":9800,"date":"2025-10-31T10:51:44","date_gmt":"2025-10-31T09:51:44","guid":{"rendered":"https:\/\/www.bunkrpraslavice.cz\/?p=9800"},"modified":"2025-10-31T10:54:25","modified_gmt":"2025-10-31T09:54:25","slug":"dny-vojenske-historie-olomouc-se-blizi","status":"publish","type":"post","link":"https:\/\/www.bunkrpraslavice.cz\/de\/dny-vojenske-historie-olomouc-se-blizi\/","title":{"rendered":"Dny vojensk\u00e9 historie Olomouc se bl\u00ed\u017e\u00ed"},"content":{"rendered":"<p>[et_pb_section fb_built=&#8220;1&#8243; _builder_version=&#8220;4.22.2&#8243; _module_preset=&#8220;default&#8220; global_colors_info=&#8220;{}&#8220; theme_builder_area=&#8220;et_body_layout&#8220;][et_pb_row column_structure=&#8220;1_2,1_2&#8243; _builder_version=&#8220;4.23.1&#8243; _module_preset=&#8220;default&#8220; global_colors_info=&#8220;{}&#8220; theme_builder_area=&#8220;et_body_layout&#8220;][et_pb_column type=&#8220;1_2&#8243; _builder_version=&#8220;4.22.2&#8243; _module_preset=&#8220;default&#8220; global_colors_info=&#8220;{}&#8220; theme_builder_area=&#8220;et_body_layout&#8220;][et_pb_image src=&#8220;https:\/\/www.bunkrpraslavice.cz\/wp-content\/uploads\/2025\/10\/Instagram-Post-\u2013-1.png&#8220; alt=&#8220;Vinn\u00fd festival Olomouc 19.7.2025 Bezru\u010dovy sady&#8220; title_text=&#8220;Instagram Post \u2013 1&#8243; _builder_version=&#8220;4.27.4&#8243; _module_preset=&#8220;default&#8220; hover_enabled=&#8220;0&#8243; global_colors_info=&#8220;{}&#8220; theme_builder_area=&#8220;et_body_layout&#8220; sticky_enabled=&#8220;0&#8243;][\/et_pb_image][et_pb_image src=&#8220;https:\/\/www.bunkrpraslavice.cz\/wp-content\/uploads\/2025\/10\/4-1.jpg&#8220; alt=&#8220;Noc v\u011bdc\u016f v bunkru P\u0159\u00e1slavice&#8220; title_text=&#8220;4 (1)&#8220; _builder_version=&#8220;4.27.4&#8243; _module_preset=&#8220;default&#8220; hover_enabled=&#8220;0&#8243; global_colors_info=&#8220;{}&#8220; theme_builder_area=&#8220;et_body_layout&#8220; sticky_enabled=&#8220;0&#8243;][\/et_pb_image][\/et_pb_column][et_pb_column type=&#8220;1_2&#8243; _builder_version=&#8220;4.22.2&#8243; _module_preset=&#8220;default&#8220; global_colors_info=&#8220;{}&#8220; theme_builder_area=&#8220;et_body_layout&#8220;][et_pb_text _builder_version=&#8220;4.27.0&#8243; _module_preset=&#8220;default&#8220; custom_padding=&#8220;26px||9px|||&#8220; global_colors_info=&#8220;{}&#8220; theme_builder_area=&#8220;et_body_layout&#8220;]<\/p>\n<div class=\"x11i5rnm xat24cr x1mh8g0r x1vvkbs xtlvy1s\"><\/div>\n<div class=\"x11i5rnm xat24cr x1mh8g0r x1vvkbs xtlvy1s\">\n<div class=\"xdj266r x11i5rnm xat24cr x1mh8g0r x1vvkbs\">\n<div class=\"xdj266r x11i5rnm xat24cr x1mh8g0r x1vvkbs\">\n<div class=\"\" data-block=\"true\" data-editor=\"7o1r2\" data-offset-key=\"306of-0-0\">\n<div data-offset-key=\"306of-0-0\" class=\"_1mf _1mj\">\n<div class=\"x14z9mp xat24cr x1lziwak x1vvkbs xtlvy1s\"><\/div>\n<div class=\"x14z9mp xat24cr x1lziwak x1vvkbs xtlvy1s\">Dny vojensk\u00e9 historie Olomouc se konaj\u00ed <strong>od 7. do 9.listopadu<\/strong> po cel\u00e9 Olomouci a jej\u00edm okol\u00ed. Otev\u0159eno bude m\u00edt cel\u00e1 \u0159ada vojensk\u00fdch pam\u00e1tek, k jejich\u017e n\u00e1v\u0161t\u011bv\u011b V\u00e1s zve organiz\u00e1tor akce <strong><a href=\"https:\/\/dvh.pametnaroda.cz\/\" target=\"_blank\" rel=\"noopener\">Pam\u011bti n\u00e1roda.<\/a><\/strong><\/div>\n<div class=\"x14z9mp xat24cr x1lziwak x1vvkbs xtlvy1s\"><strong>Pro\u010d Olomouc<\/strong>?<\/div>\n<div class=\"x14z9mp xat24cr x1lziwak x1vvkbs xtlvy1s\">Je to m\u011bsto s velmi bohatou vojenskou histori\u00ed a to od nejd\u00e1vn\u011bj\u0161\u00edch dob. Poz\u016fstatky vojensk\u00fdch pam\u00e1tek jsou p\u0159ipom\u00ednkou <strong>strategick\u00e9ho v\u00fdznamu Olomouce<\/strong> jako pevnosti a jej\u00ed obrann\u00e9 funkce. <strong>Historick\u00e1 perla Moravy<\/strong>! Tak b\u00fdv\u00e1 Olomouc naz\u00fdv\u00e1na a toto ozna\u010den\u00ed si pr\u00e1vem zaslou\u017e\u00ed.<\/div>\n<div class=\"x14z9mp xat24cr x1lziwak x1vvkbs xtlvy1s\"><span style=\"font-size: 14px;\">V bunkru P\u0159\u00e1slavice budeme m\u00edt pro V\u00e1s v r\u00e1mci festivalu <strong>otev\u0159eno v sobotu 8.11.<\/strong> a sice hned ve t\u0159ech \u010dasech:<\/span><\/div>\n<div class=\"x14z9mp xat24cr x1lziwak x1vvkbs xtlvy1s\"><span style=\"font-size: 14px;\">10:00, 12.00 a 14:00. Cena vstupenky je zv\u00fdhodn\u011bn\u00fdch <strong>150,- K\u010d za osobu<\/strong>. <\/span><\/div>\n<div class=\"x14z9mp xat24cr x1lziwak x1vvkbs xtlvy1s\"><span style=\"font-size: 14px;\">Otev\u0159eno maj\u00ed i mnoh\u00e9 dal\u0161\u00ed vojensk\u00e9 pam\u00e1tky, jejich\u017e seznam naleznete <strong><a href=\"https:\/\/dvh.pametnaroda.cz\/\" target=\"_blank\" rel=\"noopener\">zde<\/a><\/strong>. Nap\u0159\u00edklad Fort Rad\u00edkov, odkud poch\u00e1z\u00ed ilustra\u010dn\u00ed fotografie.<\/span><\/div>\n<div class=\"x14z9mp xat24cr x1lziwak x1vvkbs xtlvy1s\"><span style=\"font-size: 14px;\">Chcete se n\u011bco dozv\u011bd\u011bt o dob\u011b, kdy byl z\u00e1pad a v\u00fdchod rozd\u011blen <\/span><strong style=\"font-size: 14px;\">\u017eeleznou oponou<\/strong><span style=\"font-size: 14px;\">?<\/span><\/div>\n<div class=\"x14z9mp xat24cr x1lziwak x1vvkbs xtlvy1s\">Chcete se pod\u00edvat do objektu, kter\u00fd byl d\u0159\u00edve p\u0159\u00edstupn\u00fd pouze osob\u00e1m s <strong>nejp\u0159\u00edsn\u011bj\u0161\u00ed bezpe\u010dnostn\u00ed prov\u011brkou<\/strong>?<\/div>\n<div class=\"x14z9mp xat24cr x1lziwak x1vvkbs xtlvy1s\"><a href=\"https:\/\/rezervace.bunkrpraslavice.cz\/\"><strong>P\u0159ij\u010fte do bunkru P\u0159\u00e1slavice.<\/strong><\/a> T\u011b\u0161\u00edme se na V\u00e1s.<\/div>\n<div class=\"x14z9mp xat24cr x1lziwak x1vvkbs xtlvy1s\">My z bunkru<span>\u00a0<\/span><span class=\"html-span xexx8yu xyri2b x18d9i69 x1c1uobl x1hl2dhg x16tdsg8 x1vvkbs x3nfvp2 x1j61x8r x1fcty0u xdj266r xat24cr xm2jcoa x1mpyi22 xxymvpz xlup9mm x1kky2od\"><img loading=\"lazy\" decoding=\"async\" height=\"16\" width=\"16\" class=\"xz74otr x15mokao x1ga7v0g x16uus16 xbiv7yw\" alt=\"\u2764\ufe0f\" referrerpolicy=\"origin-when-cross-origin\" src=\"https:\/\/static.xx.fbcdn.net\/images\/emoji.php\/v9\/t6c\/1\/16\/2764.png\" \/><\/span><\/div>\n<div class=\"x14z9mp xat24cr x1lziwak x1vvkbs xtlvy1s x126k92a\"><\/div>\n<p>&nbsp;<\/p>\n<\/div>\n<\/div>\n<\/div>\n<div class=\"x11i5rnm xat24cr x1mh8g0r x1vvkbs xtlvy1s\"><\/div>\n<div class=\"x11i5rnm xat24cr x1mh8g0r x1vvkbs xtlvy1s\"><\/div>\n<\/div>\n<\/div>\n<div class=\"x11i5rnm xat24cr x1mh8g0r x1vvkbs xtlvy1s\"><b><\/b><\/div>\n<div class=\"x11i5rnm xat24cr x1mh8g0r x1vvkbs xtlvy1s\"><b><\/b><\/div>\n<blockquote><\/blockquote>\n<div class=\"x11i5rnm xat24cr x1mh8g0r x1vvkbs xtlvy1s\"><span style=\"font-size: 14px;\"><\/span><\/div>\n<div class=\"x11i5rnm xat24cr x1mh8g0r x1vvkbs xtlvy1s\"><span style=\"font-size: 14px;\"><\/span><\/div>\n<div class=\"x11i5rnm xat24cr x1mh8g0r x1vvkbs xtlvy1s\"><span style=\"font-size: 14px;\"><\/span><\/div>\n<div class=\"x11i5rnm xat24cr x1mh8g0r x1vvkbs xtlvy1s\"><span style=\"font-size: 14px;\"><\/span><\/div>\n<p>[\/et_pb_text][\/et_pb_column][\/et_pb_row][\/et_pb_section]<\/p>\n","protected":false},"excerpt":{"rendered":"<p>Dny vojensk\u00e9 historie Olomouc se konaj\u00ed od 7. do 9.listopadu po cel\u00e9 Olomouci a jej\u00edm okol\u00ed. Otev\u0159eno bude m\u00edt cel\u00e1 \u0159ada vojensk\u00fdch pam\u00e1tek, k jejich\u017e n\u00e1v\u0161t\u011bv\u011b V\u00e1s zve organiz\u00e1tor akce Pam\u011bti n\u00e1roda. Pro\u010d Olomouc? Je to m\u011bsto s velmi bohatou vojenskou histori\u00ed a to od nejd\u00e1vn\u011bj\u0161\u00edch dob. Poz\u016fstatky vojensk\u00fdch pam\u00e1tek jsou p\u0159ipom\u00ednkou strategick\u00e9ho v\u00fdznamu Olomouce [&hellip;]<\/p>\n","protected":false},"author":3,"featured_media":9781,"comment_status":"closed","ping_status":"closed","sticky":false,"template":"","format":"standard","meta":{"_et_pb_use_builder":"on","_et_pb_old_content":"","_et_gb_content_width":"","footnotes":""},"categories":[1],"tags":[],"class_list":["post-9800","post","type-post","status-publish","format-standard","has-post-thumbnail","hentry","category-uncategorized-cs"],"_links":{"self":[{"href":"https:\/\/www.bunkrpraslavice.cz\/de\/wp-json\/wp\/v2\/posts\/9800","targetHints":{"allow":["GET"]}}],"collection":[{"href":"https:\/\/www.bunkrpraslavice.cz\/de\/wp-json\/wp\/v2\/posts"}],"about":[{"href":"https:\/\/www.bunkrpraslavice.cz\/de\/wp-json\/wp\/v2\/types\/post"}],"author":[{"embeddable":true,"href":"https:\/\/www.bunkrpraslavice.cz\/de\/wp-json\/wp\/v2\/users\/3"}],"replies":[{"embeddable":true,"href":"https:\/\/www.bunkrpraslavice.cz\/de\/wp-json\/wp\/v2\/comments?post=9800"}],"version-history":[{"count":0,"href":"https:\/\/www.bunkrpraslavice.cz\/de\/wp-json\/wp\/v2\/posts\/9800\/revisions"}],"wp:featuredmedia":[{"embeddable":true,"href":"https:\/\/www.bunkrpraslavice.cz\/de\/wp-json\/wp\/v2\/media\/9781"}],"wp:attachment":[{"href":"https:\/\/www.bunkrpraslavice.cz\/de\/wp-json\/wp\/v2\/media?parent=9800"}],"wp:term":[{"taxonomy":"category","embeddable":true,"href":"https:\/\/www.bunkrpraslavice.cz\/de\/wp-json\/wp\/v2\/categories?post=9800"},{"taxonomy":"post_tag","embeddable":true,"href":"https:\/\/www.bunkrpraslavice.cz\/de\/wp-json\/wp\/v2\/tags?post=9800"}],"curies":[{"name":"wp","href":"https:\/\/api.w.org\/{rel}","templated":true}]}}