{"id":9685,"date":"2025-09-24T08:38:43","date_gmt":"2025-09-24T07:38:43","guid":{"rendered":"https:\/\/www.bunkrpraslavice.cz\/?p=9685"},"modified":"2025-09-24T08:41:42","modified_gmt":"2025-09-24T07:41:42","slug":"bohatstvi-skryte-pod-zemi-aneb-noc-vedcu-2025-v-praslavicich","status":"publish","type":"post","link":"https:\/\/www.bunkrpraslavice.cz\/de\/bohatstvi-skryte-pod-zemi-aneb-noc-vedcu-2025-v-praslavicich\/","title":{"rendered":"Bohatstv\u00ed skryt\u00e9 pod zem\u00ed&#8230; aneb Noc v\u011bdc\u016f 2025 v P\u0159\u00e1slavic\u00edch"},"content":{"rendered":"<p>[et_pb_section fb_built=&#8220;1&#8243; _builder_version=&#8220;4.22.2&#8243; _module_preset=&#8220;default&#8220; global_colors_info=&#8220;{}&#8220; theme_builder_area=&#8220;et_body_layout&#8220;][et_pb_row column_structure=&#8220;1_2,1_2&#8243; _builder_version=&#8220;4.23.1&#8243; _module_preset=&#8220;default&#8220; global_colors_info=&#8220;{}&#8220; theme_builder_area=&#8220;et_body_layout&#8220;][et_pb_column type=&#8220;1_2&#8243; _builder_version=&#8220;4.22.2&#8243; _module_preset=&#8220;default&#8220; global_colors_info=&#8220;{}&#8220; theme_builder_area=&#8220;et_body_layout&#8220;][et_pb_image src=&#8220;https:\/\/www.bunkrpraslavice.cz\/wp-content\/uploads\/2025\/09\/lidi-na-schodech-koukaji-do-hloubky-scaled.jpg&#8220; alt=&#8220;Vinn\u00fd festival Olomouc 19.7.2025 Bezru\u010dovy sady&#8220; title_text=&#8220;lidi na schodech, koukaj\u00ed do hloubky&#8220; _builder_version=&#8220;4.27.4&#8243; _module_preset=&#8220;default&#8220; hover_enabled=&#8220;0&#8243; global_colors_info=&#8220;{}&#8220; theme_builder_area=&#8220;et_body_layout&#8220; sticky_enabled=&#8220;0&#8243;][\/et_pb_image][et_pb_image src=&#8220;https:\/\/www.bunkrpraslavice.cz\/wp-content\/uploads\/2025\/09\/psaci-stroj-lidi-stoji-v-pozadi-scaled.jpg&#8220; alt=&#8220;Noc v\u011bdc\u016f v bunkru P\u0159\u00e1slavice&#8220; title_text=&#8220;psac\u00ed stroj, lidi stoj\u00ed v pozad\u00ed&#8220; _builder_version=&#8220;4.27.4&#8243; _module_preset=&#8220;default&#8220; hover_enabled=&#8220;0&#8243; global_colors_info=&#8220;{}&#8220; theme_builder_area=&#8220;et_body_layout&#8220; sticky_enabled=&#8220;0&#8243;][\/et_pb_image][\/et_pb_column][et_pb_column type=&#8220;1_2&#8243; _builder_version=&#8220;4.22.2&#8243; _module_preset=&#8220;default&#8220; global_colors_info=&#8220;{}&#8220; theme_builder_area=&#8220;et_body_layout&#8220;][et_pb_text _builder_version=&#8220;4.27.0&#8243; _module_preset=&#8220;default&#8220; custom_padding=&#8220;26px||9px|||&#8220; global_colors_info=&#8220;{}&#8220; theme_builder_area=&#8220;et_body_layout&#8220;]<\/p>\n<div class=\"x11i5rnm xat24cr x1mh8g0r x1vvkbs xtlvy1s\"><\/div>\n<div class=\"x11i5rnm xat24cr x1mh8g0r x1vvkbs xtlvy1s\">\n<div class=\"xdj266r x11i5rnm xat24cr x1mh8g0r x1vvkbs\">\n<div class=\"xdj266r x11i5rnm xat24cr x1mh8g0r x1vvkbs\"><span data-offset-key=\"pb96-0-0\" style=\"font-size: 14px;\"><\/span><\/div>\n<div class=\"xdj266r x11i5rnm xat24cr x1mh8g0r x1vvkbs\">\n<div class=\"\" data-block=\"true\" data-editor=\"7o1r2\" data-offset-key=\"306of-0-0\">\n<div data-offset-key=\"306of-0-0\" class=\"_1mf _1mj\"><span style=\"font-size: 14px;\"><\/span><\/div>\n<div data-offset-key=\"306of-0-0\" class=\"_1mf _1mj\"><em><strong><span style=\"font-size: 14px;\"><\/span><\/strong><\/em><\/div>\n<div data-offset-key=\"306of-0-0\" class=\"_1mf _1mj\"><em><strong><span style=\"font-size: 14px;\"><\/span><\/strong><\/em><\/div>\n<div data-offset-key=\"306of-0-0\" class=\"_1mf _1mj\"><em><strong><span style=\"font-size: 14px;\"><\/span><\/strong><\/em><\/div>\n<div data-offset-key=\"306of-0-0\" class=\"_1mf _1mj\">\n<p><span style=\"font-size: 14px;\"><strong>Noc v\u011bdc\u016f v P\u0159\u00e1slavic\u00edch<\/strong> je ka\u017edoro\u010dn\u00ed akce, kter\u00e1 se kon\u00e1 jako sou\u010d\u00e1st celon\u00e1rodn\u00ed akce. Ani letos tomu nebude jinak a bunkr P\u0159\u00e1slavice se v <strong>p\u00e1tek 26.9. ve ve\u010dern\u00edch hodin\u00e1ch<\/strong> otev\u0159e pro ve\u0159ejnost zcela zdarma.<\/span><\/p>\n<p><span style=\"font-size: 14px;\">Uskute\u010dn\u00ed se celkem <\/span><strong style=\"font-size: 14px;\">t\u0159i prohl\u00eddky<\/strong><span style=\"font-size: 14px;\">, ka\u017ed\u00e1 bude dlouh\u00e1 30 minut. Za\u010d\u00edn\u00e1me v <\/span><strong style=\"font-size: 14px;\">18:00<\/strong><span style=\"font-size: 14px;\">, v <\/span><strong style=\"font-size: 14px;\">19.00<\/strong><span style=\"font-size: 14px;\"> a ve <\/span><strong style=\"font-size: 14px;\">20:00<\/strong><span style=\"font-size: 14px;\"> hodin.<\/span><\/p>\n<p>Kapacita ka\u017ed\u00e9 prohl\u00eddky je 25 osob.<\/p>\n<p>Je nutn\u00e1 registrace na akci a sice <a href=\"https:\/\/www.nocvedcu.cz\/udalost\/11384-podzemni-bohatstvi-ze-studene-valky\" target=\"_blank\" rel=\"noopener\"><strong>ZDE<\/strong><\/a>.<\/p>\n<p><span style=\"font-size: 14px;\">T\u00e9matem leto\u0161n\u00ed Noci v\u011bdc\u016f je <strong>BOHATSTV\u00cd<\/strong>. Jak\u00e9 se n\u00e1m poda\u0159ilo zachr\u00e1nit v podzemn\u00edch prostor\u00e1ch bunkru? Co se n\u00e1m poda\u0159ilo dochovat z dob studen\u00e9 v\u00e1lky, kdy byl n\u00e1\u0161 bunkr postaven?<\/span><\/p>\n<p><strong>Jak to uvnit\u0159 vypad\u00e1 nyn\u00ed?<\/strong><span style=\"font-size: 14px;\"><\/span><\/p>\n<p>Noc v\u011bdc\u016f je <strong>jedin\u00e1 pravideln\u00e1 akce v roce<\/strong>, kdy m\u00e1te mo\u017enost p\u0159ij\u00edt k n\u00e1m na prohl\u00eddku <strong>zcela zdarma<\/strong>. Nev\u00e1hejte a <a href=\"https:\/\/www.nocvedcu.cz\/udalost\/11384-podzemni-bohatstvi-ze-studene-valky\" target=\"_blank\" rel=\"noopener\">sko\u010dte si pro sv\u00e9 m\u00edsto<\/a>. Kapacita je omezen\u00e1 a nem\u016f\u017eeme ji z bezpe\u010dnostn\u00edch d\u016fvod\u016f nav\u00fd\u0161it. T\u011b\u0161\u00edme se na V\u00e1s. My z bunkru \u2764\ufe0f<\/p>\n<\/div>\n<\/div>\n<\/div>\n<div class=\"x11i5rnm xat24cr x1mh8g0r x1vvkbs xtlvy1s\"><\/div>\n<div class=\"x11i5rnm xat24cr x1mh8g0r x1vvkbs xtlvy1s\"><\/div>\n<\/div>\n<\/div>\n<div class=\"x11i5rnm xat24cr x1mh8g0r x1vvkbs xtlvy1s\"><b><\/b><\/div>\n<div class=\"x11i5rnm xat24cr x1mh8g0r x1vvkbs xtlvy1s\"><b><\/b><\/div>\n<blockquote><\/blockquote>\n<div class=\"x11i5rnm xat24cr x1mh8g0r x1vvkbs xtlvy1s\"><span style=\"font-size: 14px;\"><\/span><\/div>\n<div class=\"x11i5rnm xat24cr x1mh8g0r x1vvkbs xtlvy1s\"><span style=\"font-size: 14px;\"><\/span><\/div>\n<div class=\"x11i5rnm xat24cr x1mh8g0r x1vvkbs xtlvy1s\"><span style=\"font-size: 14px;\"><\/span><\/div>\n<div class=\"x11i5rnm xat24cr x1mh8g0r x1vvkbs xtlvy1s\"><span style=\"font-size: 14px;\"><\/span><\/div>\n<p>[\/et_pb_text][\/et_pb_column][\/et_pb_row][\/et_pb_section]<\/p>\n","protected":false},"excerpt":{"rendered":"<p>Noc v\u011bdc\u016f v P\u0159\u00e1slavic\u00edch je ka\u017edoro\u010dn\u00ed akce, kter\u00e1 se kon\u00e1 jako sou\u010d\u00e1st celon\u00e1rodn\u00ed akce. Ani letos tomu nebude jinak a bunkr P\u0159\u00e1slavice se v p\u00e1tek 26.9. ve ve\u010dern\u00edch hodin\u00e1ch otev\u0159e pro ve\u0159ejnost zcela zdarma. Uskute\u010dn\u00ed se celkem t\u0159i prohl\u00eddky, ka\u017ed\u00e1 bude dlouh\u00e1 30 minut. Za\u010d\u00edn\u00e1me v 18:00, v 19.00 a ve 20:00 hodin. Kapacita ka\u017ed\u00e9 [&hellip;]<\/p>\n","protected":false},"author":3,"featured_media":9699,"comment_status":"closed","ping_status":"closed","sticky":false,"template":"","format":"standard","meta":{"_et_pb_use_builder":"on","_et_pb_old_content":"","_et_gb_content_width":"","footnotes":""},"categories":[1],"tags":[],"class_list":["post-9685","post","type-post","status-publish","format-standard","has-post-thumbnail","hentry","category-uncategorized-cs"],"_links":{"self":[{"href":"https:\/\/www.bunkrpraslavice.cz\/de\/wp-json\/wp\/v2\/posts\/9685","targetHints":{"allow":["GET"]}}],"collection":[{"href":"https:\/\/www.bunkrpraslavice.cz\/de\/wp-json\/wp\/v2\/posts"}],"about":[{"href":"https:\/\/www.bunkrpraslavice.cz\/de\/wp-json\/wp\/v2\/types\/post"}],"author":[{"embeddable":true,"href":"https:\/\/www.bunkrpraslavice.cz\/de\/wp-json\/wp\/v2\/users\/3"}],"replies":[{"embeddable":true,"href":"https:\/\/www.bunkrpraslavice.cz\/de\/wp-json\/wp\/v2\/comments?post=9685"}],"version-history":[{"count":0,"href":"https:\/\/www.bunkrpraslavice.cz\/de\/wp-json\/wp\/v2\/posts\/9685\/revisions"}],"wp:featuredmedia":[{"embeddable":true,"href":"https:\/\/www.bunkrpraslavice.cz\/de\/wp-json\/wp\/v2\/media\/9699"}],"wp:attachment":[{"href":"https:\/\/www.bunkrpraslavice.cz\/de\/wp-json\/wp\/v2\/media?parent=9685"}],"wp:term":[{"taxonomy":"category","embeddable":true,"href":"https:\/\/www.bunkrpraslavice.cz\/de\/wp-json\/wp\/v2\/categories?post=9685"},{"taxonomy":"post_tag","embeddable":true,"href":"https:\/\/www.bunkrpraslavice.cz\/de\/wp-json\/wp\/v2\/tags?post=9685"}],"curies":[{"name":"wp","href":"https:\/\/api.w.org\/{rel}","templated":true}]}}