{"id":9587,"date":"2025-09-01T07:59:39","date_gmt":"2025-09-01T06:59:39","guid":{"rendered":"https:\/\/www.bunkrpraslavice.cz\/?p=9587"},"modified":"2025-09-01T07:59:54","modified_gmt":"2025-09-01T06:59:54","slug":"sobota-13-zari-za-zvyhodnene-vstupne","status":"publish","type":"post","link":"https:\/\/www.bunkrpraslavice.cz\/de\/sobota-13-zari-za-zvyhodnene-vstupne\/","title":{"rendered":"Sobota 13.z\u00e1\u0159\u00ed za zv\u00fdhodn\u011bn\u00e9 vstupn\u00e9"},"content":{"rendered":"<p>[et_pb_section fb_built=&#8220;1&#8243; _builder_version=&#8220;4.22.2&#8243; _module_preset=&#8220;default&#8220; global_colors_info=&#8220;{}&#8220; theme_builder_area=&#8220;et_body_layout&#8220;][et_pb_row column_structure=&#8220;1_2,1_2&#8243; _builder_version=&#8220;4.23.1&#8243; _module_preset=&#8220;default&#8220; global_colors_info=&#8220;{}&#8220; theme_builder_area=&#8220;et_body_layout&#8220;][et_pb_column type=&#8220;1_2&#8243; _builder_version=&#8220;4.22.2&#8243; _module_preset=&#8220;default&#8220; global_colors_info=&#8220;{}&#8220; theme_builder_area=&#8220;et_body_layout&#8220;][et_pb_image src=&#8220;https:\/\/www.bunkrpraslavice.cz\/wp-content\/uploads\/2025\/09\/Ales-zezadu-v-baterkarne_logo-na-triku-scaled.jpg&#8220; alt=&#8220;Vinn\u00fd festival Olomouc 19.7.2025 Bezru\u010dovy sady&#8220; title_text=&#8220;Ale\u0161 zezadu v baterk\u00e1rn\u011b_logo na triku&#8220; _builder_version=&#8220;4.27.4&#8243; _module_preset=&#8220;default&#8220; hover_enabled=&#8220;0&#8243; global_colors_info=&#8220;{}&#8220; theme_builder_area=&#8220;et_body_layout&#8220; sticky_enabled=&#8220;0&#8243;][\/et_pb_image][et_pb_image src=&#8220;https:\/\/www.bunkrpraslavice.cz\/wp-content\/uploads\/2025\/09\/lidi-v-kancelari-vedouciho-ustreden-scaled.jpg&#8220; alt=&#8220;Noc v\u011bdc\u016f v bunkru P\u0159\u00e1slavice&#8220; title_text=&#8220;lidi v kancel\u00e1\u0159i vedouc\u00edho \u00fast\u0159eden&#8220; _builder_version=&#8220;4.27.4&#8243; _module_preset=&#8220;default&#8220; hover_enabled=&#8220;0&#8243; global_colors_info=&#8220;{}&#8220; theme_builder_area=&#8220;et_body_layout&#8220; sticky_enabled=&#8220;0&#8243;][\/et_pb_image][\/et_pb_column][et_pb_column type=&#8220;1_2&#8243; _builder_version=&#8220;4.22.2&#8243; _module_preset=&#8220;default&#8220; global_colors_info=&#8220;{}&#8220; theme_builder_area=&#8220;et_body_layout&#8220;][et_pb_text _builder_version=&#8220;4.27.0&#8243; _module_preset=&#8220;default&#8220; custom_padding=&#8220;26px||9px|||&#8220; global_colors_info=&#8220;{}&#8220; theme_builder_area=&#8220;et_body_layout&#8220;]<\/p>\n<div class=\"x11i5rnm xat24cr x1mh8g0r x1vvkbs xtlvy1s\"><\/div>\n<div class=\"x11i5rnm xat24cr x1mh8g0r x1vvkbs xtlvy1s\">\n<div class=\"xdj266r x11i5rnm xat24cr x1mh8g0r x1vvkbs\">\n<div class=\"xdj266r x11i5rnm xat24cr x1mh8g0r x1vvkbs\"><span data-offset-key=\"pb96-0-0\" style=\"font-size: 14px;\"><\/span><\/div>\n<div class=\"xdj266r x11i5rnm xat24cr x1mh8g0r x1vvkbs\">\n<div class=\"\" data-block=\"true\" data-editor=\"7o1r2\" data-offset-key=\"306of-0-0\">\n<div data-offset-key=\"306of-0-0\" class=\"_1mf _1mj\"><span style=\"font-size: 14px;\"><\/span><\/div>\n<div data-offset-key=\"306of-0-0\" class=\"_1mf _1mj\"><em><strong><span style=\"font-size: 14px;\"><\/span><\/strong><\/em><\/div>\n<div data-offset-key=\"306of-0-0\" class=\"_1mf _1mj\"><em><strong><span style=\"font-size: 14px;\"><\/span><\/strong><\/em><\/div>\n<div data-offset-key=\"306of-0-0\" class=\"_1mf _1mj\"><em><strong><span style=\"font-size: 14px;\"><\/span><\/strong><\/em><\/div>\n<div data-offset-key=\"306of-0-0\" class=\"_1mf _1mj\">\n<p>Tak\u00e9 letos m\u016f\u017eete p\u0159ij\u00edt do bunkru P\u0159\u00e1slavice za <strong>zv\u00fdhodn\u011bn\u00e9 vstupn\u00e9<\/strong>\ud83c\udfaf. Plat\u00ed na akci <strong>Den otev\u0159en\u00fdch pam\u00e1tek v sobotu 13.z\u00e1\u0159\u00ed.<\/strong> Kon\u00e1 se u p\u0159\u00edle\u017eitosti Dn\u016f evropsk\u00e9ho d\u011bdictv\u00ed a po\u0159\u00e1d\u00e1me ji ve spolupr\u00e1ci s Magistr\u00e1tem m\u011bsta Olomouce.<\/p>\n<p>V sobotu se uskute\u010dn\u00ed celkem <strong>t\u0159i prohl\u00eddky<\/strong>, ka\u017ed\u00e1 bude dlouh\u00e1 45 minut. Za\u010d\u00edn\u00e1me v <strong>10:00<\/strong>, ve <strong>12.00<\/strong> a ve <strong>14:00<\/strong> hodin. Cena za osobu je <strong>150,- K\u010d<\/strong>.<\/p>\n<p>Kapacita ka\u017ed\u00e9 prohl\u00eddky je 25 osob.<\/p>\n<p>P\u0159ij\u010fte si prohl\u00e9dnout nejv\u011bt\u0161\u00ed zp\u0159\u00edstupn\u011bn\u00fd bunkr ze studen\u00e9 v\u00e1lky ve st\u0159edn\u00ed Evrop\u011b. Vstupte za zdi siln\u00e9 1,5 metru, do podzem\u00ed \u010d\u00edtaj\u00edc\u00ed 4 patra, kter\u00e1 jsou autenticky vybavena. Prohl\u00e9dn\u011bte si technologie, kter\u00e9 m\u011bly umo\u017enit os\u00e1dce bunkru p\u0159e\u017eit\u00ed a\u017e v d\u00e9lce 10 dn\u00ed.<\/p>\n<p>Na\u0161i pr\u016fvodci se postaraj\u00ed o to, aby byla pro V\u00e1s prohl\u00eddka p\u0159\u00e1slavick\u00e9ho bunkru <strong>neopakovateln\u00fdm z\u00e1\u017eitkem<\/strong>. T\u011b\u0161\u00edme se na V\u00e1s. My z bunkru \u2764\ufe0f<\/p>\n<p>Vstupenky m\u016f\u017eete zakoupit <a href=\"https:\/\/rezervace.bunkrpraslavice.cz\/\"><strong>online zde<\/strong><\/a>.<\/p>\n<p>&nbsp;<\/p>\n<\/div>\n<\/div>\n<\/div>\n<div class=\"x11i5rnm xat24cr x1mh8g0r x1vvkbs xtlvy1s\"><\/div>\n<div class=\"x11i5rnm xat24cr x1mh8g0r x1vvkbs xtlvy1s\"><\/div>\n<\/div>\n<\/div>\n<div class=\"x11i5rnm xat24cr x1mh8g0r x1vvkbs xtlvy1s\"><b><\/b><\/div>\n<div class=\"x11i5rnm xat24cr x1mh8g0r x1vvkbs xtlvy1s\"><b><\/b><\/div>\n<blockquote><\/blockquote>\n<div class=\"x11i5rnm xat24cr x1mh8g0r x1vvkbs xtlvy1s\"><span style=\"font-size: 14px;\"><\/span><\/div>\n<div class=\"x11i5rnm xat24cr x1mh8g0r x1vvkbs xtlvy1s\"><span style=\"font-size: 14px;\"><\/span><\/div>\n<div class=\"x11i5rnm xat24cr x1mh8g0r x1vvkbs xtlvy1s\"><span style=\"font-size: 14px;\"><\/span><\/div>\n<div class=\"x11i5rnm xat24cr x1mh8g0r x1vvkbs xtlvy1s\"><span style=\"font-size: 14px;\"><\/span><\/div>\n<p>[\/et_pb_text][\/et_pb_column][\/et_pb_row][\/et_pb_section]<\/p>\n","protected":false},"excerpt":{"rendered":"<p>Tak\u00e9 letos m\u016f\u017eete p\u0159ij\u00edt do bunkru P\u0159\u00e1slavice za zv\u00fdhodn\u011bn\u00e9 vstupn\u00e9\ud83c\udfaf. Plat\u00ed na akci Den otev\u0159en\u00fdch pam\u00e1tek v sobotu 13.z\u00e1\u0159\u00ed. Kon\u00e1 se u p\u0159\u00edle\u017eitosti Dn\u016f evropsk\u00e9ho d\u011bdictv\u00ed a po\u0159\u00e1d\u00e1me ji ve spolupr\u00e1ci s Magistr\u00e1tem m\u011bsta Olomouce. V sobotu se uskute\u010dn\u00ed celkem t\u0159i prohl\u00eddky, ka\u017ed\u00e1 bude dlouh\u00e1 45 minut. Za\u010d\u00edn\u00e1me v 10:00, ve 12.00 a ve 14:00 [&hellip;]<\/p>\n","protected":false},"author":3,"featured_media":9588,"comment_status":"closed","ping_status":"closed","sticky":false,"template":"","format":"standard","meta":{"_et_pb_use_builder":"on","_et_pb_old_content":"","_et_gb_content_width":"","footnotes":""},"categories":[1],"tags":[],"class_list":["post-9587","post","type-post","status-publish","format-standard","has-post-thumbnail","hentry","category-uncategorized-cs"],"_links":{"self":[{"href":"https:\/\/www.bunkrpraslavice.cz\/de\/wp-json\/wp\/v2\/posts\/9587","targetHints":{"allow":["GET"]}}],"collection":[{"href":"https:\/\/www.bunkrpraslavice.cz\/de\/wp-json\/wp\/v2\/posts"}],"about":[{"href":"https:\/\/www.bunkrpraslavice.cz\/de\/wp-json\/wp\/v2\/types\/post"}],"author":[{"embeddable":true,"href":"https:\/\/www.bunkrpraslavice.cz\/de\/wp-json\/wp\/v2\/users\/3"}],"replies":[{"embeddable":true,"href":"https:\/\/www.bunkrpraslavice.cz\/de\/wp-json\/wp\/v2\/comments?post=9587"}],"version-history":[{"count":0,"href":"https:\/\/www.bunkrpraslavice.cz\/de\/wp-json\/wp\/v2\/posts\/9587\/revisions"}],"wp:featuredmedia":[{"embeddable":true,"href":"https:\/\/www.bunkrpraslavice.cz\/de\/wp-json\/wp\/v2\/media\/9588"}],"wp:attachment":[{"href":"https:\/\/www.bunkrpraslavice.cz\/de\/wp-json\/wp\/v2\/media?parent=9587"}],"wp:term":[{"taxonomy":"category","embeddable":true,"href":"https:\/\/www.bunkrpraslavice.cz\/de\/wp-json\/wp\/v2\/categories?post=9587"},{"taxonomy":"post_tag","embeddable":true,"href":"https:\/\/www.bunkrpraslavice.cz\/de\/wp-json\/wp\/v2\/tags?post=9587"}],"curies":[{"name":"wp","href":"https:\/\/api.w.org\/{rel}","templated":true}]}}