{"id":9227,"date":"2025-07-11T12:35:11","date_gmt":"2025-07-11T11:35:11","guid":{"rendered":"https:\/\/www.bunkrpraslavice.cz\/?p=9227"},"modified":"2025-07-11T12:35:13","modified_gmt":"2025-07-11T11:35:13","slug":"31-8-v-1000-voda-v-bunkru","status":"publish","type":"post","link":"https:\/\/www.bunkrpraslavice.cz\/de\/31-8-v-1000-voda-v-bunkru\/","title":{"rendered":"31.8. v 10:00 &#8222;voda v bunkru&#8220;"},"content":{"rendered":"<p>[et_pb_section fb_built=&#8220;1&#8243; _builder_version=&#8220;4.22.2&#8243; _module_preset=&#8220;default&#8220; global_colors_info=&#8220;{}&#8220; theme_builder_area=&#8220;et_body_layout&#8220;][et_pb_row column_structure=&#8220;1_2,1_2&#8243; _builder_version=&#8220;4.23.1&#8243; _module_preset=&#8220;default&#8220; global_colors_info=&#8220;{}&#8220; theme_builder_area=&#8220;et_body_layout&#8220;][et_pb_column type=&#8220;1_2&#8243; _builder_version=&#8220;4.22.2&#8243; _module_preset=&#8220;default&#8220; global_colors_info=&#8220;{}&#8220; theme_builder_area=&#8220;et_body_layout&#8220;][et_pb_image src=&#8220;https:\/\/www.bunkrpraslavice.cz\/wp-content\/uploads\/2025\/07\/Bylinkova-hydrozahradka-scaled.jpg&#8220; alt=&#8220;Vinn\u00fd festival Olomouc 19.7.2025 Bezru\u010dovy sady&#8220; title_text=&#8220;Bylinkov\u00e1 (hydro)zahr\u00e1dka&#8220; _builder_version=&#8220;4.27.4&#8243; _module_preset=&#8220;default&#8220; hover_enabled=&#8220;0&#8243; global_colors_info=&#8220;{}&#8220; theme_builder_area=&#8220;et_body_layout&#8220; sticky_enabled=&#8220;0&#8243;][\/et_pb_image][et_pb_image src=&#8220;https:\/\/www.bunkrpraslavice.cz\/wp-content\/uploads\/2025\/02\/2Z0C6839-scaled.jpg&#8220; alt=&#8220;Noc v\u011bdc\u016f v bunkru P\u0159\u00e1slavice&#8220; title_text=&#8220;Zdroje pitn\u00e9 a u\u017eitkov\u00e9 vody&#8220; _builder_version=&#8220;4.27.4&#8243; _module_preset=&#8220;default&#8220; hover_enabled=&#8220;0&#8243; global_colors_info=&#8220;{}&#8220; theme_builder_area=&#8220;et_body_layout&#8220; sticky_enabled=&#8220;0&#8243;][\/et_pb_image][et_pb_image src=&#8220;https:\/\/www.bunkrpraslavice.cz\/wp-content\/uploads\/2025\/07\/Lom_historicka-cernobila-scaled.jpg&#8220; _builder_version=&#8220;4.27.4&#8243; _module_preset=&#8220;default&#8220; theme_builder_area=&#8220;et_body_layout&#8220; hover_enabled=&#8220;0&#8243; sticky_enabled=&#8220;0&#8243; title_text=&#8220;Lom_historick\u00e1 \u010dernob\u00edl\u00e1&#8220;][\/et_pb_image][et_pb_image src=&#8220;https:\/\/www.bunkrpraslavice.cz\/wp-content\/uploads\/2025\/07\/vypousteni-jesetera-ze-sitky-do-velke-kade.jpg&#8220; _builder_version=&#8220;4.27.4&#8243; _module_preset=&#8220;default&#8220; theme_builder_area=&#8220;et_body_layout&#8220; hover_enabled=&#8220;0&#8243; sticky_enabled=&#8220;0&#8243; title_text=&#8220;vypou\u0161t\u011bn\u00ed jesetera ze s\u00ed\u0165ky do velk\u00e9 k\u00e1d\u011b&#8220;][\/et_pb_image][\/et_pb_column][et_pb_column type=&#8220;1_2&#8243; _builder_version=&#8220;4.22.2&#8243; _module_preset=&#8220;default&#8220; global_colors_info=&#8220;{}&#8220; theme_builder_area=&#8220;et_body_layout&#8220;][et_pb_text _builder_version=&#8220;4.27.0&#8243; _module_preset=&#8220;default&#8220; custom_padding=&#8220;26px||9px|||&#8220; global_colors_info=&#8220;{}&#8220; theme_builder_area=&#8220;et_body_layout&#8220;]<\/p>\n<div class=\"x11i5rnm xat24cr x1mh8g0r x1vvkbs xtlvy1s\"><\/div>\n<div class=\"x11i5rnm xat24cr x1mh8g0r x1vvkbs xtlvy1s\">\n<div class=\"xdj266r x11i5rnm xat24cr x1mh8g0r x1vvkbs\">\n<div class=\"xdj266r x11i5rnm xat24cr x1mh8g0r x1vvkbs\"><span data-offset-key=\"pb96-0-0\" style=\"font-size: 14px;\"><\/span><\/div>\n<div class=\"xdj266r x11i5rnm xat24cr x1mh8g0r x1vvkbs\">\n<div class=\"\" data-block=\"true\" data-editor=\"7o1r2\" data-offset-key=\"306of-0-0\">\n<div data-offset-key=\"306of-0-0\" class=\"_1mf _1mj\"><span style=\"font-size: 14px;\"><\/span><\/div>\n<div data-offset-key=\"306of-0-0\" class=\"_1mf _1mj\"><em><strong><span style=\"font-size: 14px;\"><\/span><\/strong><\/em><\/div>\n<div data-offset-key=\"306of-0-0\" class=\"_1mf _1mj\"><em><strong><span style=\"font-size: 14px;\"><\/span><\/strong><\/em><\/div>\n<div data-offset-key=\"306of-0-0\" class=\"_1mf _1mj\"><em><strong><span style=\"font-size: 14px;\"><\/span><\/strong><\/em><\/div>\n<div data-offset-key=\"306of-0-0\" class=\"_1mf _1mj\">\n<p><strong><\/strong><\/p>\n<p><strong>Voda v bunkru<\/strong>&#8230; aneb vodn\u00ed hospod\u00e1\u0159stv\u00ed v bunkru P\u0159\u00e1slavice a prohl\u00eddka aquaponick\u00e9 farmy.<\/p>\n<p><strong>31.8. od 10:00 hodin<\/strong> m\u00e1te mo\u017enost p\u0159ij\u00edt na tuto &#8222;vodn\u00ed&#8220; prohl\u00eddku. Kon\u00e1 se pouze <strong>p\u00e1rkr\u00e1t do roka<\/strong>! Posledn\u00ed den pr\u00e1zdnin si u\u017eijte netradi\u010dn\u011b na na\u0161\u00ed aquaponick\u00e9 farm\u011b, kter\u00e1 je p\u0159\u00edmo <strong>v \u00fatrob\u00e1ch bunkru P\u0159\u00e1slavice.<\/strong><\/p>\n<p>&#8222;Vodn\u00ed&#8220; prohl\u00eddka vych\u00e1z\u00ed ze standardn\u00edho prohl\u00eddkov\u00e9ho okruhu. V\u00fdklad pr\u016fvodce je ale zam\u011b\u0159en v\u00edce na <strong>vodn\u00ed hospod\u00e1\u0159stv\u00ed v bunkru<\/strong> a tak\u00e9 n\u00e1v\u0161t\u011bvn\u00edci dostanou v\u011bt\u0161\u00ed prostor prohl\u00e9dnout si modern\u00ed m\u011bstskou farmu p\u0159\u00edmo v \u00fatrob\u00e1ch bunkru a dozv\u011bd\u011bt se o <strong>aquaponick\u00e9m zp\u016fsobu zem\u011bd\u011blstv\u00ed<\/strong>.<\/p>\n<p>Co se na prohl\u00eddce\u00a0<strong>Voda v bunkru <\/strong>dozv\u00edte?<\/p>\n<p>&#8211; kde se voda v bunkru brala, jak\u00e9 byly jej\u00ed zdroje?<\/p>\n<p>\u00a0&#8211; jak\u00fdm zp\u016fsobem se voda v bunkru \u010distila, filtrovala, dekontaminovala?<\/p>\n<p>\u00a0&#8211; jak\u00e1 byla jej\u00ed z\u00e1soba a na jak dlouho by vysta\u010dila v p\u0159\u00edpad\u011b jadern\u00e9 v\u00e1lky?<\/p>\n<p>V r\u00e1mci prohl\u00eddky m\u00e1te mo\u017enost detailn\u011b si prohl\u00e9dnout aquaponickou farmu, kterou v \u00fatrob\u00e1ch bunkru provozujeme. Uk\u00e1\u017eeme V\u00e1m ji podrobn\u011bji ne\u017e tomu b\u00fdv\u00e1 na obvykl\u00fdch prohl\u00eddk\u00e1ch. <strong>Symbioza mezi rybami a zeleninou &#8211; to je aquaponie<\/strong>. Budete moci tak\u00e9 <strong>ochutnat<\/strong> aquaponicky vyp\u011bstovan\u00fd sal\u00e1t\u00a0a produkty z na\u0161\u00ed aquaponick\u00e9 zahr\u00e1dky si na m\u00edst\u011b <strong>zakoupit<\/strong>.<\/p>\n<p>Prohl\u00eddka potrv\u00e1 <strong>90 minut<\/strong>. Obzvl\u00e1\u0161\u0165 v hork\u00fdch letn\u00edch dnech nab\u00edz\u00ed p\u0159ijemn\u00e9 ochlazen\u00ed v prostor\u00e1ch se st\u00e1lou celoro\u010dn\u00ed teplotou, kter\u00e1 je 17-18\u00b0C.<\/p>\n<p>Parkov\u00e1n\u00ed je mo\u017en\u00e9 v m\u00edst\u011b. Prohl\u00eddka vede interi\u00e9ry i exteri\u00e9ry. Na prohl\u00eddce jsou schody, kter\u00e9 nelze zdolat jinak ne\u017e po sv\u00fdch. Je mo\u017en\u00e9 zakoupit si drobn\u00e9 ob\u010derstven\u00ed a upom\u00ednkov\u00e9 p\u0159edm\u011bty.<\/p>\n<p>Vstupenky na prohl\u00eddku zakupte <a href=\"https:\/\/rezervace.bunkrpraslavice.cz\/\">ZDE<\/a>.<\/p>\n<p>D\u011bkujeme a t\u011b\u0161\u00edme se na V\u00e1s. My z bunkru<span style=\"font-size: 14px;\">\u00a0\u2764\ufe0f<\/span><\/p>\n<p>&nbsp;<\/p>\n<\/div>\n<\/div>\n<\/div>\n<div class=\"x11i5rnm xat24cr x1mh8g0r x1vvkbs xtlvy1s\"><\/div>\n<div class=\"x11i5rnm xat24cr x1mh8g0r x1vvkbs xtlvy1s\"><\/div>\n<\/div>\n<\/div>\n<div class=\"x11i5rnm xat24cr x1mh8g0r x1vvkbs xtlvy1s\"><b><\/b><\/div>\n<div class=\"x11i5rnm xat24cr x1mh8g0r x1vvkbs xtlvy1s\"><b><\/b><\/div>\n<blockquote><\/blockquote>\n<div class=\"x11i5rnm xat24cr x1mh8g0r x1vvkbs xtlvy1s\"><span style=\"font-size: 14px;\"><\/span><\/div>\n<div class=\"x11i5rnm xat24cr x1mh8g0r x1vvkbs xtlvy1s\"><span style=\"font-size: 14px;\"><\/span><\/div>\n<div class=\"x11i5rnm xat24cr x1mh8g0r x1vvkbs xtlvy1s\"><span style=\"font-size: 14px;\"><\/span><\/div>\n<div class=\"x11i5rnm xat24cr x1mh8g0r x1vvkbs xtlvy1s\"><span style=\"font-size: 14px;\"><\/span><\/div>\n<p>[\/et_pb_text][\/et_pb_column][\/et_pb_row][\/et_pb_section]<\/p>\n","protected":false},"excerpt":{"rendered":"<p>Voda v bunkru&#8230; aneb vodn\u00ed hospod\u00e1\u0159stv\u00ed v bunkru P\u0159\u00e1slavice a prohl\u00eddka aquaponick\u00e9 farmy. 31.8. od 10:00 hodin m\u00e1te mo\u017enost p\u0159ij\u00edt na tuto &#8222;vodn\u00ed&#8220; prohl\u00eddku. Kon\u00e1 se pouze p\u00e1rkr\u00e1t do roka! Posledn\u00ed den pr\u00e1zdnin si u\u017eijte netradi\u010dn\u011b na na\u0161\u00ed aquaponick\u00e9 farm\u011b, kter\u00e1 je p\u0159\u00edmo v \u00fatrob\u00e1ch bunkru P\u0159\u00e1slavice. &#8222;Vodn\u00ed&#8220; prohl\u00eddka vych\u00e1z\u00ed ze standardn\u00edho prohl\u00eddkov\u00e9ho okruhu. V\u00fdklad [&hellip;]<\/p>\n","protected":false},"author":3,"featured_media":9228,"comment_status":"closed","ping_status":"closed","sticky":false,"template":"","format":"standard","meta":{"_et_pb_use_builder":"on","_et_pb_old_content":"","_et_gb_content_width":"","footnotes":""},"categories":[1],"tags":[],"class_list":["post-9227","post","type-post","status-publish","format-standard","has-post-thumbnail","hentry","category-uncategorized-cs"],"_links":{"self":[{"href":"https:\/\/www.bunkrpraslavice.cz\/de\/wp-json\/wp\/v2\/posts\/9227","targetHints":{"allow":["GET"]}}],"collection":[{"href":"https:\/\/www.bunkrpraslavice.cz\/de\/wp-json\/wp\/v2\/posts"}],"about":[{"href":"https:\/\/www.bunkrpraslavice.cz\/de\/wp-json\/wp\/v2\/types\/post"}],"author":[{"embeddable":true,"href":"https:\/\/www.bunkrpraslavice.cz\/de\/wp-json\/wp\/v2\/users\/3"}],"replies":[{"embeddable":true,"href":"https:\/\/www.bunkrpraslavice.cz\/de\/wp-json\/wp\/v2\/comments?post=9227"}],"version-history":[{"count":0,"href":"https:\/\/www.bunkrpraslavice.cz\/de\/wp-json\/wp\/v2\/posts\/9227\/revisions"}],"wp:featuredmedia":[{"embeddable":true,"href":"https:\/\/www.bunkrpraslavice.cz\/de\/wp-json\/wp\/v2\/media\/9228"}],"wp:attachment":[{"href":"https:\/\/www.bunkrpraslavice.cz\/de\/wp-json\/wp\/v2\/media?parent=9227"}],"wp:term":[{"taxonomy":"category","embeddable":true,"href":"https:\/\/www.bunkrpraslavice.cz\/de\/wp-json\/wp\/v2\/categories?post=9227"},{"taxonomy":"post_tag","embeddable":true,"href":"https:\/\/www.bunkrpraslavice.cz\/de\/wp-json\/wp\/v2\/tags?post=9227"}],"curies":[{"name":"wp","href":"https:\/\/api.w.org\/{rel}","templated":true}]}}