{"id":9210,"date":"2025-07-11T12:20:13","date_gmt":"2025-07-11T11:20:13","guid":{"rendered":"https:\/\/www.bunkrpraslavice.cz\/?p=9210"},"modified":"2025-07-11T12:20:16","modified_gmt":"2025-07-11T11:20:16","slug":"bunkr-v-terenu-aneb-vyrazime-na-letni-festivaly","status":"publish","type":"post","link":"https:\/\/www.bunkrpraslavice.cz\/de\/bunkr-v-terenu-aneb-vyrazime-na-letni-festivaly\/","title":{"rendered":"Bunkr v ter\u00e9nu&#8230; aneb vyr\u00e1\u017e\u00edme na letn\u00ed festivaly"},"content":{"rendered":"<p>[et_pb_section fb_built=&#8220;1&#8243; _builder_version=&#8220;4.22.2&#8243; _module_preset=&#8220;default&#8220; global_colors_info=&#8220;{}&#8220; theme_builder_area=&#8220;et_body_layout&#8220;][et_pb_row column_structure=&#8220;1_2,1_2&#8243; _builder_version=&#8220;4.23.1&#8243; _module_preset=&#8220;default&#8220; global_colors_info=&#8220;{}&#8220; theme_builder_area=&#8220;et_body_layout&#8220;][et_pb_column type=&#8220;1_2&#8243; _builder_version=&#8220;4.22.2&#8243; _module_preset=&#8220;default&#8220; global_colors_info=&#8220;{}&#8220; theme_builder_area=&#8220;et_body_layout&#8220;][et_pb_image src=&#8220;https:\/\/www.bunkrpraslavice.cz\/wp-content\/uploads\/2025\/07\/Vinny-festival_udalost.png&#8220; alt=&#8220;Vinn\u00fd festival Olomouc 19.7.2025 Bezru\u010dovy sady&#8220; title_text=&#8220;Vinn\u00fd festival_ud\u00e1lost&#8220; _builder_version=&#8220;4.27.4&#8243; _module_preset=&#8220;default&#8220; hover_enabled=&#8220;0&#8243; global_colors_info=&#8220;{}&#8220; theme_builder_area=&#8220;et_body_layout&#8220; sticky_enabled=&#8220;0&#8243;][\/et_pb_image][et_pb_image src=&#8220;https:\/\/www.bunkrpraslavice.cz\/wp-content\/uploads\/2025\/07\/FortFest-Kraliky_2025.png&#8220; alt=&#8220;Noc v\u011bdc\u016f v bunkru P\u0159\u00e1slavice&#8220; title_text=&#8220;FortFest Kr\u00e1l\u00edky_2025&#8243; _builder_version=&#8220;4.27.4&#8243; _module_preset=&#8220;default&#8220; hover_enabled=&#8220;0&#8243; global_colors_info=&#8220;{}&#8220; theme_builder_area=&#8220;et_body_layout&#8220; sticky_enabled=&#8220;0&#8243;][\/et_pb_image][\/et_pb_column][et_pb_column type=&#8220;1_2&#8243; _builder_version=&#8220;4.22.2&#8243; _module_preset=&#8220;default&#8220; global_colors_info=&#8220;{}&#8220; theme_builder_area=&#8220;et_body_layout&#8220;][et_pb_text _builder_version=&#8220;4.27.0&#8243; _module_preset=&#8220;default&#8220; custom_padding=&#8220;26px||9px|||&#8220; global_colors_info=&#8220;{}&#8220; theme_builder_area=&#8220;et_body_layout&#8220;]<\/p>\n<div class=\"x11i5rnm xat24cr x1mh8g0r x1vvkbs xtlvy1s\"><\/div>\n<div class=\"x11i5rnm xat24cr x1mh8g0r x1vvkbs xtlvy1s\">\n<div class=\"xdj266r x11i5rnm xat24cr x1mh8g0r x1vvkbs\">\n<div class=\"xdj266r x11i5rnm xat24cr x1mh8g0r x1vvkbs\"><span data-offset-key=\"pb96-0-0\" style=\"font-size: 14px;\"><\/span><\/div>\n<div class=\"xdj266r x11i5rnm xat24cr x1mh8g0r x1vvkbs\">\n<div class=\"\" data-block=\"true\" data-editor=\"7o1r2\" data-offset-key=\"306of-0-0\">\n<div data-offset-key=\"306of-0-0\" class=\"_1mf _1mj\"><span style=\"font-size: 14px;\"><\/span><\/div>\n<div data-offset-key=\"306of-0-0\" class=\"_1mf _1mj\"><em><strong><span style=\"font-size: 14px;\"><\/span><\/strong><\/em><\/div>\n<div data-offset-key=\"306of-0-0\" class=\"_1mf _1mj\"><em><strong><span style=\"font-size: 14px;\"><\/span><\/strong><\/em><\/div>\n<div data-offset-key=\"306of-0-0\" class=\"_1mf _1mj\"><em><strong><span style=\"font-size: 14px;\"><\/span><\/strong><\/em><\/div>\n<div data-offset-key=\"306of-0-0\" class=\"_1mf _1mj\">\n<p><span style=\"font-size: 14px;\">M\u00e1te r\u00e1di <strong>festivaly<\/strong>? My ano. Rozhodli jsme se vyrazit na n\u011bkter\u00e9 z nich s na\u0161\u00edm <strong>st\u00e1nkem<\/strong>. Kde n\u00e1s m\u016f\u017eete potkat?<\/span><\/p>\n<p>\u2705V Bezru\u010dov\u00fdch sadech <strong>v Olomouci<\/strong> a sice v sobotu <strong>19.7.<\/strong> v r\u00e1mci <a href=\"https:\/\/www.olomoucka-vinna.cz\/\" target=\"_blank\" rel=\"noopener\">Vinn\u00e9ho festivalu<\/a>.<\/p>\n<p>\u2705V <strong>Kr\u00e1l\u00edk\u00e1ch<\/strong> o v\u00edkendu <strong>15.-16.8<\/strong> na festivalu <a href=\"https:\/\/www.armyfort.cz\/cs\/224-cihelna-2027\" target=\"_blank\" rel=\"noopener\">FortFest<\/a> 2025, kter\u00fd je sou\u010d\u00e1st\u00ed velk\u00e9 akce Cihelna Fest.<\/p>\n<p>Na st\u00e1nku se potk\u00e1te s n\u00e1mi, nad\u0161enci bunkru P\u0159\u00e1slavice a budete si moci:<\/p>\n<p>&#8211; zkusit, jak se <strong>telefonovalo ve v\u00e1lce<\/strong><\/p>\n<p>&#8211; <strong>rozlu\u0161tit<\/strong> za\u0161ifrovanou zpr\u00e1vu<\/p>\n<p>&#8211; zahr\u00e1t si s kamar\u00e1dy nebo s d\u011btmi n\u011bkterou ze stoln\u00edch her &#8222;\u00e1 la 80.l\u00e9ta (<strong>pexeso, Logic, mik\u00e1do&#8230;<\/strong>)&#8220;<\/p>\n<p>&#8211; pole\u017eet a odpo\u010dinout si na dek\u00e1ch \u010di v leh\u00e1tk\u00e1ch v odpo\u010dinkov\u00e9 z\u00f3n\u011b a u toho za\u010d\u00edt p\u0159em\u00fd\u0161let, kdy n\u00e1s nav\u0161t\u00edv\u00edte v re\u00e1lu&#8230; kterou z prohl\u00eddek bunkru P\u0159\u00e1slavice zvol\u00edte?!<\/p>\n<p>T\u011b\u0161\u00edme se na Va\u0161i hojnou \u00fa\u010dast. My z bunkru \u2764\ufe0f<\/p>\n<p>&nbsp;<\/p>\n<\/div>\n<\/div>\n<\/div>\n<div class=\"x11i5rnm xat24cr x1mh8g0r x1vvkbs xtlvy1s\"><\/div>\n<div class=\"x11i5rnm xat24cr x1mh8g0r x1vvkbs xtlvy1s\"><\/div>\n<\/div>\n<\/div>\n<div class=\"x11i5rnm xat24cr x1mh8g0r x1vvkbs xtlvy1s\"><b><\/b><\/div>\n<div class=\"x11i5rnm xat24cr x1mh8g0r x1vvkbs xtlvy1s\"><b><\/b><\/div>\n<blockquote><\/blockquote>\n<div class=\"x11i5rnm xat24cr x1mh8g0r x1vvkbs xtlvy1s\"><span style=\"font-size: 14px;\"><\/span><\/div>\n<div class=\"x11i5rnm xat24cr x1mh8g0r x1vvkbs xtlvy1s\"><span style=\"font-size: 14px;\"><\/span><\/div>\n<div class=\"x11i5rnm xat24cr x1mh8g0r x1vvkbs xtlvy1s\"><span style=\"font-size: 14px;\"><\/span><\/div>\n<div class=\"x11i5rnm xat24cr x1mh8g0r x1vvkbs xtlvy1s\"><span style=\"font-size: 14px;\"><\/span><\/div>\n<p>[\/et_pb_text][\/et_pb_column][\/et_pb_row][\/et_pb_section]<\/p>\n","protected":false},"excerpt":{"rendered":"<p>M\u00e1te r\u00e1di festivaly? My ano. Rozhodli jsme se vyrazit na n\u011bkter\u00e9 z nich s na\u0161\u00edm st\u00e1nkem. Kde n\u00e1s m\u016f\u017eete potkat? \u2705V Bezru\u010dov\u00fdch sadech v Olomouci a sice v sobotu 19.7. v r\u00e1mci Vinn\u00e9ho festivalu. \u2705V Kr\u00e1l\u00edk\u00e1ch o v\u00edkendu 15.-16.8 na festivalu FortFest 2025, kter\u00fd je sou\u010d\u00e1st\u00ed velk\u00e9 akce Cihelna Fest. Na st\u00e1nku se potk\u00e1te s [&hellip;]<\/p>\n","protected":false},"author":3,"featured_media":9214,"comment_status":"closed","ping_status":"closed","sticky":false,"template":"","format":"standard","meta":{"_et_pb_use_builder":"on","_et_pb_old_content":"","_et_gb_content_width":"","footnotes":""},"categories":[1],"tags":[],"class_list":["post-9210","post","type-post","status-publish","format-standard","has-post-thumbnail","hentry","category-uncategorized-cs"],"_links":{"self":[{"href":"https:\/\/www.bunkrpraslavice.cz\/de\/wp-json\/wp\/v2\/posts\/9210","targetHints":{"allow":["GET"]}}],"collection":[{"href":"https:\/\/www.bunkrpraslavice.cz\/de\/wp-json\/wp\/v2\/posts"}],"about":[{"href":"https:\/\/www.bunkrpraslavice.cz\/de\/wp-json\/wp\/v2\/types\/post"}],"author":[{"embeddable":true,"href":"https:\/\/www.bunkrpraslavice.cz\/de\/wp-json\/wp\/v2\/users\/3"}],"replies":[{"embeddable":true,"href":"https:\/\/www.bunkrpraslavice.cz\/de\/wp-json\/wp\/v2\/comments?post=9210"}],"version-history":[{"count":0,"href":"https:\/\/www.bunkrpraslavice.cz\/de\/wp-json\/wp\/v2\/posts\/9210\/revisions"}],"wp:featuredmedia":[{"embeddable":true,"href":"https:\/\/www.bunkrpraslavice.cz\/de\/wp-json\/wp\/v2\/media\/9214"}],"wp:attachment":[{"href":"https:\/\/www.bunkrpraslavice.cz\/de\/wp-json\/wp\/v2\/media?parent=9210"}],"wp:term":[{"taxonomy":"category","embeddable":true,"href":"https:\/\/www.bunkrpraslavice.cz\/de\/wp-json\/wp\/v2\/categories?post=9210"},{"taxonomy":"post_tag","embeddable":true,"href":"https:\/\/www.bunkrpraslavice.cz\/de\/wp-json\/wp\/v2\/tags?post=9210"}],"curies":[{"name":"wp","href":"https:\/\/api.w.org\/{rel}","templated":true}]}}