{"id":9154,"date":"2025-05-28T15:24:32","date_gmt":"2025-05-28T14:24:32","guid":{"rendered":"https:\/\/www.bunkrpraslavice.cz\/?p=9154"},"modified":"2025-05-28T15:24:34","modified_gmt":"2025-05-28T14:24:34","slug":"novinka-vecerni-baterkove-prohlidky-po-cele-leto","status":"publish","type":"post","link":"https:\/\/www.bunkrpraslavice.cz\/de\/novinka-vecerni-baterkove-prohlidky-po-cele-leto\/","title":{"rendered":"NOVINKA! Ve\u010dern\u00ed baterkov\u00e9 prohl\u00eddky po cel\u00e9 l\u00e9to"},"content":{"rendered":"<p>[et_pb_section fb_built=&#8220;1&#8243; _builder_version=&#8220;4.22.2&#8243; _module_preset=&#8220;default&#8220; global_colors_info=&#8220;{}&#8220; theme_builder_area=&#8220;et_body_layout&#8220;][et_pb_row column_structure=&#8220;1_2,1_2&#8243; _builder_version=&#8220;4.23.1&#8243; _module_preset=&#8220;default&#8220; global_colors_info=&#8220;{}&#8220; theme_builder_area=&#8220;et_body_layout&#8220;][et_pb_column type=&#8220;1_2&#8243; _builder_version=&#8220;4.22.2&#8243; _module_preset=&#8220;default&#8220; global_colors_info=&#8220;{}&#8220; theme_builder_area=&#8220;et_body_layout&#8220;][et_pb_image src=&#8220;https:\/\/www.bunkrpraslavice.cz\/wp-content\/uploads\/2025\/05\/lidi-v-nerusene_prirozene-svetlo_baterky_zimni-hadry-scaled.jpg&#8220; alt=&#8220;Dny evropsk\u00e9ho d\u011bdictv\u00ed&#8220; title_text=&#8220;lidi v neru\u0161en\u00e9_p\u0159irozen\u00e9 sv\u011btlo_baterky_zimn\u00ed hadry&#8220; _builder_version=&#8220;4.27.4&#8243; _module_preset=&#8220;default&#8220; hover_enabled=&#8220;0&#8243; global_colors_info=&#8220;{}&#8220; theme_builder_area=&#8220;et_body_layout&#8220; sticky_enabled=&#8220;0&#8243;][\/et_pb_image][et_pb_image src=&#8220;https:\/\/www.bunkrpraslavice.cz\/wp-content\/uploads\/2025\/05\/Obrazek-WhatsApp-2024-12-08-v-18.06.02_4c6e436e.jpg&#8220; alt=&#8220;Noc v\u011bdc\u016f v bunkru P\u0159\u00e1slavice&#8220; title_text=&#8220;Obr\u00e1zek WhatsApp, 2024-12-08 v 18.06.02_4c6e436e&#8220; _builder_version=&#8220;4.27.4&#8243; _module_preset=&#8220;default&#8220; hover_enabled=&#8220;0&#8243; global_colors_info=&#8220;{}&#8220; theme_builder_area=&#8220;et_body_layout&#8220; sticky_enabled=&#8220;0&#8243;][\/et_pb_image][et_pb_image src=&#8220;https:\/\/www.bunkrpraslavice.cz\/wp-content\/uploads\/2025\/05\/lidi-ve-veline_s-baterkami_trochu-mazla-scaled.jpg&#8220; alt=&#8220;Noc v\u011bdc\u016f v bunkru P\u0159\u00e1slavice&#8220; title_text=&#8220;lidi ve vel\u00edn\u011b_s baterkami_trochu m\u00e1zl\u00e1&#8220; _builder_version=&#8220;4.27.4&#8243; _module_preset=&#8220;default&#8220; hover_enabled=&#8220;0&#8243; global_colors_info=&#8220;{}&#8220; theme_builder_area=&#8220;et_body_layout&#8220; sticky_enabled=&#8220;0&#8243;][\/et_pb_image][\/et_pb_column][et_pb_column type=&#8220;1_2&#8243; _builder_version=&#8220;4.22.2&#8243; _module_preset=&#8220;default&#8220; global_colors_info=&#8220;{}&#8220; theme_builder_area=&#8220;et_body_layout&#8220;][et_pb_text _builder_version=&#8220;4.27.0&#8243; _module_preset=&#8220;default&#8220; custom_padding=&#8220;26px||9px|||&#8220; global_colors_info=&#8220;{}&#8220; theme_builder_area=&#8220;et_body_layout&#8220;]<\/p>\n<div class=\"x11i5rnm xat24cr x1mh8g0r x1vvkbs xtlvy1s\"><\/div>\n<div class=\"x11i5rnm xat24cr x1mh8g0r x1vvkbs xtlvy1s\">\n<div class=\"xdj266r x11i5rnm xat24cr x1mh8g0r x1vvkbs\">\n<div class=\"xdj266r x11i5rnm xat24cr x1mh8g0r x1vvkbs\"><span data-offset-key=\"pb96-0-0\" style=\"font-size: 14px;\"><\/span><\/div>\n<div class=\"xdj266r x11i5rnm xat24cr x1mh8g0r x1vvkbs\">\n<div class=\"\" data-block=\"true\" data-editor=\"7o1r2\" data-offset-key=\"306of-0-0\">\n<div data-offset-key=\"306of-0-0\" class=\"_1mf _1mj\"><span style=\"font-size: 14px;\"><\/span><\/div>\n<div data-offset-key=\"306of-0-0\" class=\"_1mf _1mj\"><em><strong><span style=\"font-size: 14px;\"><\/span><\/strong><\/em><\/div>\n<div data-offset-key=\"306of-0-0\" class=\"_1mf _1mj\"><em><strong><span style=\"font-size: 14px;\"><\/span><\/strong><\/em><\/div>\n<div data-offset-key=\"306of-0-0\" class=\"_1mf _1mj\"><em><strong><span style=\"font-size: 14px;\"><\/span><\/strong><\/em><\/div>\n<div data-offset-key=\"306of-0-0\" class=\"_1mf _1mj\">\n<p>V dob\u011b letn\u00edch pr\u00e1zdnin, ka\u017edou druhou st\u0159edu (v\u017edy v lich\u00fd t\u00fdden) se u n\u00e1s v bunkru uskute\u010dn\u00ed <strong>Ve\u010dern\u00ed &#8222;baterkov\u00e1&#8220; prohl\u00eddka<\/strong>.<\/p>\n<p>Potrv\u00e1 <strong>90 minut<\/strong>, bude tedy o n\u011bco del\u0161\u00ed, ne\u017e je standardn\u00ed prohl\u00eddkov\u00fd okruh, ale zase krat\u0161\u00ed, ne\u017e jsou Roz\u0161\u00ed\u0159en\u00e9 VIP prohl\u00eddky pro fajn\u0161mekry. Kdy k n\u00e1m tedy m\u016f\u017eete dorazi?<\/p>\n<p>\u2705V \u010dervenci to bude 2., 16. a 30.<br \/>\u2705V srpnu 13. a 27.<\/p>\n<p>Za\u010d\u00edn\u00e1me v\u017edy v 19:00.<\/p>\n<p>Pro baterkovou prohl\u00eddku budete pot\u0159ebovat <strong>vlastn\u00ed baterku, nejl\u00e9pe \u010delovku<\/strong>. Nemus\u00edte m\u00edt obavu, nejedn\u00e1 se o stra\u0161idelnou prohl\u00eddku, ale pouze o netradi\u010dn\u011b pojatou standardn\u00ed prohl\u00eddku ve ve\u010dern\u00edch hodin\u00e1ch a v trochu jin\u00e9 atmosf\u00e9\u0159e, ne\u017e kdy\u017e sv\u00edt\u00ed sv\u011btla.<\/p>\n<p>P\u0159esto ale \u017e\u00e1d\u00e1me, abyste <strong>zv\u00e1\u017eili \u00fa\u010dast mal\u00fdch \u010di boj\u00e1cn\u00fdch d\u011bt\u00ed<\/strong>. Potemn\u011bl\u00fd bunkr je d\u011bsiv\u00fdm m\u00edstem i bez stra\u0161idel. D\u011bkujeme.<\/p>\n<p>Ve\u010dern\u00ed baterkov\u00e9 prohl\u00eddky se budou konat v dob\u011b letn\u00edch \u0161koln\u00edch pr\u00e1zdnin. M\u016f\u017eete u n\u00e1s str\u00e1vit <strong>zaj\u00edmav\u00fd ve\u010der<\/strong>, po pr\u00e1ci \u010di po v\u00fdlet\u011b, na kter\u00fd se v r\u00e1mci dovolen\u00e9 p\u0159es den vyd\u00e1te. Nav\u00edc se u n\u00e1s m\u016f\u017eete <strong>schovat p\u0159ed de\u0161t\u011bm<\/strong> nebo naopak p\u0159ed <strong>spaluj\u00edc\u00edm horkem<\/strong>. Teplota v bunkru je celoro\u010dn\u011b 18\u00b0C.\u00a0<\/p>\n<p>Ve\u010dern\u00ed baterkov\u00e9 prohl\u00eddky se konaj\u00ed <strong>za ka\u017ed\u00e9ho po\u010das\u00ed<\/strong>. V\u00edce informac\u00ed o okruhu baterkov\u00e9 prohl\u00eddky najdete<a href=\"https:\/\/www.bunkrpraslavice.cz\/moznosti-prohlidek-a-vstupne\/baterkova\/\"><strong> ZDE<\/strong><\/a>.<\/p>\n<p>Parkovat se d\u00e1 p\u0159\u00edmo v objektu. Drobn\u00e9 ob\u010derstven\u00ed a upom\u00ednkov\u00e9 p\u0159edm\u011bty m\u016f\u017eete zakoupit p\u0159ed prohl\u00eddkou v prostor\u00e1ch visitor centra.<\/p>\n<p>T\u011b\u0161\u00edme se na Va\u0161i hojnou \u00fa\u010dast. My z bunkru \u2764\ufe0f<\/p>\n<p>Vstupenky si, pros\u00edm, zakupte p\u0159edem<a href=\"https:\/\/rezervace.bunkrpraslavice.cz\/\"><strong> ZDE<\/strong><\/a>.<\/p>\n<p>&nbsp;<\/p>\n<\/div>\n<\/div>\n<\/div>\n<div class=\"x11i5rnm xat24cr x1mh8g0r x1vvkbs xtlvy1s\"><\/div>\n<div class=\"x11i5rnm xat24cr x1mh8g0r x1vvkbs xtlvy1s\"><\/div>\n<\/div>\n<\/div>\n<div class=\"x11i5rnm xat24cr x1mh8g0r x1vvkbs xtlvy1s\"><b><\/b><\/div>\n<div class=\"x11i5rnm xat24cr x1mh8g0r x1vvkbs xtlvy1s\"><b><\/b><\/div>\n<blockquote><\/blockquote>\n<div class=\"x11i5rnm xat24cr x1mh8g0r x1vvkbs xtlvy1s\"><span style=\"font-size: 14px;\"><\/span><\/div>\n<div class=\"x11i5rnm xat24cr x1mh8g0r x1vvkbs xtlvy1s\"><span style=\"font-size: 14px;\"><\/span><\/div>\n<div class=\"x11i5rnm xat24cr x1mh8g0r x1vvkbs xtlvy1s\"><span style=\"font-size: 14px;\"><\/span><\/div>\n<div class=\"x11i5rnm xat24cr x1mh8g0r x1vvkbs xtlvy1s\"><span style=\"font-size: 14px;\"><\/span><\/div>\n<p>[\/et_pb_text][\/et_pb_column][\/et_pb_row][\/et_pb_section]<\/p>\n","protected":false},"excerpt":{"rendered":"<p>V dob\u011b letn\u00edch pr\u00e1zdnin, ka\u017edou druhou st\u0159edu (v\u017edy v lich\u00fd t\u00fdden) se u n\u00e1s v bunkru uskute\u010dn\u00ed Ve\u010dern\u00ed &#8222;baterkov\u00e1&#8220; prohl\u00eddka. Potrv\u00e1 90 minut, bude tedy o n\u011bco del\u0161\u00ed, ne\u017e je standardn\u00ed prohl\u00eddkov\u00fd okruh, ale zase krat\u0161\u00ed, ne\u017e jsou Roz\u0161\u00ed\u0159en\u00e9 VIP prohl\u00eddky pro fajn\u0161mekry. Kdy k n\u00e1m tedy m\u016f\u017eete dorazi? \u2705V \u010dervenci to bude 2., 16. [&hellip;]<\/p>\n","protected":false},"author":3,"featured_media":9155,"comment_status":"closed","ping_status":"closed","sticky":false,"template":"","format":"standard","meta":{"_et_pb_use_builder":"on","_et_pb_old_content":"","_et_gb_content_width":"","footnotes":""},"categories":[1],"tags":[],"class_list":["post-9154","post","type-post","status-publish","format-standard","has-post-thumbnail","hentry","category-uncategorized-cs"],"_links":{"self":[{"href":"https:\/\/www.bunkrpraslavice.cz\/de\/wp-json\/wp\/v2\/posts\/9154","targetHints":{"allow":["GET"]}}],"collection":[{"href":"https:\/\/www.bunkrpraslavice.cz\/de\/wp-json\/wp\/v2\/posts"}],"about":[{"href":"https:\/\/www.bunkrpraslavice.cz\/de\/wp-json\/wp\/v2\/types\/post"}],"author":[{"embeddable":true,"href":"https:\/\/www.bunkrpraslavice.cz\/de\/wp-json\/wp\/v2\/users\/3"}],"replies":[{"embeddable":true,"href":"https:\/\/www.bunkrpraslavice.cz\/de\/wp-json\/wp\/v2\/comments?post=9154"}],"version-history":[{"count":0,"href":"https:\/\/www.bunkrpraslavice.cz\/de\/wp-json\/wp\/v2\/posts\/9154\/revisions"}],"wp:featuredmedia":[{"embeddable":true,"href":"https:\/\/www.bunkrpraslavice.cz\/de\/wp-json\/wp\/v2\/media\/9155"}],"wp:attachment":[{"href":"https:\/\/www.bunkrpraslavice.cz\/de\/wp-json\/wp\/v2\/media?parent=9154"}],"wp:term":[{"taxonomy":"category","embeddable":true,"href":"https:\/\/www.bunkrpraslavice.cz\/de\/wp-json\/wp\/v2\/categories?post=9154"},{"taxonomy":"post_tag","embeddable":true,"href":"https:\/\/www.bunkrpraslavice.cz\/de\/wp-json\/wp\/v2\/tags?post=9154"}],"curies":[{"name":"wp","href":"https:\/\/api.w.org\/{rel}","templated":true}]}}