{"id":8959,"date":"2025-04-15T08:44:03","date_gmt":"2025-04-15T07:44:03","guid":{"rendered":"https:\/\/www.bunkrpraslavice.cz\/?p=8959"},"modified":"2025-04-15T08:44:05","modified_gmt":"2025-04-15T07:44:05","slug":"olomoucka-muzejni-noc-v-bunkru-praslavice-2","status":"publish","type":"post","link":"https:\/\/www.bunkrpraslavice.cz\/de\/olomoucka-muzejni-noc-v-bunkru-praslavice-2\/","title":{"rendered":"Olomouck\u00e1 muzejn\u00ed noc v bunkru P\u0159\u00e1slavice"},"content":{"rendered":"<p>[et_pb_section fb_built=&#8220;1&#8243; _builder_version=&#8220;4.22.2&#8243; _module_preset=&#8220;default&#8220; global_colors_info=&#8220;{}&#8220; theme_builder_area=&#8220;et_body_layout&#8220;][et_pb_row column_structure=&#8220;1_2,1_2&#8243; _builder_version=&#8220;4.23.1&#8243; _module_preset=&#8220;default&#8220; global_colors_info=&#8220;{}&#8220; theme_builder_area=&#8220;et_body_layout&#8220;][et_pb_column type=&#8220;1_2&#8243; _builder_version=&#8220;4.22.2&#8243; _module_preset=&#8220;default&#8220; global_colors_info=&#8220;{}&#8220; theme_builder_area=&#8220;et_body_layout&#8220;][et_pb_image src=&#8220;https:\/\/www.bunkrpraslavice.cz\/wp-content\/uploads\/2025\/04\/Obrazek-WhatsApp-2024-09-11-v-12.34.56_1152f601.jpg&#8220; alt=&#8220;Dny evropsk\u00e9ho d\u011bdictv\u00ed&#8220; title_text=&#8220;Obr\u00e1zek WhatsApp, 2024-09-11 v 12.34.56_1152f601&#8243; _builder_version=&#8220;4.27.4&#8243; _module_preset=&#8220;default&#8220; hover_enabled=&#8220;0&#8243; global_colors_info=&#8220;{}&#8220; theme_builder_area=&#8220;et_body_layout&#8220; sticky_enabled=&#8220;0&#8243;][\/et_pb_image][et_pb_image src=&#8220;https:\/\/www.bunkrpraslavice.cz\/wp-content\/uploads\/2025\/04\/Martin-u-ustredny_decka.jpg&#8220; alt=&#8220;Noc v\u011bdc\u016f v bunkru P\u0159\u00e1slavice&#8220; title_text=&#8220;Martin u \u00fast\u0159edny_d\u011bcka&#8220; _builder_version=&#8220;4.27.4&#8243; _module_preset=&#8220;default&#8220; hover_enabled=&#8220;0&#8243; global_colors_info=&#8220;{}&#8220; theme_builder_area=&#8220;et_body_layout&#8220; sticky_enabled=&#8220;0&#8243;][\/et_pb_image][et_pb_image src=&#8220;https:\/\/www.bunkrpraslavice.cz\/wp-content\/uploads\/2025\/04\/Houf-decek-u-bileho-telefonu.jpg&#8220; alt=&#8220;Noc v\u011bdc\u016f v bunkru P\u0159\u00e1slavice&#8220; title_text=&#8220;Houf d\u011bcek u b\u00edl\u00e9ho telefonu&#8220; _builder_version=&#8220;4.27.4&#8243; _module_preset=&#8220;default&#8220; hover_enabled=&#8220;0&#8243; global_colors_info=&#8220;{}&#8220; theme_builder_area=&#8220;et_body_layout&#8220; sticky_enabled=&#8220;0&#8243;][\/et_pb_image][\/et_pb_column][et_pb_column type=&#8220;1_2&#8243; _builder_version=&#8220;4.22.2&#8243; _module_preset=&#8220;default&#8220; global_colors_info=&#8220;{}&#8220; theme_builder_area=&#8220;et_body_layout&#8220;][et_pb_text _builder_version=&#8220;4.27.0&#8243; _module_preset=&#8220;default&#8220; custom_padding=&#8220;26px||9px|||&#8220; global_colors_info=&#8220;{}&#8220; theme_builder_area=&#8220;et_body_layout&#8220;]<\/p>\n<div class=\"x11i5rnm xat24cr x1mh8g0r x1vvkbs xtlvy1s\"><\/div>\n<div class=\"x11i5rnm xat24cr x1mh8g0r x1vvkbs xtlvy1s\">\n<div class=\"xdj266r x11i5rnm xat24cr x1mh8g0r x1vvkbs\">\n<div class=\"xdj266r x11i5rnm xat24cr x1mh8g0r x1vvkbs\"><span data-offset-key=\"pb96-0-0\" style=\"font-size: 14px;\"><\/span><\/div>\n<div class=\"xdj266r x11i5rnm xat24cr x1mh8g0r x1vvkbs\">\n<div class=\"\" data-block=\"true\" data-editor=\"7o1r2\" data-offset-key=\"306of-0-0\">\n<div data-offset-key=\"306of-0-0\" class=\"_1mf _1mj\"><span style=\"font-size: 14px;\"><\/span><\/div>\n<div data-offset-key=\"306of-0-0\" class=\"_1mf _1mj\"><em><strong><span style=\"font-size: 14px;\"><\/span><\/strong><\/em><\/div>\n<div data-offset-key=\"306of-0-0\" class=\"_1mf _1mj\"><em><strong><span style=\"font-size: 14px;\"><\/span><\/strong><\/em><\/div>\n<div data-offset-key=\"306of-0-0\" class=\"_1mf _1mj\"><em><strong><span style=\"font-size: 14px;\"><\/span><\/strong><\/em><\/div>\n<div data-offset-key=\"306of-0-0\" class=\"_1mf _1mj\">\n<p>Zveme V\u00e1s na prohl\u00eddku bunkru P\u0159\u00e1slavice b\u011bhem <strong>Olomouck\u00e9 muzejn\u00ed noci 16. kv\u011btna od 18:00 hodin<\/strong>.<\/p>\n<p>V nab\u00eddce m\u00e1me <strong>t\u0159i komentovan\u00e9 prohl\u00eddky<\/strong>, ka\u017ed\u00e1 v d\u00e9lce trv\u00e1n\u00ed 45 minut. Za\u010d\u00edn\u00e1me v:<\/p>\n<p>\u270518:00 hodin<br \/>\u270519:30 hodin<br \/>\u270521:00 hodin<\/p>\n<p>Pro festival Olomouck\u00e1 muzejn\u00ed noc jsme p\u0159ipravili <strong>jednotn\u00e9 sn\u00ed\u017een\u00e9 vstupn\u00e9 150,- K\u010d za osobu<\/strong>.<\/p>\n<p>P\u0159ij\u010fte si prohl\u00e9dnout objekt, kter\u00fd byl dlouh\u00fdch <strong>40 let utajen<\/strong> p\u0159ed zraky ve\u0159ejnosti. Vybudovan\u00fd byl v 70.letech jako strategick\u00fd bod na telekomunika\u010dn\u00ed ose Moskva &#8211; Berl\u00edn. M\u011bl zaji\u0161\u0165ovat<strong> spojen\u00ed mezi zem\u011bmi Var\u0161avsk\u00e9 smlouvy<\/strong>.<\/p>\n<p>Je vybaven zachovalou a autentickou <strong>telekomunika\u010dn\u00ed technikou<\/strong> a dal\u0161\u00edm za\u0159\u00edzen\u00edm, kter\u00e9 bylo nezbytn\u00e9 pro chod bunkru. Kdyby vypukla jadern\u00e1 v\u00e1lka, <strong>os\u00e1dka \u010d\u00edtaj\u00edc\u00ed a\u017e 60 osob by uvnit\u0159 bunkru p\u0159e\u017eila po dobu 10 dn\u00ed<\/strong> bez nutnosti z\u00e1sahu zven\u010d\u00ed.<\/p>\n<p>Prohl\u00eddky v r\u00e1mci Olomouck\u00e9 muzejn\u00ed noci jsou vhodn\u00e9 pro v\u0161echny v\u011bkov\u00e9 kategorie n\u00e1v\u0161t\u011bvn\u00edk\u016f. Velmi mal\u00e9 d\u011bti ale rad\u011bji nechte, pros\u00edm, doma. Prohl\u00eddka by pro n\u011b mohla b\u00fdt p\u0159\u00edli\u0161 dlouh\u00e1. D\u011bkujeme za pochopen\u00ed.<\/p>\n<p>Parkovat se d\u00e1 p\u0159\u00edmo v objektu. Drobn\u00e9 ob\u010derstven\u00ed a upom\u00ednkov\u00e9 p\u0159edm\u011bty m\u016f\u017eete zakoupit p\u0159ed prohl\u00eddkou v prostor\u00e1ch visitor centra.<\/p>\n<p>T\u011b\u0161\u00edme se na Va\u0161i hojnou \u00fa\u010dast. My z bunkru \u2764\ufe0f<\/p>\n<p>Vstupenky si, pros\u00edm, zakupte p\u0159edem<a href=\"https:\/\/rezervace.bunkrpraslavice.cz\/\"><strong> ZDE<\/strong><\/a>.<\/p>\n<p>&nbsp;<\/p>\n<\/div>\n<\/div>\n<\/div>\n<div class=\"x11i5rnm xat24cr x1mh8g0r x1vvkbs xtlvy1s\"><\/div>\n<div class=\"x11i5rnm xat24cr x1mh8g0r x1vvkbs xtlvy1s\"><\/div>\n<\/div>\n<\/div>\n<div class=\"x11i5rnm xat24cr x1mh8g0r x1vvkbs xtlvy1s\"><b><\/b><\/div>\n<div class=\"x11i5rnm xat24cr x1mh8g0r x1vvkbs xtlvy1s\"><b><\/b><\/div>\n<blockquote><\/blockquote>\n<div class=\"x11i5rnm xat24cr x1mh8g0r x1vvkbs xtlvy1s\"><span style=\"font-size: 14px;\"><\/span><\/div>\n<div class=\"x11i5rnm xat24cr x1mh8g0r x1vvkbs xtlvy1s\"><span style=\"font-size: 14px;\"><\/span><\/div>\n<div class=\"x11i5rnm xat24cr x1mh8g0r x1vvkbs xtlvy1s\"><span style=\"font-size: 14px;\"><\/span><\/div>\n<div class=\"x11i5rnm xat24cr x1mh8g0r x1vvkbs xtlvy1s\"><span style=\"font-size: 14px;\"><\/span><\/div>\n<p>[\/et_pb_text][\/et_pb_column][\/et_pb_row][\/et_pb_section]<\/p>\n","protected":false},"excerpt":{"rendered":"<p>Zveme V\u00e1s na prohl\u00eddku bunkru P\u0159\u00e1slavice b\u011bhem Olomouck\u00e9 muzejn\u00ed noci 16. kv\u011btna od 18:00 hodin. V nab\u00eddce m\u00e1me t\u0159i komentovan\u00e9 prohl\u00eddky, ka\u017ed\u00e1 v d\u00e9lce trv\u00e1n\u00ed 45 minut. Za\u010d\u00edn\u00e1me v: \u270518:00 hodin\u270519:30 hodin\u270521:00 hodin Pro festival Olomouck\u00e1 muzejn\u00ed noc jsme p\u0159ipravili jednotn\u00e9 sn\u00ed\u017een\u00e9 vstupn\u00e9 150,- K\u010d za osobu. P\u0159ij\u010fte si prohl\u00e9dnout objekt, kter\u00fd byl dlouh\u00fdch 40 [&hellip;]<\/p>\n","protected":false},"author":3,"featured_media":8960,"comment_status":"closed","ping_status":"closed","sticky":false,"template":"","format":"standard","meta":{"_et_pb_use_builder":"on","_et_pb_old_content":"","_et_gb_content_width":"","footnotes":""},"categories":[1],"tags":[],"class_list":["post-8959","post","type-post","status-publish","format-standard","has-post-thumbnail","hentry","category-uncategorized-cs"],"_links":{"self":[{"href":"https:\/\/www.bunkrpraslavice.cz\/de\/wp-json\/wp\/v2\/posts\/8959","targetHints":{"allow":["GET"]}}],"collection":[{"href":"https:\/\/www.bunkrpraslavice.cz\/de\/wp-json\/wp\/v2\/posts"}],"about":[{"href":"https:\/\/www.bunkrpraslavice.cz\/de\/wp-json\/wp\/v2\/types\/post"}],"author":[{"embeddable":true,"href":"https:\/\/www.bunkrpraslavice.cz\/de\/wp-json\/wp\/v2\/users\/3"}],"replies":[{"embeddable":true,"href":"https:\/\/www.bunkrpraslavice.cz\/de\/wp-json\/wp\/v2\/comments?post=8959"}],"version-history":[{"count":0,"href":"https:\/\/www.bunkrpraslavice.cz\/de\/wp-json\/wp\/v2\/posts\/8959\/revisions"}],"wp:featuredmedia":[{"embeddable":true,"href":"https:\/\/www.bunkrpraslavice.cz\/de\/wp-json\/wp\/v2\/media\/8960"}],"wp:attachment":[{"href":"https:\/\/www.bunkrpraslavice.cz\/de\/wp-json\/wp\/v2\/media?parent=8959"}],"wp:term":[{"taxonomy":"category","embeddable":true,"href":"https:\/\/www.bunkrpraslavice.cz\/de\/wp-json\/wp\/v2\/categories?post=8959"},{"taxonomy":"post_tag","embeddable":true,"href":"https:\/\/www.bunkrpraslavice.cz\/de\/wp-json\/wp\/v2\/tags?post=8959"}],"curies":[{"name":"wp","href":"https:\/\/api.w.org\/{rel}","templated":true}]}}