{"id":8883,"date":"2025-03-11T09:54:52","date_gmt":"2025-03-11T08:54:52","guid":{"rendered":"https:\/\/www.bunkrpraslavice.cz\/?p=8883"},"modified":"2025-03-11T10:06:19","modified_gmt":"2025-03-11T09:06:19","slug":"experiment-025-temna-zazitkova-prohlidka-nove-v-nabidce","status":"publish","type":"post","link":"https:\/\/www.bunkrpraslavice.cz\/de\/experiment-025-temna-zazitkova-prohlidka-nove-v-nabidce\/","title":{"rendered":"EXPERIMENT 025&#8230; temn\u00e1 z\u00e1\u017eitkov\u00e1 prohl\u00eddka&#8230;NOV\u011a v nab\u00eddce"},"content":{"rendered":"<p>[et_pb_section fb_built=&#8220;1&#8243; _builder_version=&#8220;4.22.2&#8243; _module_preset=&#8220;default&#8220; global_colors_info=&#8220;{}&#8220; theme_builder_area=&#8220;post_content&#8220;][et_pb_row column_structure=&#8220;1_2,1_2&#8243; _builder_version=&#8220;4.23.1&#8243; _module_preset=&#8220;default&#8220; global_colors_info=&#8220;{}&#8220; theme_builder_area=&#8220;post_content&#8220;][et_pb_column type=&#8220;1_2&#8243; _builder_version=&#8220;4.22.2&#8243; _module_preset=&#8220;default&#8220; global_colors_info=&#8220;{}&#8220; theme_builder_area=&#8220;post_content&#8220;][et_pb_image src=&#8220;https:\/\/www.bunkrpraslavice.cz\/wp-content\/uploads\/2025\/03\/skupina-lidi-v-cervene-chodbe-scaled-e1741010669226.jpg&#8220; title_text=&#8220;skupina lid\u00ed v \u010derven\u00e9 chodb\u011b&#8220; _builder_version=&#8220;4.27.4&#8243; _module_preset=&#8220;default&#8220; global_colors_info=&#8220;{}&#8220; theme_builder_area=&#8220;post_content&#8220;][\/et_pb_image][et_pb_image src=&#8220;https:\/\/www.bunkrpraslavice.cz\/wp-content\/uploads\/2025\/03\/lampa-psaci-stul-telefon_vse-modre.jpg&#8220; title_text=&#8220;lampa, psac\u00ed st\u016fl, telefon_v\u0161e modr\u00e9&#8220; _builder_version=&#8220;4.27.4&#8243; _module_preset=&#8220;default&#8220; global_colors_info=&#8220;{}&#8220; theme_builder_area=&#8220;post_content&#8220;][\/et_pb_image][\/et_pb_column][et_pb_column type=&#8220;1_2&#8243; _builder_version=&#8220;4.22.2&#8243; _module_preset=&#8220;default&#8220; global_colors_info=&#8220;{}&#8220; theme_builder_area=&#8220;post_content&#8220;][et_pb_text _builder_version=&#8220;4.27.0&#8243; _module_preset=&#8220;default&#8220; custom_padding=&#8220;26px||9px|||&#8220; global_colors_info=&#8220;{}&#8220; theme_builder_area=&#8220;post_content&#8220;]<\/p>\n<div class=\"x11i5rnm xat24cr x1mh8g0r x1vvkbs xtlvy1s\"><\/div>\n<div class=\"x11i5rnm xat24cr x1mh8g0r x1vvkbs xtlvy1s\">\n<div class=\"xdj266r x11i5rnm xat24cr x1mh8g0r x1vvkbs\">\n<div class=\"xdj266r x11i5rnm xat24cr x1mh8g0r x1vvkbs\"><span data-offset-key=\"pb96-0-0\" style=\"font-size: 14px;\"><\/span><\/div>\n<div class=\"xdj266r x11i5rnm xat24cr x1mh8g0r x1vvkbs\">\n<div class=\"\" data-block=\"true\" data-editor=\"7o1r2\" data-offset-key=\"306of-0-0\">\n<div data-offset-key=\"306of-0-0\" class=\"_1mf _1mj\"><span style=\"font-size: 14px;\"><\/span><\/div>\n<div data-offset-key=\"306of-0-0\" class=\"_1mf _1mj\"><\/div>\n<div data-offset-key=\"306of-0-0\" class=\"_1mf _1mj\"><\/div>\n<div data-offset-key=\"306of-0-0\" class=\"_1mf _1mj\"><\/div>\n<div data-offset-key=\"306of-0-0\" class=\"_1mf _1mj\"><\/div>\n<div data-offset-key=\"306of-0-0\" class=\"_1mf _1mj\">\n<p><strong>\u26a1Poprv\u00e9 po 40 letech<\/strong> se skupina odv\u00e1\u017elivc\u016f pod veden\u00edm Dr. Tich\u00e9ho vyd\u00e1v\u00e1 do podzem\u00ed objektu, kde v dob\u011b studen\u00e9 v\u00e1lky prob\u00edhaly <strong>pokusy \u010deskoslovensk\u00fdch a sov\u011btsk\u00fdch v\u011bdc\u016f\u2622\ufe0f<\/strong>.<\/p>\n<p>\ud83e\udd14Co p\u0159esn\u011b se odehr\u00e1lo v roce <strong>1983<\/strong>? Poda\u0159ilo se n\u011bkomu z v\u00fdzkumn\u00e9ho t\u00fdmu <strong>zachr\u00e1nit<\/strong>? S jak\u00fdmi <strong>d\u016fsledky<\/strong>?<\/p>\n<p><strong>Premi\u00e9ra<\/strong> Experimentu 025 se odehraje <strong>21.3. od 19:00<\/strong> hodin. Bu\u010fte u toho. Fiktivn\u00ed p\u0159\u00edb\u011bh, kter\u00fd se V\u00e1m zaryje pod k\u016f\u017ei. <strong>Budete se skute\u010dn\u011b b\u00e1t<\/strong>. Na sc\u00e9n\u011b se toti\u017e objev\u00ed &#8222;\u0158ezn\u00edk&#8220;, zbloudil\u00fd voj\u00e1k i bled\u00e1 d\u00edvka Anabel. Nev\u011b\u0159\u00edte?<\/p>\n<p><strong>Novinka v na\u0161\u00ed nab\u00eddce<\/strong>. Temn\u00e1 prohl\u00eddka <strong>Experiment 025<\/strong> s prvky z\u00e1\u017eitkov\u00e9 hry.<span style=\"font-size: 14px;\"> Od <strong>b\u0159ezna 2025 pravideln\u011b<\/strong> a unik\u00e1tn\u011b pouze v bunkru P\u0159\u00e1slavice.<\/span><\/p>\n<p><strong>Vstupenky<\/strong> je nutn\u00e9 zakoupit p\u0159edem online a sice <strong><a href=\"https:\/\/rezervace.bunkrpraslavice.cz\/\">ZDE<\/a><\/strong>.<span><\/span><\/p>\n<p>\u203c\ufe0fD\u016fle\u017eit\u00e9 upozorn\u011bn\u00ed: b\u011bhem prohl\u00eddky budou pou\u017eity vizu\u00e1ln\u00ed i akustick\u00e9 efekty. Proto <strong>nen\u00ed vhodn\u00e1 pro osoby citliv\u00e9 na zvuky, sv\u011btlo, st\u00edsn\u011bn\u00e9 prostory<\/strong>.\u00a0<\/p>\n<p><strong>\ud83d\ude4fProsba<\/strong>: boj\u00e1cn\u00e9 d\u011bti nechte, pros\u00edm, doma. Prohl\u00eddka sv\u00fdm charakterem nen\u00ed vhodn\u00e1 pro men\u0161\u00ed d\u011bti a osoby trp\u00edc\u00ed \u00fazkostn\u00fdmi stavy. D\u011bkujeme.<\/p>\n<p>D\u00e9lka prohl\u00eddky je <strong>90 minut<\/strong>.<\/p>\n<p>T\u011b\u0161\u00edme se na Va\u0161i n\u00e1v\u0161t\u011bvu.<span style=\"font-size: 14px;\">\u00a0<\/span><\/p>\n<p>My z bunkru \u2764\ufe0f<\/p>\n<p><span><\/span><\/p>\n<\/div>\n<\/div>\n<\/div>\n<\/div>\n<\/div>\n<div class=\"x11i5rnm xat24cr x1mh8g0r x1vvkbs xtlvy1s\"><b><\/b><\/div>\n<div class=\"x11i5rnm xat24cr x1mh8g0r x1vvkbs xtlvy1s\"><b><\/b><\/div>\n<blockquote><\/blockquote>\n<div class=\"x11i5rnm xat24cr x1mh8g0r x1vvkbs xtlvy1s\"><span style=\"font-size: 14px;\"><\/span><\/div>\n<div class=\"x11i5rnm xat24cr x1mh8g0r x1vvkbs xtlvy1s\"><span style=\"font-size: 14px;\"><\/span><\/div>\n<div class=\"x11i5rnm xat24cr x1mh8g0r x1vvkbs xtlvy1s\"><span style=\"font-size: 14px;\"><\/span><\/div>\n<div class=\"x11i5rnm xat24cr x1mh8g0r x1vvkbs xtlvy1s\"><span style=\"font-size: 14px;\"><\/span><\/div>\n<p>[\/et_pb_text][\/et_pb_column][\/et_pb_row][\/et_pb_section]<\/p>\n","protected":false},"excerpt":{"rendered":"<p>\u26a1Poprv\u00e9 po 40 letech se skupina odv\u00e1\u017elivc\u016f pod veden\u00edm Dr. Tich\u00e9ho vyd\u00e1v\u00e1 do podzem\u00ed objektu, kde v dob\u011b studen\u00e9 v\u00e1lky prob\u00edhaly pokusy \u010deskoslovensk\u00fdch a sov\u011btsk\u00fdch v\u011bdc\u016f\u2622\ufe0f. \ud83e\udd14Co p\u0159esn\u011b se odehr\u00e1lo v roce 1983? Poda\u0159ilo se n\u011bkomu z v\u00fdzkumn\u00e9ho t\u00fdmu zachr\u00e1nit? S jak\u00fdmi d\u016fsledky? Premi\u00e9ra Experimentu 025 se odehraje 21.3. od 19:00 hodin. Bu\u010fte u toho. [&hellip;]<\/p>\n","protected":false},"author":3,"featured_media":8893,"comment_status":"closed","ping_status":"closed","sticky":false,"template":"","format":"standard","meta":{"_et_pb_use_builder":"on","_et_pb_old_content":"","_et_gb_content_width":"","footnotes":""},"categories":[1],"tags":[],"class_list":["post-8883","post","type-post","status-publish","format-standard","has-post-thumbnail","hentry","category-uncategorized-cs"],"_links":{"self":[{"href":"https:\/\/www.bunkrpraslavice.cz\/de\/wp-json\/wp\/v2\/posts\/8883","targetHints":{"allow":["GET"]}}],"collection":[{"href":"https:\/\/www.bunkrpraslavice.cz\/de\/wp-json\/wp\/v2\/posts"}],"about":[{"href":"https:\/\/www.bunkrpraslavice.cz\/de\/wp-json\/wp\/v2\/types\/post"}],"author":[{"embeddable":true,"href":"https:\/\/www.bunkrpraslavice.cz\/de\/wp-json\/wp\/v2\/users\/3"}],"replies":[{"embeddable":true,"href":"https:\/\/www.bunkrpraslavice.cz\/de\/wp-json\/wp\/v2\/comments?post=8883"}],"version-history":[{"count":0,"href":"https:\/\/www.bunkrpraslavice.cz\/de\/wp-json\/wp\/v2\/posts\/8883\/revisions"}],"wp:featuredmedia":[{"embeddable":true,"href":"https:\/\/www.bunkrpraslavice.cz\/de\/wp-json\/wp\/v2\/media\/8893"}],"wp:attachment":[{"href":"https:\/\/www.bunkrpraslavice.cz\/de\/wp-json\/wp\/v2\/media?parent=8883"}],"wp:term":[{"taxonomy":"category","embeddable":true,"href":"https:\/\/www.bunkrpraslavice.cz\/de\/wp-json\/wp\/v2\/categories?post=8883"},{"taxonomy":"post_tag","embeddable":true,"href":"https:\/\/www.bunkrpraslavice.cz\/de\/wp-json\/wp\/v2\/tags?post=8883"}],"curies":[{"name":"wp","href":"https:\/\/api.w.org\/{rel}","templated":true}]}}