{"id":8747,"date":"2025-02-10T08:32:43","date_gmt":"2025-02-10T07:32:43","guid":{"rendered":"https:\/\/www.bunkrpraslavice.cz\/?p=8747"},"modified":"2025-02-10T08:34:06","modified_gmt":"2025-02-10T07:34:06","slug":"8747-2","status":"publish","type":"post","link":"https:\/\/www.bunkrpraslavice.cz\/de\/8747-2\/","title":{"rendered":"Jar\u0148\u00e1ky v bunkru"},"content":{"rendered":"<p>[et_pb_section fb_built=&#8220;1&#8243; _builder_version=&#8220;4.22.2&#8243; _module_preset=&#8220;default&#8220; global_colors_info=&#8220;{}&#8220; theme_builder_area=&#8220;et_body_layout&#8220;][et_pb_row column_structure=&#8220;1_2,1_2&#8243; _builder_version=&#8220;4.23.1&#8243; _module_preset=&#8220;default&#8220; global_colors_info=&#8220;{}&#8220; theme_builder_area=&#8220;et_body_layout&#8220;][et_pb_column type=&#8220;1_2&#8243; _builder_version=&#8220;4.22.2&#8243; _module_preset=&#8220;default&#8220; global_colors_info=&#8220;{}&#8220; theme_builder_area=&#8220;et_body_layout&#8220;][et_pb_image src=&#8220;https:\/\/www.bunkrpraslavice.cz\/wp-content\/uploads\/2025\/02\/Jarnaky-2025_Prerov.png&#8220; alt=&#8220;Odtajn\u011bn\u00fd bunkr P\u0159\u00e1slavice a jeho prom\u011bna&#8220; title_text=&#8220;Jar\u0148\u00e1ky 2025_P\u0159erov&#8220; _builder_version=&#8220;4.27.4&#8243; _module_preset=&#8220;default&#8220; hover_enabled=&#8220;0&#8243; global_colors_info=&#8220;{}&#8220; theme_builder_area=&#8220;et_body_layout&#8220; sticky_enabled=&#8220;0&#8243;][\/et_pb_image][et_pb_image src=&#8220;https:\/\/www.bunkrpraslavice.cz\/wp-content\/uploads\/2025\/02\/Jarnaky-2025_Olomouc.png&#8220; _builder_version=&#8220;4.27.4&#8243; _module_preset=&#8220;default&#8220; theme_builder_area=&#8220;et_body_layout&#8220; hover_enabled=&#8220;0&#8243; sticky_enabled=&#8220;0&#8243; title_text=&#8220;Jar\u0148\u00e1ky 2025_Olomouc&#8220;][\/et_pb_image][\/et_pb_column][et_pb_column type=&#8220;1_2&#8243; _builder_version=&#8220;4.22.2&#8243; _module_preset=&#8220;default&#8220; global_colors_info=&#8220;{}&#8220; theme_builder_area=&#8220;et_body_layout&#8220;][et_pb_text _builder_version=&#8220;4.27.0&#8243; _module_preset=&#8220;default&#8220; custom_padding=&#8220;26px||9px|||&#8220; global_colors_info=&#8220;{}&#8220; theme_builder_area=&#8220;et_body_layout&#8220;]<\/p>\n<div class=\"x11i5rnm xat24cr x1mh8g0r x1vvkbs xtlvy1s\"><\/div>\n<div class=\"x11i5rnm xat24cr x1mh8g0r x1vvkbs xtlvy1s\">\n<div class=\"xdj266r x11i5rnm xat24cr x1mh8g0r x1vvkbs\">\n<div class=\"xdj266r x11i5rnm xat24cr x1mh8g0r x1vvkbs\"><span data-offset-key=\"pb96-0-0\" style=\"font-size: 14px;\"><\/span><\/div>\n<div class=\"xdj266r x11i5rnm xat24cr x1mh8g0r x1vvkbs\">\n<div class=\"\" data-block=\"true\" data-editor=\"7o1r2\" data-offset-key=\"306of-0-0\">\n<div data-offset-key=\"306of-0-0\" class=\"_1mf _1mj\"><span style=\"font-size: 14px;\"><\/span><\/div>\n<div data-offset-key=\"306of-0-0\" class=\"_1mf _1mj\"><\/div>\n<div data-offset-key=\"306of-0-0\" class=\"_1mf _1mj\"><\/div>\n<div data-offset-key=\"306of-0-0\" class=\"_1mf _1mj\"><\/div>\n<div data-offset-key=\"306of-0-0\" class=\"_1mf _1mj\"><\/div>\n<div data-offset-key=\"306of-0-0\" class=\"_1mf _1mj\">\n<p><span style=\"font-size: 14px;\">\u2753Nechcete, aby va\u0161e d\u011bti str\u00e1vily cel\u00e9 <strong>jar\u0148\u00e1ky<\/strong> hran\u00edm na tabletu nebo chatov\u00e1n\u00edm s um\u011blou inteligenc\u00ed?<\/span><\/p>\n<p><span style=\"font-size: 14px;\">\u2705Vezm\u011bte je na prohl\u00eddku bunkru P\u0159\u00e1slavice. B\u011bhem jarn\u00edch pr\u00e1zdnin okres\u016f <strong>P\u0159erov a Olomouc<\/strong> budeme m\u00edt otev\u0159eno. V \u00fater\u00fd a ve \u010dtvrtek, v\u017edy od 14.00 hodin.<\/span><\/p>\n<p><span>Martin se Zde\u0148kem se postaraj\u00ed, aby si od n\u00e1s d\u011bti odnesly <strong>jedine\u010dn\u00fd z\u00e1\u017eitek<\/strong>. Slibujeme, \u017ee se nebudou nudit ani ony, ani vy, jejich dosp\u011bl\u00fd doprovod.<\/span><\/p>\n<p><strong>Vstupenky<\/strong> je nutn\u00e9 zakoupit p\u0159edem online a sice <strong><a href=\"https:\/\/rezervace.bunkrpraslavice.cz\/\">ZDE<\/a><\/strong>.<span><\/span><\/p>\n<p>T\u011b\u0161\u00edme se na Va\u0161i n\u00e1v\u0161t\u011bvu.<span style=\"font-size: 14px;\">\u00a0<\/span><\/p>\n<p>My z bunkru \u2764\ufe0f<\/p>\n<p><span><\/span><\/p>\n<\/div>\n<\/div>\n<\/div>\n<\/div>\n<\/div>\n<div class=\"x11i5rnm xat24cr x1mh8g0r x1vvkbs xtlvy1s\"><b><\/b><\/div>\n<div class=\"x11i5rnm xat24cr x1mh8g0r x1vvkbs xtlvy1s\"><b><\/b><\/div>\n<blockquote><\/blockquote>\n<div class=\"x11i5rnm xat24cr x1mh8g0r x1vvkbs xtlvy1s\"><span style=\"font-size: 14px;\"><\/span><\/div>\n<div class=\"x11i5rnm xat24cr x1mh8g0r x1vvkbs xtlvy1s\"><span style=\"font-size: 14px;\"><\/span><\/div>\n<div class=\"x11i5rnm xat24cr x1mh8g0r x1vvkbs xtlvy1s\"><span style=\"font-size: 14px;\"><\/span><\/div>\n<div class=\"x11i5rnm xat24cr x1mh8g0r x1vvkbs xtlvy1s\"><span style=\"font-size: 14px;\"><\/span><\/div>\n<p>[\/et_pb_text][\/et_pb_column][\/et_pb_row][\/et_pb_section]<\/p>\n","protected":false},"excerpt":{"rendered":"<p>\u2753Nechcete, aby va\u0161e d\u011bti str\u00e1vily cel\u00e9 jar\u0148\u00e1ky hran\u00edm na tabletu nebo chatov\u00e1n\u00edm s um\u011blou inteligenc\u00ed? \u2705Vezm\u011bte je na prohl\u00eddku bunkru P\u0159\u00e1slavice. B\u011bhem jarn\u00edch pr\u00e1zdnin okres\u016f P\u0159erov a Olomouc budeme m\u00edt otev\u0159eno. V \u00fater\u00fd a ve \u010dtvrtek, v\u017edy od 14.00 hodin. Martin se Zde\u0148kem se postaraj\u00ed, aby si od n\u00e1s d\u011bti odnesly jedine\u010dn\u00fd z\u00e1\u017eitek. Slibujeme, \u017ee [&hellip;]<\/p>\n","protected":false},"author":3,"featured_media":8753,"comment_status":"closed","ping_status":"closed","sticky":false,"template":"","format":"standard","meta":{"_et_pb_use_builder":"on","_et_pb_old_content":"","_et_gb_content_width":"","footnotes":""},"categories":[1],"tags":[],"class_list":["post-8747","post","type-post","status-publish","format-standard","has-post-thumbnail","hentry","category-uncategorized-cs"],"_links":{"self":[{"href":"https:\/\/www.bunkrpraslavice.cz\/de\/wp-json\/wp\/v2\/posts\/8747","targetHints":{"allow":["GET"]}}],"collection":[{"href":"https:\/\/www.bunkrpraslavice.cz\/de\/wp-json\/wp\/v2\/posts"}],"about":[{"href":"https:\/\/www.bunkrpraslavice.cz\/de\/wp-json\/wp\/v2\/types\/post"}],"author":[{"embeddable":true,"href":"https:\/\/www.bunkrpraslavice.cz\/de\/wp-json\/wp\/v2\/users\/3"}],"replies":[{"embeddable":true,"href":"https:\/\/www.bunkrpraslavice.cz\/de\/wp-json\/wp\/v2\/comments?post=8747"}],"version-history":[{"count":0,"href":"https:\/\/www.bunkrpraslavice.cz\/de\/wp-json\/wp\/v2\/posts\/8747\/revisions"}],"wp:featuredmedia":[{"embeddable":true,"href":"https:\/\/www.bunkrpraslavice.cz\/de\/wp-json\/wp\/v2\/media\/8753"}],"wp:attachment":[{"href":"https:\/\/www.bunkrpraslavice.cz\/de\/wp-json\/wp\/v2\/media?parent=8747"}],"wp:term":[{"taxonomy":"category","embeddable":true,"href":"https:\/\/www.bunkrpraslavice.cz\/de\/wp-json\/wp\/v2\/categories?post=8747"},{"taxonomy":"post_tag","embeddable":true,"href":"https:\/\/www.bunkrpraslavice.cz\/de\/wp-json\/wp\/v2\/tags?post=8747"}],"curies":[{"name":"wp","href":"https:\/\/api.w.org\/{rel}","templated":true}]}}